{"id":1392,"date":"2015-02-28T18:52:41","date_gmt":"2015-02-28T16:52:41","guid":{"rendered":"http:\/\/blogs.lyceecfadumene.fr\/tyanheol\/?p=1392"},"modified":"2015-03-01T13:40:30","modified_gmt":"2015-03-01T11:40:30","slug":"mon-lycee-lieux-de-vies-lieux-denvies","status":"publish","type":"post","link":"https:\/\/blogs.lyceecfadumene.fr\/tyanheol\/2015\/02\/28\/mon-lycee-lieux-de-vies-lieux-denvies\/","title":{"rendered":"Mon Lyc\u00e9e : Lieu(x) de vie(s), Lieu(x) d&rsquo;envie(s)"},"content":{"rendered":"<p><strong>D<\/strong>ans le cadre d&rsquo;une r\u00e9flexion r\u00e9gionale de tous les Lyc\u00e9es Agricoles Publics de Bretagne, initi\u00e9e par les r\u00e9seaux r\u00e9gionaux ESC et CPE, le Lyc\u00e9e du Men\u00e9 a engag\u00e9 un gros chantier de r\u00e9novation et de r\u00e9appropriation des lieux de vie, \u00e0 commencer par le Foyer des \u00e9l\u00e8ves. Les travaux\u00a0ont commenc\u00e9 gr\u00e2ce \u00e0 de nombreux adh\u00e9rents volontaires pour rafra\u00eechir les murs et le mobilier, avec une vraie r\u00e9flexion de fond sur l&rsquo;agencement, l&rsquo;ambiance, le choix des mat\u00e9riaux et des coloris. Un artiste professionnel sera m\u00eame associ\u00e9 pour donner sa touche finale et apporter son originalit\u00e9.<\/p>\n<p><span class=\"embed-youtube\" style=\"text-align:center; display: block;\"><iframe loading=\"lazy\" class=\"youtube-player\" width=\"604\" height=\"340\" src=\"https:\/\/www.youtube.com\/embed\/9cY_e6gmzfY?version=3&#038;rel=1&#038;showsearch=0&#038;showinfo=1&#038;iv_load_policy=1&#038;fs=1&#038;hl=fr-FR&#038;autohide=2&#038;wmode=transparent\" allowfullscreen=\"true\" style=\"border:0;\" sandbox=\"allow-scripts allow-same-origin allow-popups allow-presentation allow-popups-to-escape-sandbox\"><\/iframe><\/span><\/p>\n<p><strong>P<\/strong>arall\u00e8lement, d&rsquo;autres \u00e9l\u00e8ves ont r\u00e9fl\u00e9chi \u00e0 la question de la r\u00e9appropriation des lieux de vie pour en faire des lieux d&rsquo;envie, comme les b\u00e2timents de l&rsquo;internat, l&rsquo;am\u00e9nagement des lieux de passage comme les couloirs et les murs d&rsquo;exposition, ou les espaces ext\u00e9rieurs.<\/p>\n<p><a href=\"https:\/\/i0.wp.com\/blogs.lyceecfadumene.fr\/tyanheol\/files\/2015\/02\/SAM_4348.jpg?ssl=1\"><img data-recalc-dims=\"1\" loading=\"lazy\" decoding=\"async\" data-attachment-id=\"1396\" data-permalink=\"https:\/\/blogs.lyceecfadumene.fr\/tyanheol\/2015\/02\/28\/mon-lycee-lieux-de-vies-lieux-denvies\/sam_4348\/\" data-orig-file=\"https:\/\/i0.wp.com\/blogs.lyceecfadumene.fr\/tyanheol\/files\/2015\/02\/SAM_4348.jpg?fit=4320%2C2880&amp;ssl=1\" data-orig-size=\"4320,2880\" data-comments-opened=\"1\" data-image-meta=\"{&quot;aperture&quot;:&quot;3.3&quot;,&quot;credit&quot;:&quot;&quot;,&quot;camera&quot;:&quot;SAMSUNG PL120,PL121 \/ VLUU PL120,PL121&quot;,&quot;caption&quot;:&quot;&quot;,&quot;created_timestamp&quot;:&quot;1425046152&quot;,&quot;copyright&quot;:&quot;COPYRIGHT, 2011&quot;,&quot;focal_length&quot;:&quot;4.9&quot;,&quot;iso&quot;:&quot;80&quot;,&quot;shutter_speed&quot;:&quot;0.002&quot;,&quot;title&quot;:&quot;&quot;,&quot;orientation&quot;:&quot;1&quot;}\" data-image-title=\"SAM_4348\" data-image-description=\"\" data-image-caption=\"\" data-large-file=\"https:\/\/i0.wp.com\/blogs.lyceecfadumene.fr\/tyanheol\/files\/2015\/02\/SAM_4348.jpg?fit=604%2C403&amp;ssl=1\" class=\" size-medium wp-image-1396 aligncenter\" src=\"https:\/\/i0.wp.com\/blogs.lyceecfadumene.fr\/tyanheol\/files\/2015\/02\/SAM_4348-300x200.jpg?resize=300%2C200&#038;ssl=1\" alt=\"SAM_4348\" width=\"300\" height=\"200\" srcset=\"https:\/\/i0.wp.com\/blogs.lyceecfadumene.fr\/tyanheol\/files\/2015\/02\/SAM_4348.jpg?resize=300%2C200&amp;ssl=1 300w, https:\/\/i0.wp.com\/blogs.lyceecfadumene.fr\/tyanheol\/files\/2015\/02\/SAM_4348.jpg?resize=1024%2C683&amp;ssl=1 1024w, https:\/\/i0.wp.com\/blogs.lyceecfadumene.fr\/tyanheol\/files\/2015\/02\/SAM_4348.jpg?resize=450%2C300&amp;ssl=1 450w, https:\/\/i0.wp.com\/blogs.lyceecfadumene.fr\/tyanheol\/files\/2015\/02\/SAM_4348.jpg?w=1208 1208w, https:\/\/i0.wp.com\/blogs.lyceecfadumene.fr\/tyanheol\/files\/2015\/02\/SAM_4348.jpg?w=1812 1812w\" sizes=\"auto, (max-width: 300px) 100vw, 300px\" \/><\/a><\/p>\n<p><a href=\"https:\/\/i0.wp.com\/blogs.lyceecfadumene.fr\/tyanheol\/files\/2015\/02\/SAM_4349.jpg?ssl=1\"><img data-recalc-dims=\"1\" loading=\"lazy\" decoding=\"async\" data-attachment-id=\"1394\" data-permalink=\"https:\/\/blogs.lyceecfadumene.fr\/tyanheol\/2015\/02\/28\/mon-lycee-lieux-de-vies-lieux-denvies\/sam_4349\/\" data-orig-file=\"https:\/\/i0.wp.com\/blogs.lyceecfadumene.fr\/tyanheol\/files\/2015\/02\/SAM_4349.jpg?fit=4320%2C2880&amp;ssl=1\" data-orig-size=\"4320,2880\" data-comments-opened=\"1\" data-image-meta=\"{&quot;aperture&quot;:&quot;3.3&quot;,&quot;credit&quot;:&quot;&quot;,&quot;camera&quot;:&quot;SAMSUNG PL120,PL121 \/ VLUU PL120,PL121&quot;,&quot;caption&quot;:&quot;&quot;,&quot;created_timestamp&quot;:&quot;1425046179&quot;,&quot;copyright&quot;:&quot;COPYRIGHT, 2011&quot;,&quot;focal_length&quot;:&quot;4.9&quot;,&quot;iso&quot;:&quot;80&quot;,&quot;shutter_speed&quot;:&quot;0.004&quot;,&quot;title&quot;:&quot;&quot;,&quot;orientation&quot;:&quot;1&quot;}\" data-image-title=\"SAM_4349\" data-image-description=\"\" data-image-caption=\"\" data-large-file=\"https:\/\/i0.wp.com\/blogs.lyceecfadumene.fr\/tyanheol\/files\/2015\/02\/SAM_4349.jpg?fit=604%2C403&amp;ssl=1\" class=\" size-medium wp-image-1394 aligncenter\" src=\"https:\/\/i0.wp.com\/blogs.lyceecfadumene.fr\/tyanheol\/files\/2015\/02\/SAM_4349-300x200.jpg?resize=300%2C200&#038;ssl=1\" alt=\"SAM_4349\" width=\"300\" height=\"200\" srcset=\"https:\/\/i0.wp.com\/blogs.lyceecfadumene.fr\/tyanheol\/files\/2015\/02\/SAM_4349.jpg?resize=300%2C200&amp;ssl=1 300w, https:\/\/i0.wp.com\/blogs.lyceecfadumene.fr\/tyanheol\/files\/2015\/02\/SAM_4349.jpg?resize=1024%2C683&amp;ssl=1 1024w, https:\/\/i0.wp.com\/blogs.lyceecfadumene.fr\/tyanheol\/files\/2015\/02\/SAM_4349.jpg?resize=450%2C300&amp;ssl=1 450w, https:\/\/i0.wp.com\/blogs.lyceecfadumene.fr\/tyanheol\/files\/2015\/02\/SAM_4349.jpg?w=1208 1208w, https:\/\/i0.wp.com\/blogs.lyceecfadumene.fr\/tyanheol\/files\/2015\/02\/SAM_4349.jpg?w=1812 1812w\" sizes=\"auto, (max-width: 300px) 100vw, 300px\" \/><\/a><a href=\"https:\/\/i0.wp.com\/blogs.lyceecfadumene.fr\/tyanheol\/files\/2015\/02\/SAM_4345.jpg?ssl=1\"><img data-recalc-dims=\"1\" loading=\"lazy\" decoding=\"async\" data-attachment-id=\"1395\" data-permalink=\"https:\/\/blogs.lyceecfadumene.fr\/tyanheol\/2015\/02\/28\/mon-lycee-lieux-de-vies-lieux-denvies\/sam_4345\/\" data-orig-file=\"https:\/\/i0.wp.com\/blogs.lyceecfadumene.fr\/tyanheol\/files\/2015\/02\/SAM_4345.jpg?fit=4320%2C2880&amp;ssl=1\" data-orig-size=\"4320,2880\" data-comments-opened=\"1\" data-image-meta=\"{&quot;aperture&quot;:&quot;3.3&quot;,&quot;credit&quot;:&quot;&quot;,&quot;camera&quot;:&quot;SAMSUNG PL120,PL121 \/ VLUU PL120,PL121&quot;,&quot;caption&quot;:&quot;&quot;,&quot;created_timestamp&quot;:&quot;1425046101&quot;,&quot;copyright&quot;:&quot;COPYRIGHT, 2011&quot;,&quot;focal_length&quot;:&quot;4.9&quot;,&quot;iso&quot;:&quot;80&quot;,&quot;shutter_speed&quot;:&quot;0.004&quot;,&quot;title&quot;:&quot;&quot;,&quot;orientation&quot;:&quot;1&quot;}\" data-image-title=\"SAM_4345\" data-image-description=\"\" data-image-caption=\"\" data-large-file=\"https:\/\/i0.wp.com\/blogs.lyceecfadumene.fr\/tyanheol\/files\/2015\/02\/SAM_4345.jpg?fit=604%2C403&amp;ssl=1\" class=\" size-medium wp-image-1395 aligncenter\" src=\"https:\/\/i0.wp.com\/blogs.lyceecfadumene.fr\/tyanheol\/files\/2015\/02\/SAM_4345-300x200.jpg?resize=300%2C200&#038;ssl=1\" alt=\"SAM_4345\" width=\"300\" height=\"200\" srcset=\"https:\/\/i0.wp.com\/blogs.lyceecfadumene.fr\/tyanheol\/files\/2015\/02\/SAM_4345.jpg?resize=300%2C200&amp;ssl=1 300w, https:\/\/i0.wp.com\/blogs.lyceecfadumene.fr\/tyanheol\/files\/2015\/02\/SAM_4345.jpg?resize=1024%2C683&amp;ssl=1 1024w, https:\/\/i0.wp.com\/blogs.lyceecfadumene.fr\/tyanheol\/files\/2015\/02\/SAM_4345.jpg?resize=450%2C300&amp;ssl=1 450w, https:\/\/i0.wp.com\/blogs.lyceecfadumene.fr\/tyanheol\/files\/2015\/02\/SAM_4345.jpg?w=1208 1208w, https:\/\/i0.wp.com\/blogs.lyceecfadumene.fr\/tyanheol\/files\/2015\/02\/SAM_4345.jpg?w=1812 1812w\" sizes=\"auto, (max-width: 300px) 100vw, 300px\" \/><\/a><\/p>\n<p><strong>E<\/strong>nfin, \u00e0 mi-parcours de cette r\u00e9flexion, voici le r\u00e9sultat de la perception des \u00e9l\u00e8ves quant \u00e0 leur v\u00e9cu et leurs attentes :<\/p>\n<p><a href=\"https:\/\/i0.wp.com\/blogs.lyceecfadumene.fr\/tyanheol\/files\/2015\/02\/Perceptions.jpg?ssl=1\"><img data-recalc-dims=\"1\" loading=\"lazy\" decoding=\"async\" data-attachment-id=\"1393\" data-permalink=\"https:\/\/blogs.lyceecfadumene.fr\/tyanheol\/2015\/02\/28\/mon-lycee-lieux-de-vies-lieux-denvies\/perceptions\/\" data-orig-file=\"https:\/\/i0.wp.com\/blogs.lyceecfadumene.fr\/tyanheol\/files\/2015\/02\/Perceptions.jpg?fit=818%2C990&amp;ssl=1\" data-orig-size=\"818,990\" data-comments-opened=\"1\" data-image-meta=\"{&quot;aperture&quot;:&quot;0&quot;,&quot;credit&quot;:&quot;&quot;,&quot;camera&quot;:&quot;&quot;,&quot;caption&quot;:&quot;&quot;,&quot;created_timestamp&quot;:&quot;0&quot;,&quot;copyright&quot;:&quot;&quot;,&quot;focal_length&quot;:&quot;0&quot;,&quot;iso&quot;:&quot;0&quot;,&quot;shutter_speed&quot;:&quot;0&quot;,&quot;title&quot;:&quot;&quot;,&quot;orientation&quot;:&quot;0&quot;}\" data-image-title=\"Perceptions\" data-image-description=\"\" data-image-caption=\"\" data-large-file=\"https:\/\/i0.wp.com\/blogs.lyceecfadumene.fr\/tyanheol\/files\/2015\/02\/Perceptions.jpg?fit=604%2C731&amp;ssl=1\" class=\" size-medium wp-image-1393 aligncenter\" src=\"https:\/\/i0.wp.com\/blogs.lyceecfadumene.fr\/tyanheol\/files\/2015\/02\/Perceptions-248x300.jpg?resize=248%2C300&#038;ssl=1\" alt=\"Perceptions\" width=\"248\" height=\"300\" srcset=\"https:\/\/i0.wp.com\/blogs.lyceecfadumene.fr\/tyanheol\/files\/2015\/02\/Perceptions.jpg?resize=248%2C300&amp;ssl=1 248w, https:\/\/i0.wp.com\/blogs.lyceecfadumene.fr\/tyanheol\/files\/2015\/02\/Perceptions.jpg?w=818&amp;ssl=1 818w\" sizes=\"auto, (max-width: 248px) 100vw, 248px\" \/><\/a><\/p>\n","protected":false},"excerpt":{"rendered":"<p>Dans le cadre d&rsquo;une r\u00e9flexion r\u00e9gionale de tous les Lyc\u00e9es Agricoles Publics de Bretagne, initi\u00e9e par les r\u00e9seaux r\u00e9gionaux ESC et CPE, le Lyc\u00e9e du Men\u00e9 a engag\u00e9 un gros chantier de r\u00e9novation et de r\u00e9appropriation des lieux de vie, \u00e0 commencer par le Foyer des \u00e9l\u00e8ves. Les travaux\u00a0ont commenc\u00e9 gr\u00e2ce \u00e0 de nombreux adh\u00e9rents &hellip; <a href=\"https:\/\/blogs.lyceecfadumene.fr\/tyanheol\/2015\/02\/28\/mon-lycee-lieux-de-vies-lieux-denvies\/\" class=\"more-link\">Continuer la lecture de <span class=\"screen-reader-text\">Mon Lyc\u00e9e : Lieu(x) de vie(s), Lieu(x) d&rsquo;envie(s)<\/span> <span class=\"meta-nav\">&rarr;<\/span><\/a><\/p>\n","protected":false},"author":97,"featured_media":1397,"comment_status":"open","ping_status":"open","sticky":false,"template":"","format":"standard","meta":{"_jetpack_memberships_contains_paid_content":false,"footnotes":"","jetpack_publicize_message":"","jetpack_publicize_feature_enabled":true,"jetpack_social_post_already_shared":true,"jetpack_social_options":{"image_generator_settings":{"template":"highway","default_image_id":0,"font":"","enabled":false},"version":2}},"categories":[1,314],"tags":[9190,8236,4,6,9199,7282,3643],"class_list":["post-1392","post","type-post","status-publish","format-standard","has-post-thumbnail","hentry","category-non-classe","category-videos","tag-activites","tag-foyer","tag-lycee","tag-merdrignac","tag-recherche","tag-reponses","tag-ty-an-heol"],"aioseo_notices":[],"jetpack_publicize_connections":[],"jetpack_featured_media_url":"https:\/\/i0.wp.com\/blogs.lyceecfadumene.fr\/tyanheol\/files\/2015\/02\/Foyer-1.jpg?fit=1368%2C768&ssl=1","jetpack_shortlink":"https:\/\/wp.me\/p1SrOO-ms","jetpack_sharing_enabled":true,"_links":{"self":[{"href":"https:\/\/blogs.lyceecfadumene.fr\/tyanheol\/wp-json\/wp\/v2\/posts\/1392","targetHints":{"allow":["GET"]}}],"collection":[{"href":"https:\/\/blogs.lyceecfadumene.fr\/tyanheol\/wp-json\/wp\/v2\/posts"}],"about":[{"href":"https:\/\/blogs.lyceecfadumene.fr\/tyanheol\/wp-json\/wp\/v2\/types\/post"}],"author":[{"embeddable":true,"href":"https:\/\/blogs.lyceecfadumene.fr\/tyanheol\/wp-json\/wp\/v2\/users\/97"}],"replies":[{"embeddable":true,"href":"https:\/\/blogs.lyceecfadumene.fr\/tyanheol\/wp-json\/wp\/v2\/comments?post=1392"}],"version-history":[{"count":0,"href":"https:\/\/blogs.lyceecfadumene.fr\/tyanheol\/wp-json\/wp\/v2\/posts\/1392\/revisions"}],"wp:featuredmedia":[{"embeddable":true,"href":"https:\/\/blogs.lyceecfadumene.fr\/tyanheol\/wp-json\/wp\/v2\/media\/1397"}],"wp:attachment":[{"href":"https:\/\/blogs.lyceecfadumene.fr\/tyanheol\/wp-json\/wp\/v2\/media?parent=1392"}],"wp:term":[{"taxonomy":"category","embeddable":true,"href":"https:\/\/blogs.lyceecfadumene.fr\/tyanheol\/wp-json\/wp\/v2\/categories?post=1392"},{"taxonomy":"post_tag","embeddable":true,"href":"https:\/\/blogs.lyceecfadumene.fr\/tyanheol\/wp-json\/wp\/v2\/tags?post=1392"}],"curies":[{"name":"wp","href":"https:\/\/api.w.org\/{rel}","templated":true}]}}