{"id":1380,"date":"2015-01-09T14:56:56","date_gmt":"2015-01-09T12:56:56","guid":{"rendered":"http:\/\/blogs.lyceecfadumene.fr\/tyanheol\/?p=1380"},"modified":"2022-04-03T17:55:08","modified_gmt":"2022-04-03T15:55:08","slug":"spectacle-en-duo-au-lycee-un-detonnant-double-jeu-pour-un-double-je","status":"publish","type":"post","link":"https:\/\/blogs.lyceecfadumene.fr\/tyanheol\/2015\/01\/09\/spectacle-en-duo-au-lycee-un-detonnant-double-jeu-pour-un-double-je\/","title":{"rendered":"Spectacle en duo au Lyc\u00e9e : un d\u00e9tonnant double JEU pour un double \u00ab\u00a0JE\u00a0\u00bb"},"content":{"rendered":"<p><a href=\"https:\/\/i0.wp.com\/blogs.lyceecfadumene.fr\/tyanheol\/files\/2015\/01\/fiche.png?ssl=1\"><img data-recalc-dims=\"1\" loading=\"lazy\" decoding=\"async\" data-attachment-id=\"1381\" data-permalink=\"https:\/\/blogs.lyceecfadumene.fr\/tyanheol\/2015\/01\/09\/spectacle-en-duo-au-lycee-un-detonnant-double-jeu-pour-un-double-je\/fiche\/\" data-orig-file=\"https:\/\/i0.wp.com\/blogs.lyceecfadumene.fr\/tyanheol\/files\/2015\/01\/fiche.png?fit=395%2C354&amp;ssl=1\" data-orig-size=\"395,354\" data-comments-opened=\"1\" data-image-meta=\"{&quot;aperture&quot;:&quot;0&quot;,&quot;credit&quot;:&quot;&quot;,&quot;camera&quot;:&quot;&quot;,&quot;caption&quot;:&quot;&quot;,&quot;created_timestamp&quot;:&quot;0&quot;,&quot;copyright&quot;:&quot;&quot;,&quot;focal_length&quot;:&quot;0&quot;,&quot;iso&quot;:&quot;0&quot;,&quot;shutter_speed&quot;:&quot;0&quot;,&quot;title&quot;:&quot;&quot;,&quot;orientation&quot;:&quot;0&quot;}\" data-image-title=\"fiche\" data-image-description=\"\" data-image-caption=\"\" data-large-file=\"https:\/\/i0.wp.com\/blogs.lyceecfadumene.fr\/tyanheol\/files\/2015\/01\/fiche.png?fit=395%2C354&amp;ssl=1\" class=\"alignnone size-medium wp-image-1381\" src=\"https:\/\/i0.wp.com\/blogs.lyceecfadumene.fr\/tyanheol\/files\/2015\/01\/fiche-300x269.png?resize=300%2C269&#038;ssl=1\" alt=\"fiche\" width=\"300\" height=\"269\" srcset=\"https:\/\/i0.wp.com\/blogs.lyceecfadumene.fr\/tyanheol\/files\/2015\/01\/fiche.png?resize=300%2C269&amp;ssl=1 300w, https:\/\/i0.wp.com\/blogs.lyceecfadumene.fr\/tyanheol\/files\/2015\/01\/fiche.png?resize=335%2C300&amp;ssl=1 335w, https:\/\/i0.wp.com\/blogs.lyceecfadumene.fr\/tyanheol\/files\/2015\/01\/fiche.png?w=395&amp;ssl=1 395w\" sizes=\"auto, (max-width: 300px) 100vw, 300px\" \/><\/a><\/p>\n<p>Pr\u00e8s de 80 personnes sont venus accueillir les deux com\u00e9diennes jeudi 8 janvier 2015, pour un spectacle \u00e0 la mise en sc\u00e8ne d\u00e9capante et au texte incisif, o\u00f9 les enfants sont vendus pour entretenir leur famille, et o\u00f9 les enfants \u00e0 leur tour vendent leurs parents pour se faire de l&rsquo;argent de poche&#8230;<\/p>\n<h1>Ma Famille<\/h1>\n<p align=\"left\">de Carlos Liscano<\/p>\n<p><img data-recalc-dims=\"1\" decoding=\"async\" class=\"alignleft\" title=\"\" src=\"https:\/\/i0.wp.com\/compagniekf.free.fr\/img\/mafamille_large.jpg?w=604\" alt=\"\" \/><\/p>\n<h3 align=\"left\">Spectacle \u00e0 2 voix avec les com\u00e9diennes <strong>Camille Kerdellant et Rozenn Fournier<\/strong> sous le regard bienveillant de Micha\u00ebl Egard<\/h3>\n<p align=\"justify\">Dro\u0302le, cruel et critique.<br \/>\n&lsquo;Ma famille&rsquo; de Carlos Liscano est une tragi-come\u0301die familiale contemporaine dont le sujet central est \u00ab la place de l\u2019enfant dans un monde d\u2019adulte \u00bb. Le regard innocent de l\u2019enfant, victime de la cupidite\u0301 et de l\u2019injustice du monde, ne parai\u0302t en aucun cas affecte\u0301. L\u2019adresse directe des narratrices et la frontalite\u0301 du jeu face au public, affirment une brutalite\u0301 de fac\u0327on comique. &lsquo;Ma Famille&rsquo; est une description guignolesque d\u2019un monde qui ressemble de pre\u0300s ou de loin a\u0300 notre univers quotidien. C\u2019est une critique, celle du pouvoir de la socie\u0301te\u0301 marchande et capitaliste qui fragilise la famille.<\/p>\n<h3>Texte traduit de l\u2019espagnol par Fran\u00e7oise Thanas<br \/>\n\u00c9ditions Th\u00e9\u00e2trales &#8211; 2001.<\/h3>\n<p><a href=\"http:\/\/compagniekf.free.fr\/mafamille_video.html\">http:\/\/compagniekf.free.fr\/mafamille_video.html<\/a><\/p>\n","protected":false},"excerpt":{"rendered":"<p>Pr\u00e8s de 80 personnes sont venus accueillir les deux com\u00e9diennes jeudi 8 janvier 2015, pour un spectacle \u00e0 la mise en sc\u00e8ne d\u00e9capante et au texte incisif, o\u00f9 les enfants sont vendus pour entretenir leur famille, et o\u00f9 les enfants \u00e0 leur tour vendent leurs parents pour se faire de l&rsquo;argent de poche&#8230; Ma Famille &hellip; <a href=\"https:\/\/blogs.lyceecfadumene.fr\/tyanheol\/2015\/01\/09\/spectacle-en-duo-au-lycee-un-detonnant-double-jeu-pour-un-double-je\/\" class=\"more-link\">Continuer la lecture de <span class=\"screen-reader-text\">Spectacle en duo au Lyc\u00e9e : un d\u00e9tonnant double JEU pour un double \u00ab\u00a0JE\u00a0\u00bb<\/span> <span class=\"meta-nav\">&rarr;<\/span><\/a><\/p>\n","protected":false},"author":97,"featured_media":0,"comment_status":"open","ping_status":"open","sticky":false,"template":"","format":"standard","meta":{"_jetpack_memberships_contains_paid_content":false,"footnotes":"","jetpack_publicize_message":"","jetpack_publicize_feature_enabled":true,"jetpack_social_post_already_shared":true,"jetpack_social_options":{"image_generator_settings":{"template":"highway","default_image_id":0,"font":"","enabled":false},"version":2}},"categories":[5680,29432],"tags":[9190,9188,8236,4,6,25461],"class_list":["post-1380","post","type-post","status-publish","format-standard","hentry","category-theatre","category-video2","tag-activites","tag-comedie","tag-foyer","tag-lycee","tag-merdrignac","tag-theatre"],"aioseo_notices":[],"jetpack_publicize_connections":[],"jetpack_featured_media_url":"","jetpack_shortlink":"https:\/\/wp.me\/p1SrOO-mg","jetpack_sharing_enabled":true,"_links":{"self":[{"href":"https:\/\/blogs.lyceecfadumene.fr\/tyanheol\/wp-json\/wp\/v2\/posts\/1380","targetHints":{"allow":["GET"]}}],"collection":[{"href":"https:\/\/blogs.lyceecfadumene.fr\/tyanheol\/wp-json\/wp\/v2\/posts"}],"about":[{"href":"https:\/\/blogs.lyceecfadumene.fr\/tyanheol\/wp-json\/wp\/v2\/types\/post"}],"author":[{"embeddable":true,"href":"https:\/\/blogs.lyceecfadumene.fr\/tyanheol\/wp-json\/wp\/v2\/users\/97"}],"replies":[{"embeddable":true,"href":"https:\/\/blogs.lyceecfadumene.fr\/tyanheol\/wp-json\/wp\/v2\/comments?post=1380"}],"version-history":[{"count":1,"href":"https:\/\/blogs.lyceecfadumene.fr\/tyanheol\/wp-json\/wp\/v2\/posts\/1380\/revisions"}],"predecessor-version":[{"id":3223,"href":"https:\/\/blogs.lyceecfadumene.fr\/tyanheol\/wp-json\/wp\/v2\/posts\/1380\/revisions\/3223"}],"wp:attachment":[{"href":"https:\/\/blogs.lyceecfadumene.fr\/tyanheol\/wp-json\/wp\/v2\/media?parent=1380"}],"wp:term":[{"taxonomy":"category","embeddable":true,"href":"https:\/\/blogs.lyceecfadumene.fr\/tyanheol\/wp-json\/wp\/v2\/categories?post=1380"},{"taxonomy":"post_tag","embeddable":true,"href":"https:\/\/blogs.lyceecfadumene.fr\/tyanheol\/wp-json\/wp\/v2\/tags?post=1380"}],"curies":[{"name":"wp","href":"https:\/\/api.w.org\/{rel}","templated":true}]}}