{"id":1377,"date":"2015-01-09T14:43:06","date_gmt":"2015-01-09T12:43:06","guid":{"rendered":"http:\/\/blogs.lyceecfadumene.fr\/tyanheol\/?p=1377"},"modified":"2022-04-03T17:55:08","modified_gmt":"2022-04-03T15:55:08","slug":"fete-de-fin-dannee-un-rendez-vous-qui-fait-date","status":"publish","type":"post","link":"https:\/\/blogs.lyceecfadumene.fr\/tyanheol\/2015\/01\/09\/fete-de-fin-dannee-un-rendez-vous-qui-fait-date\/","title":{"rendered":"F\u00eate de fin d&rsquo;ann\u00e9e : un rendez-vous qui fait date"},"content":{"rendered":"<p>Merci \u00e0 tous pour cette mobilisation g\u00e9n\u00e9rale : merci aux \u00e9l\u00e8ves, apprentis et \u00e9tudiants qui ont accept\u00e9 de monter sur sc\u00e8ne, merci \u00e0 ceux qui sont venus nombreux remplir la salle, merci \u00e0 la Mairie de Merdrignac pour la mise \u00e0 disposition de la Salle des F\u00eates, et merci \u00e0 la classe de Premi\u00e8re Bac pro Am\u00e9nagement Paysager pour l&rsquo;organisation du repas de F\u00eate et de la soir\u00e9e dansante. Et un grand merci \u00e0 Ty An H\u00e9ol, l&rsquo;association des Lyc\u00e9ens, Etudiants, Stagiaires ou Apprentis du Lyc\u00e9e-CFA du Men\u00e9. Et bonne ann\u00e9e \u00e0 tous !<\/p>\n<p><span class=\"embed-youtube\" style=\"text-align:center; display: block;\"><iframe loading=\"lazy\" class=\"youtube-player\" width=\"604\" height=\"340\" src=\"https:\/\/www.youtube.com\/embed\/7FkaSEg_nAA?version=3&#038;rel=1&#038;showsearch=0&#038;showinfo=1&#038;iv_load_policy=1&#038;fs=1&#038;hl=fr-FR&#038;autohide=2&#038;wmode=transparent\" allowfullscreen=\"true\" style=\"border:0;\" sandbox=\"allow-scripts allow-same-origin allow-popups allow-presentation allow-popups-to-escape-sandbox\"><\/iframe><\/span><\/p>\n","protected":false},"excerpt":{"rendered":"<p>Merci \u00e0 tous pour cette mobilisation g\u00e9n\u00e9rale : merci aux \u00e9l\u00e8ves, apprentis et \u00e9tudiants qui ont accept\u00e9 de monter sur sc\u00e8ne, merci \u00e0 ceux qui sont venus nombreux remplir la salle, merci \u00e0 la Mairie de Merdrignac pour la mise \u00e0 disposition de la Salle des F\u00eates, et merci \u00e0 la classe de Premi\u00e8re Bac &hellip; <a href=\"https:\/\/blogs.lyceecfadumene.fr\/tyanheol\/2015\/01\/09\/fete-de-fin-dannee-un-rendez-vous-qui-fait-date\/\" class=\"more-link\">Continuer la lecture de <span class=\"screen-reader-text\">F\u00eate de fin d&rsquo;ann\u00e9e : un rendez-vous qui fait date<\/span> <span class=\"meta-nav\">&rarr;<\/span><\/a><\/p>\n","protected":false},"author":97,"featured_media":0,"comment_status":"open","ping_status":"open","sticky":false,"template":"","format":"standard","meta":{"_jetpack_memberships_contains_paid_content":false,"footnotes":"","jetpack_publicize_message":"","jetpack_publicize_feature_enabled":true,"jetpack_social_post_already_shared":true,"jetpack_social_options":{"image_generator_settings":{"template":"highway","default_image_id":0,"font":"","enabled":false},"version":2}},"categories":[1,5680,29432,314],"tags":[9190,9188,25428,8236,4,6,11710,43,25461,3643],"class_list":["post-1377","post","type-post","status-publish","format-standard","hentry","category-non-classe","category-theatre","category-video2","category-videos","tag-activites","tag-comedie","tag-fete-de-noel","tag-foyer","tag-lycee","tag-merdrignac","tag-noel","tag-soiree-de-noel","tag-theatre","tag-ty-an-heol"],"aioseo_notices":[],"jetpack_publicize_connections":[],"jetpack_featured_media_url":"","jetpack_shortlink":"https:\/\/wp.me\/p1SrOO-md","jetpack_sharing_enabled":true,"_links":{"self":[{"href":"https:\/\/blogs.lyceecfadumene.fr\/tyanheol\/wp-json\/wp\/v2\/posts\/1377","targetHints":{"allow":["GET"]}}],"collection":[{"href":"https:\/\/blogs.lyceecfadumene.fr\/tyanheol\/wp-json\/wp\/v2\/posts"}],"about":[{"href":"https:\/\/blogs.lyceecfadumene.fr\/tyanheol\/wp-json\/wp\/v2\/types\/post"}],"author":[{"embeddable":true,"href":"https:\/\/blogs.lyceecfadumene.fr\/tyanheol\/wp-json\/wp\/v2\/users\/97"}],"replies":[{"embeddable":true,"href":"https:\/\/blogs.lyceecfadumene.fr\/tyanheol\/wp-json\/wp\/v2\/comments?post=1377"}],"version-history":[{"count":1,"href":"https:\/\/blogs.lyceecfadumene.fr\/tyanheol\/wp-json\/wp\/v2\/posts\/1377\/revisions"}],"predecessor-version":[{"id":3224,"href":"https:\/\/blogs.lyceecfadumene.fr\/tyanheol\/wp-json\/wp\/v2\/posts\/1377\/revisions\/3224"}],"wp:attachment":[{"href":"https:\/\/blogs.lyceecfadumene.fr\/tyanheol\/wp-json\/wp\/v2\/media?parent=1377"}],"wp:term":[{"taxonomy":"category","embeddable":true,"href":"https:\/\/blogs.lyceecfadumene.fr\/tyanheol\/wp-json\/wp\/v2\/categories?post=1377"},{"taxonomy":"post_tag","embeddable":true,"href":"https:\/\/blogs.lyceecfadumene.fr\/tyanheol\/wp-json\/wp\/v2\/tags?post=1377"}],"curies":[{"name":"wp","href":"https:\/\/api.w.org\/{rel}","templated":true}]}}