{"id":1373,"date":"2015-01-09T14:03:29","date_gmt":"2015-01-09T12:03:29","guid":{"rendered":"http:\/\/blogs.lyceecfadumene.fr\/tyanheol\/?p=1373"},"modified":"2022-04-03T17:55:08","modified_gmt":"2022-04-03T15:55:08","slug":"ecole-du-spectateur-et-mediation-culturelle-la-classe-theatre-du-lycee-cfa-du-mene","status":"publish","type":"post","link":"https:\/\/blogs.lyceecfadumene.fr\/tyanheol\/2015\/01\/09\/ecole-du-spectateur-et-mediation-culturelle-la-classe-theatre-du-lycee-cfa-du-mene\/","title":{"rendered":"Ecole du spectateur et m\u00e9diation culturelle : la classe Th\u00e9\u00e2tre du Lyc\u00e9e-CFA du Men\u00e9"},"content":{"rendered":"<p>La classe Th\u00e9\u00e2tre est fi\u00e8re de vous pr\u00e9senter son travail sur place \u00e0 la Sc\u00e8ne Nationale La Passerelle, th\u00e9\u00e2tre de Saint-Brieuc, avec des professionnels, dans le cadre de l&rsquo;enseignement d\u2019\u00c9ducation socioculturelle, animation et communication, sp\u00e9cificit\u00e9 de l&rsquo;Enseignement Agricole, et en \u00e9troite collaboration avec une \u00e9quipe d&rsquo;enseignants impliqu\u00e9s, et particuli\u00e8rement l&rsquo;enseignement du Fran\u00e7ais (Annie Urvoy et Monique Urien, pour ne pas les citer). Une belle exp\u00e9rience qui sera suivie par l&rsquo;accueil de deux com\u00e9diennes pour une repr\u00e9sentation th\u00e9\u00e2trale dans l&rsquo;enceinte du Lyc\u00e9e :<\/p>\n<p><span class=\"embed-youtube\" style=\"text-align:center; display: block;\"><iframe loading=\"lazy\" class=\"youtube-player\" width=\"604\" height=\"340\" src=\"https:\/\/www.youtube.com\/embed\/BDn1yloesks?version=3&#038;rel=1&#038;showsearch=0&#038;showinfo=1&#038;iv_load_policy=1&#038;fs=1&#038;hl=fr-FR&#038;autohide=2&#038;wmode=transparent\" allowfullscreen=\"true\" style=\"border:0;\" sandbox=\"allow-scripts allow-same-origin allow-popups allow-presentation allow-popups-to-escape-sandbox\"><\/iframe><\/span><\/p>\n","protected":false},"excerpt":{"rendered":"<p>La classe Th\u00e9\u00e2tre est fi\u00e8re de vous pr\u00e9senter son travail sur place \u00e0 la Sc\u00e8ne Nationale La Passerelle, th\u00e9\u00e2tre de Saint-Brieuc, avec des professionnels, dans le cadre de l&rsquo;enseignement d\u2019\u00c9ducation socioculturelle, animation et communication, sp\u00e9cificit\u00e9 de l&rsquo;Enseignement Agricole, et en \u00e9troite collaboration avec une \u00e9quipe d&rsquo;enseignants impliqu\u00e9s, et particuli\u00e8rement l&rsquo;enseignement du Fran\u00e7ais (Annie Urvoy et &hellip; <a href=\"https:\/\/blogs.lyceecfadumene.fr\/tyanheol\/2015\/01\/09\/ecole-du-spectateur-et-mediation-culturelle-la-classe-theatre-du-lycee-cfa-du-mene\/\" class=\"more-link\">Continuer la lecture de <span class=\"screen-reader-text\">Ecole du spectateur et m\u00e9diation culturelle : la classe Th\u00e9\u00e2tre du Lyc\u00e9e-CFA du Men\u00e9<\/span> <span class=\"meta-nav\">&rarr;<\/span><\/a><\/p>\n","protected":false},"author":97,"featured_media":0,"comment_status":"open","ping_status":"open","sticky":false,"template":"","format":"standard","meta":{"_jetpack_memberships_contains_paid_content":false,"footnotes":"","jetpack_publicize_message":"","jetpack_publicize_feature_enabled":true,"jetpack_social_post_already_shared":true,"jetpack_social_options":{"image_generator_settings":{"template":"highway","default_image_id":0,"font":"","enabled":false},"version":2}},"categories":[1,9177,5680,29432],"tags":[9190,9188,4,6,3645,25463,25461],"class_list":["post-1373","post","type-post","status-publish","format-standard","hentry","category-non-classe","category-sorties","category-theatre","category-video2","tag-activites","tag-comedie","tag-lycee","tag-merdrignac","tag-sortie","tag-sorties","tag-theatre"],"aioseo_notices":[],"jetpack_publicize_connections":[],"jetpack_featured_media_url":"","jetpack_shortlink":"https:\/\/wp.me\/p1SrOO-m9","jetpack_sharing_enabled":true,"_links":{"self":[{"href":"https:\/\/blogs.lyceecfadumene.fr\/tyanheol\/wp-json\/wp\/v2\/posts\/1373","targetHints":{"allow":["GET"]}}],"collection":[{"href":"https:\/\/blogs.lyceecfadumene.fr\/tyanheol\/wp-json\/wp\/v2\/posts"}],"about":[{"href":"https:\/\/blogs.lyceecfadumene.fr\/tyanheol\/wp-json\/wp\/v2\/types\/post"}],"author":[{"embeddable":true,"href":"https:\/\/blogs.lyceecfadumene.fr\/tyanheol\/wp-json\/wp\/v2\/users\/97"}],"replies":[{"embeddable":true,"href":"https:\/\/blogs.lyceecfadumene.fr\/tyanheol\/wp-json\/wp\/v2\/comments?post=1373"}],"version-history":[{"count":1,"href":"https:\/\/blogs.lyceecfadumene.fr\/tyanheol\/wp-json\/wp\/v2\/posts\/1373\/revisions"}],"predecessor-version":[{"id":3226,"href":"https:\/\/blogs.lyceecfadumene.fr\/tyanheol\/wp-json\/wp\/v2\/posts\/1373\/revisions\/3226"}],"wp:attachment":[{"href":"https:\/\/blogs.lyceecfadumene.fr\/tyanheol\/wp-json\/wp\/v2\/media?parent=1373"}],"wp:term":[{"taxonomy":"category","embeddable":true,"href":"https:\/\/blogs.lyceecfadumene.fr\/tyanheol\/wp-json\/wp\/v2\/categories?post=1373"},{"taxonomy":"post_tag","embeddable":true,"href":"https:\/\/blogs.lyceecfadumene.fr\/tyanheol\/wp-json\/wp\/v2\/tags?post=1373"}],"curies":[{"name":"wp","href":"https:\/\/api.w.org\/{rel}","templated":true}]}}