{"id":116,"date":"2011-10-12T17:07:50","date_gmt":"2011-10-12T15:07:50","guid":{"rendered":"http:\/\/blogs.lyceecfadumene.fr\/tyanheol\/?p=116"},"modified":"2011-10-12T18:48:52","modified_gmt":"2011-10-12T16:48:52","slug":"match-rennes-celtic-glasgow","status":"publish","type":"post","link":"https:\/\/blogs.lyceecfadumene.fr\/tyanheol\/2011\/10\/12\/match-rennes-celtic-glasgow\/","title":{"rendered":"Match Rennes-Celtic Glasgow"},"content":{"rendered":"<p>D\u00e9part \u00e0 17h30 le jeudi 20 octobre 2011. Le match commence \u00e0 19h.<\/p>\n<p>Un pique-nique est pr\u00e9vu apr\u00e8s le match, le retour au lyc\u00e9e aura lieu \u00e0 23h.<\/p>\n<p><a href=\"..\/files\/2011\/10\/Logo-Stade-Rennais.jpg\"><img data-recalc-dims=\"1\" loading=\"lazy\" decoding=\"async\" data-attachment-id=\"158\" data-permalink=\"https:\/\/blogs.lyceecfadumene.fr\/tyanheol\/2011\/10\/12\/match-rennes-celtic-glasgow\/logo-stade-rennais\/\" data-orig-file=\"https:\/\/i0.wp.com\/blogs.lyceecfadumene.fr\/tyanheol\/files\/2011\/10\/Logo-Stade-Rennais.jpg?fit=418%2C480&amp;ssl=1\" data-orig-size=\"418,480\" data-comments-opened=\"1\" data-image-meta=\"{&quot;aperture&quot;:&quot;0&quot;,&quot;credit&quot;:&quot;&quot;,&quot;camera&quot;:&quot;&quot;,&quot;caption&quot;:&quot;&quot;,&quot;created_timestamp&quot;:&quot;0&quot;,&quot;copyright&quot;:&quot;&quot;,&quot;focal_length&quot;:&quot;0&quot;,&quot;iso&quot;:&quot;0&quot;,&quot;shutter_speed&quot;:&quot;0&quot;,&quot;title&quot;:&quot;&quot;}\" data-image-title=\"Logo-Stade-Rennais\" data-image-description=\"\" data-image-caption=\"\" data-large-file=\"https:\/\/i0.wp.com\/blogs.lyceecfadumene.fr\/tyanheol\/files\/2011\/10\/Logo-Stade-Rennais.jpg?fit=418%2C480&amp;ssl=1\" class=\"alignnone size-medium wp-image-158\" title=\"Logo-Stade-Rennais\" src=\"https:\/\/i0.wp.com\/blogs.lyceecfadumene.fr\/tyanheol\/files\/2011\/10\/Logo-Stade-Rennais-261x300.jpg?resize=183%2C210&#038;ssl=1\" alt=\"\" width=\"183\" height=\"210\" srcset=\"https:\/\/i0.wp.com\/blogs.lyceecfadumene.fr\/tyanheol\/files\/2011\/10\/Logo-Stade-Rennais.jpg?resize=261%2C300&amp;ssl=1 261w, https:\/\/i0.wp.com\/blogs.lyceecfadumene.fr\/tyanheol\/files\/2011\/10\/Logo-Stade-Rennais.jpg?w=418&amp;ssl=1 418w\" sizes=\"auto, (max-width: 183px) 100vw, 183px\" \/><\/a><a href=\"..\/files\/2011\/10\/2mywf-ballon_foot1.gif\"><img data-recalc-dims=\"1\" loading=\"lazy\" decoding=\"async\" data-attachment-id=\"126\" data-permalink=\"https:\/\/blogs.lyceecfadumene.fr\/tyanheol\/2011\/10\/12\/match-rennes-celtic-glasgow\/2mywf-ballon_foot-2\/\" data-orig-file=\"https:\/\/i0.wp.com\/blogs.lyceecfadumene.fr\/tyanheol\/files\/2011\/10\/2mywf-ballon_foot1.gif?fit=486%2C484&amp;ssl=1\" data-orig-size=\"486,484\" data-comments-opened=\"1\" data-image-meta=\"{&quot;aperture&quot;:&quot;0&quot;,&quot;credit&quot;:&quot;&quot;,&quot;camera&quot;:&quot;&quot;,&quot;caption&quot;:&quot;&quot;,&quot;created_timestamp&quot;:&quot;0&quot;,&quot;copyright&quot;:&quot;&quot;,&quot;focal_length&quot;:&quot;0&quot;,&quot;iso&quot;:&quot;0&quot;,&quot;shutter_speed&quot;:&quot;0&quot;,&quot;title&quot;:&quot;&quot;}\" data-image-title=\"2mywf-ballon_foot\" data-image-description=\"\" data-image-caption=\"\" data-large-file=\"https:\/\/i0.wp.com\/blogs.lyceecfadumene.fr\/tyanheol\/files\/2011\/10\/2mywf-ballon_foot1.gif?fit=486%2C484&amp;ssl=1\" class=\"size-full wp-image-126 alignnone\" src=\"https:\/\/i0.wp.com\/blogs.lyceecfadumene.fr\/tyanheol\/files\/2011\/10\/2mywf-ballon_foot1.gif?resize=91%2C91&#038;ssl=1\" alt=\"\" width=\"91\" height=\"91\" srcset=\"https:\/\/i0.wp.com\/blogs.lyceecfadumene.fr\/tyanheol\/files\/2011\/10\/2mywf-ballon_foot1.gif?w=486&amp;ssl=1 486w, https:\/\/i0.wp.com\/blogs.lyceecfadumene.fr\/tyanheol\/files\/2011\/10\/2mywf-ballon_foot1.gif?resize=150%2C150&amp;ssl=1 150w, https:\/\/i0.wp.com\/blogs.lyceecfadumene.fr\/tyanheol\/files\/2011\/10\/2mywf-ballon_foot1.gif?resize=300%2C298&amp;ssl=1 300w\" sizes=\"auto, (max-width: 91px) 100vw, 91px\" \/><\/a><a href=\"https:\/\/i0.wp.com\/blogs.lyceecfadumene.fr\/tyanheol\/files\/2011\/10\/843408celticfclogopng.png?ssl=1\"><img data-recalc-dims=\"1\" loading=\"lazy\" decoding=\"async\" data-attachment-id=\"159\" data-permalink=\"https:\/\/blogs.lyceecfadumene.fr\/tyanheol\/2011\/10\/12\/match-rennes-celtic-glasgow\/843408celticfclogopng\/\" data-orig-file=\"https:\/\/i0.wp.com\/blogs.lyceecfadumene.fr\/tyanheol\/files\/2011\/10\/843408celticfclogopng.png?fit=320%2C322&amp;ssl=1\" data-orig-size=\"320,322\" data-comments-opened=\"1\" data-image-meta=\"{&quot;aperture&quot;:&quot;0&quot;,&quot;credit&quot;:&quot;&quot;,&quot;camera&quot;:&quot;&quot;,&quot;caption&quot;:&quot;&quot;,&quot;created_timestamp&quot;:&quot;0&quot;,&quot;copyright&quot;:&quot;&quot;,&quot;focal_length&quot;:&quot;0&quot;,&quot;iso&quot;:&quot;0&quot;,&quot;shutter_speed&quot;:&quot;0&quot;,&quot;title&quot;:&quot;&quot;}\" data-image-title=\"843408celticfclogopng\" data-image-description=\"\" data-image-caption=\"\" data-large-file=\"https:\/\/i0.wp.com\/blogs.lyceecfadumene.fr\/tyanheol\/files\/2011\/10\/843408celticfclogopng.png?fit=320%2C322&amp;ssl=1\" class=\"alignnone size-medium wp-image-159\" title=\"843408celticfclogopng\" src=\"https:\/\/i0.wp.com\/blogs.lyceecfadumene.fr\/tyanheol\/files\/2011\/10\/843408celticfclogopng-298x300.png?resize=209%2C210&#038;ssl=1\" alt=\"\" width=\"209\" height=\"210\" srcset=\"https:\/\/i0.wp.com\/blogs.lyceecfadumene.fr\/tyanheol\/files\/2011\/10\/843408celticfclogopng.png?resize=298%2C300&amp;ssl=1 298w, https:\/\/i0.wp.com\/blogs.lyceecfadumene.fr\/tyanheol\/files\/2011\/10\/843408celticfclogopng.png?resize=150%2C150&amp;ssl=1 150w, https:\/\/i0.wp.com\/blogs.lyceecfadumene.fr\/tyanheol\/files\/2011\/10\/843408celticfclogopng.png?w=320&amp;ssl=1 320w\" sizes=\"auto, (max-width: 209px) 100vw, 209px\" \/><\/a><\/p>\n","protected":false},"excerpt":{"rendered":"<p>D\u00e9part \u00e0 17h30 le jeudi 20 octobre 2011. Le match commence \u00e0 19h. Un pique-nique est pr\u00e9vu apr\u00e8s le match, le retour au lyc\u00e9e aura lieu \u00e0 23h.<\/p>\n","protected":false},"author":43,"featured_media":0,"comment_status":"open","ping_status":"open","sticky":false,"template":"","format":"standard","meta":{"_jetpack_memberships_contains_paid_content":false,"footnotes":"","jetpack_publicize_message":"","jetpack_publicize_feature_enabled":true,"jetpack_social_post_already_shared":false,"jetpack_social_options":{"image_generator_settings":{"template":"highway","default_image_id":0,"font":"","enabled":false},"version":2}},"categories":[9177],"tags":[9180,9178,9179],"class_list":["post-116","post","type-post","status-publish","format-standard","hentry","category-sorties","tag-europa-league","tag-football","tag-stade-rennais"],"aioseo_notices":[],"jetpack_publicize_connections":[],"jetpack_featured_media_url":"","jetpack_shortlink":"https:\/\/wp.me\/p1SrOO-1S","jetpack_sharing_enabled":true,"_links":{"self":[{"href":"https:\/\/blogs.lyceecfadumene.fr\/tyanheol\/wp-json\/wp\/v2\/posts\/116","targetHints":{"allow":["GET"]}}],"collection":[{"href":"https:\/\/blogs.lyceecfadumene.fr\/tyanheol\/wp-json\/wp\/v2\/posts"}],"about":[{"href":"https:\/\/blogs.lyceecfadumene.fr\/tyanheol\/wp-json\/wp\/v2\/types\/post"}],"author":[{"embeddable":true,"href":"https:\/\/blogs.lyceecfadumene.fr\/tyanheol\/wp-json\/wp\/v2\/users\/43"}],"replies":[{"embeddable":true,"href":"https:\/\/blogs.lyceecfadumene.fr\/tyanheol\/wp-json\/wp\/v2\/comments?post=116"}],"version-history":[{"count":0,"href":"https:\/\/blogs.lyceecfadumene.fr\/tyanheol\/wp-json\/wp\/v2\/posts\/116\/revisions"}],"wp:attachment":[{"href":"https:\/\/blogs.lyceecfadumene.fr\/tyanheol\/wp-json\/wp\/v2\/media?parent=116"}],"wp:term":[{"taxonomy":"category","embeddable":true,"href":"https:\/\/blogs.lyceecfadumene.fr\/tyanheol\/wp-json\/wp\/v2\/categories?post=116"},{"taxonomy":"post_tag","embeddable":true,"href":"https:\/\/blogs.lyceecfadumene.fr\/tyanheol\/wp-json\/wp\/v2\/tags?post=116"}],"curies":[{"name":"wp","href":"https:\/\/api.w.org\/{rel}","templated":true}]}}