{"id":114,"date":"2011-10-12T16:56:19","date_gmt":"2011-10-12T14:56:19","guid":{"rendered":"http:\/\/blogs.lyceecfadumene.fr\/tyanheol\/?p=114"},"modified":"2012-10-14T12:55:50","modified_gmt":"2012-10-14T10:55:50","slug":"jeudi-14-octobre-la-guerre-des-boutons-au-cinema","status":"publish","type":"post","link":"https:\/\/blogs.lyceecfadumene.fr\/tyanheol\/2011\/10\/12\/jeudi-14-octobre-la-guerre-des-boutons-au-cinema\/","title":{"rendered":"Jeudi 14 octobre \u00ab\u00a0La guerre des boutons\u00a0\u00bb au cin\u00e9ma"},"content":{"rendered":"<p style=\"text-align: center\"><a href=\"https:\/\/i0.wp.com\/blogs.lyceecfadumene.fr\/tyanheol\/files\/2011\/10\/affiche-la-guerre-des-boutons-10493987kyqyo_2041modif.jpg?ssl=1\"><img data-recalc-dims=\"1\" loading=\"lazy\" decoding=\"async\" data-attachment-id=\"119\" data-permalink=\"https:\/\/blogs.lyceecfadumene.fr\/tyanheol\/2011\/10\/12\/jeudi-14-octobre-la-guerre-des-boutons-au-cinema\/affiche-la-guerre-des-boutons-10493987kyqyo_2041modif\/\" data-orig-file=\"https:\/\/i0.wp.com\/blogs.lyceecfadumene.fr\/tyanheol\/files\/2011\/10\/affiche-la-guerre-des-boutons-10493987kyqyo_2041modif.jpg?fit=276%2C369&amp;ssl=1\" data-orig-size=\"276,369\" data-comments-opened=\"1\" data-image-meta=\"{&quot;aperture&quot;:&quot;0&quot;,&quot;credit&quot;:&quot;&quot;,&quot;camera&quot;:&quot;&quot;,&quot;caption&quot;:&quot;&quot;,&quot;created_timestamp&quot;:&quot;0&quot;,&quot;copyright&quot;:&quot;&quot;,&quot;focal_length&quot;:&quot;0&quot;,&quot;iso&quot;:&quot;0&quot;,&quot;shutter_speed&quot;:&quot;0&quot;,&quot;title&quot;:&quot;&quot;}\" data-image-title=\"affiche-la-guerre-des-boutons-10493987kyqyo_2041modif\" data-image-description=\"\" data-image-caption=\"\" data-large-file=\"https:\/\/i0.wp.com\/blogs.lyceecfadumene.fr\/tyanheol\/files\/2011\/10\/affiche-la-guerre-des-boutons-10493987kyqyo_2041modif.jpg?fit=276%2C369&amp;ssl=1\" class=\"size-full wp-image-119 aligncenter\" src=\"https:\/\/i0.wp.com\/blogs.lyceecfadumene.fr\/tyanheol\/files\/2011\/10\/affiche-la-guerre-des-boutons-10493987kyqyo_2041modif.jpg?resize=276%2C369&#038;ssl=1\" alt=\"\" width=\"276\" height=\"369\" srcset=\"https:\/\/i0.wp.com\/blogs.lyceecfadumene.fr\/tyanheol\/files\/2011\/10\/affiche-la-guerre-des-boutons-10493987kyqyo_2041modif.jpg?w=276&amp;ssl=1 276w, https:\/\/i0.wp.com\/blogs.lyceecfadumene.fr\/tyanheol\/files\/2011\/10\/affiche-la-guerre-des-boutons-10493987kyqyo_2041modif.jpg?resize=224%2C300&amp;ssl=1 224w\" sizes=\"auto, (max-width: 276px) 100vw, 276px\" \/><\/a><\/p>\n<p style=\"text-align: justify\">1957, un village dans le sud de la France. Une bande de gar\u00e7ons, \u00e2g\u00e9s de 7 \u00e0 14 ans, men\u00e9e par l\u2019intr\u00e9pide Lebrac, est en guerre contre les enfants du village voisin, leurs ennemis jur\u00e9s.<br \/>\nUne guerre sans merci, qui dure depuis des g\u00e9n\u00e9rations. On se bat pour l\u2019honneur et la fid\u00e9lit\u00e9 et, pour gagner, tous les moyens sont bons. M\u00eame, s\u2019il le faut, combattre nu comme un ver, ou pire, accepter l\u2019aide de Lanterne &#8211; une fille ! &#8211; la nouvelle recrue de la bande, pleine de panache et d\u2019ing\u00e9niosit\u00e9.<br \/>\nMais il n\u2019est pas facile d\u2019\u00eatre une arm\u00e9e de petits hommes sans se faire attraper par Papa et Maman ! Quand, apr\u00e8s la bataille, on rentre \u00e0 la maison, les v\u00eatements en lambeaux et des boutons en moins, mieux vaut se faire discret.<br \/>\nAdapt\u00e9 du bestseller fran\u00e7ais au succ\u00e8s international, LA GUERRE DES BOUTONS est une com\u00e9die familiale tendre, dr\u00f4le et poignante, qui traite avec finesse et profondeur les th\u00e8mes de l\u2019ind\u00e9pendance et de la solidarit\u00e9, des petites et grandes batailles de l\u2019enfance, et du passage \u00e0 l\u2019\u00e2ge adulte.<\/p>\n","protected":false},"excerpt":{"rendered":"<p>1957, un village dans le sud de la France. Une bande de gar\u00e7ons, \u00e2g\u00e9s de 7 \u00e0 14 ans, men\u00e9e par l\u2019intr\u00e9pide Lebrac, est en guerre contre les enfants du village voisin, leurs ennemis jur\u00e9s. Une guerre sans merci, qui dure depuis des g\u00e9n\u00e9rations. On se bat pour l\u2019honneur et la fid\u00e9lit\u00e9 et, pour gagner, &hellip; <a href=\"https:\/\/blogs.lyceecfadumene.fr\/tyanheol\/2011\/10\/12\/jeudi-14-octobre-la-guerre-des-boutons-au-cinema\/\" class=\"more-link\">Continuer la lecture de <span class=\"screen-reader-text\">Jeudi 14 octobre \u00ab\u00a0La guerre des boutons\u00a0\u00bb au cin\u00e9ma<\/span> <span class=\"meta-nav\">&rarr;<\/span><\/a><\/p>\n","protected":false},"author":43,"featured_media":0,"comment_status":"open","ping_status":"open","sticky":false,"template":"","format":"standard","meta":{"_jetpack_memberships_contains_paid_content":false,"footnotes":"","jetpack_publicize_message":"","jetpack_publicize_feature_enabled":true,"jetpack_social_post_already_shared":false,"jetpack_social_options":{"image_generator_settings":{"template":"highway","default_image_id":0,"font":"","enabled":false},"version":2}},"categories":[9176],"tags":[25462],"class_list":["post-114","post","type-post","status-publish","format-standard","hentry","category-cinema","tag-cinema"],"aioseo_notices":[],"jetpack_publicize_connections":[],"jetpack_featured_media_url":"","jetpack_shortlink":"https:\/\/wp.me\/p1SrOO-1Q","jetpack_sharing_enabled":true,"_links":{"self":[{"href":"https:\/\/blogs.lyceecfadumene.fr\/tyanheol\/wp-json\/wp\/v2\/posts\/114","targetHints":{"allow":["GET"]}}],"collection":[{"href":"https:\/\/blogs.lyceecfadumene.fr\/tyanheol\/wp-json\/wp\/v2\/posts"}],"about":[{"href":"https:\/\/blogs.lyceecfadumene.fr\/tyanheol\/wp-json\/wp\/v2\/types\/post"}],"author":[{"embeddable":true,"href":"https:\/\/blogs.lyceecfadumene.fr\/tyanheol\/wp-json\/wp\/v2\/users\/43"}],"replies":[{"embeddable":true,"href":"https:\/\/blogs.lyceecfadumene.fr\/tyanheol\/wp-json\/wp\/v2\/comments?post=114"}],"version-history":[{"count":0,"href":"https:\/\/blogs.lyceecfadumene.fr\/tyanheol\/wp-json\/wp\/v2\/posts\/114\/revisions"}],"wp:attachment":[{"href":"https:\/\/blogs.lyceecfadumene.fr\/tyanheol\/wp-json\/wp\/v2\/media?parent=114"}],"wp:term":[{"taxonomy":"category","embeddable":true,"href":"https:\/\/blogs.lyceecfadumene.fr\/tyanheol\/wp-json\/wp\/v2\/categories?post=114"},{"taxonomy":"post_tag","embeddable":true,"href":"https:\/\/blogs.lyceecfadumene.fr\/tyanheol\/wp-json\/wp\/v2\/tags?post=114"}],"curies":[{"name":"wp","href":"https:\/\/api.w.org\/{rel}","templated":true}]}}