{"id":110,"date":"2008-03-16T13:39:31","date_gmt":"2008-03-16T11:39:31","guid":{"rendered":"http:\/\/blogs.lyceecfadumene.fr\/bacproap\/?p=110"},"modified":"2008-03-16T13:39:31","modified_gmt":"2008-03-16T11:39:31","slug":"dimanche-16-mars-2008","status":"publish","type":"post","link":"https:\/\/blogs.lyceecfadumene.fr\/tyanheol\/2008\/03\/16\/dimanche-16-mars-2008\/","title":{"rendered":"Dimanche 16 mars 2008"},"content":{"rendered":"<p>Ce matin apr\u00e8s le petit d\u00e9jeuner nous sommes partis en direction d\u2019Auschwitz. Une fois arriv\u00e9s&nbsp;sur place&nbsp;deux guides parlant fran\u00e7ais nous ont accueillis.<\/p>\n<p>Nous avons commenc\u00e9 par le camp de concentration d\u2019Auschwitz, beaucoup d\u2019entre nous ont eu a plusieurs reprises un pincement au c\u0153ur au fil de la visite. Ce&nbsp;qui nous&nbsp;a le plus choqu\u00e9&nbsp;c&rsquo;est la montagne de cheveux provenant des d\u00e9port\u00e9s qui \u00e9taient ras\u00e9s&nbsp;d\u00e8s leur arriv\u00e9e ; mais aussi les montagnes de lunettes et de valises avec le nom de leur propri\u00e9taire inscrit dessus.<\/p>\n<p>Apr\u00e8s avoir mang\u00e9, nous sommes partis vers le camp de concentration et d\u2019extermination d\u2019Auschwitz Birkenau qui est le plus grand de tous les camps avec ses 175 hectares de superficie. Celui-ci comptait 300 baraquements et&nbsp;a contenu jusqu&rsquo;a 100 000 d\u00e9port\u00e9s.<\/p>\n<p>Nous n\u2019avons pas pu voir les chambres&nbsp;\u00e0 gaz puisque celles-ci furent d\u00e9truites par les nazis avant l\u2019arriv\u00e9e des Sovi\u00e9tiques&nbsp;en&nbsp;Janvier 1945. Mais nous avons pu voir l\u2019entr\u00e9e&nbsp;embl\u00e9matique du camp avec&nbsp;sa voie ferr\u00e9e qui acheminait les d\u00e9port\u00e9s.<\/p>\n<p>A leur arriv\u00e9e les d\u00e9port\u00e9s subissaient une premi\u00e8re selection : les hommes d&rsquo;un c\u00f4t\u00e9, les femmes et les enfants de l&rsquo;autre. Ensuite, ils \u00e9taient dirig\u00e9s vers leurs baraquements respectifs.<br \/>\nLa deuxi\u00e8me selection : le m\u00e9decin d\u00e9signait du doigt ceux qui \u00e9taient envoy\u00e9s vers les chambres \u00e0 gaz ; et ceux destin\u00e9s aux diff\u00e9rents&nbsp;travaux.<\/p>\n<p>Il y&nbsp;a eu 78 convois d\u2019environ 1 000 d\u00e9port\u00e9s \u00e0 entrer dans ces camps.<\/p>\n<p>Apr\u00e8s&nbsp;une visite&nbsp;charg\u00e9e d&rsquo;\u00e9motions, nous sommes rentr\u00e9s&nbsp;\u00e0 Cracovie ;&nbsp;nous avons&nbsp;b\u00e9n\u00e9fici\u00e9&nbsp;d&rsquo;un quartier libre avant et apr\u00e8s le d\u00eener.<\/p>\n<p><a href=\"https:\/\/i0.wp.com\/blogs.lyceecfadumene.fr\/tyanheol\/files\/2012\/02\/DSCF5342.jpg?ssl=1\"><img data-recalc-dims=\"1\" loading=\"lazy\" decoding=\"async\" data-attachment-id=\"111\" data-permalink=\"https:\/\/blogs.lyceecfadumene.fr\/tyanheol\/2008\/03\/16\/dimanche-16-mars-2008\/dscf5342\/\" data-orig-file=\"https:\/\/i0.wp.com\/blogs.lyceecfadumene.fr\/tyanheol\/files\/2012\/02\/DSCF5342.jpg?fit=225%2C300&amp;ssl=1\" data-orig-size=\"225,300\" data-comments-opened=\"1\" data-image-meta=\"{&quot;aperture&quot;:&quot;5&quot;,&quot;credit&quot;:&quot;&quot;,&quot;camera&quot;:&quot;FinePix S7000&quot;,&quot;caption&quot;:&quot;&quot;,&quot;created_timestamp&quot;:&quot;1045971330&quot;,&quot;copyright&quot;:&quot;&quot;,&quot;focal_length&quot;:&quot;7.8&quot;,&quot;iso&quot;:&quot;160&quot;,&quot;shutter_speed&quot;:&quot;0.003125&quot;,&quot;title&quot;:&quot;&quot;}\" data-image-title=\"DSCF5342\" data-image-description=\"\" data-image-caption=\"\" data-large-file=\"https:\/\/i0.wp.com\/blogs.lyceecfadumene.fr\/tyanheol\/files\/2012\/02\/DSCF5342.jpg?fit=225%2C300&amp;ssl=1\" class=\"alignnone  wp-image-111\" style=\"border: 1px solid black\" src=\"https:\/\/i0.wp.com\/blogs.lyceecfadumene.fr\/tyanheol\/files\/2012\/02\/DSCF5342.jpg?resize=225%2C300&#038;ssl=1\" alt=\"\" width=\"225\" height=\"300\" \/><\/a><\/p>\n<p>S\u00e9paration entre les blocks de prisonniers<\/p>\n<p><a href=\"https:\/\/i0.wp.com\/blogs.lyceecfadumene.fr\/tyanheol\/files\/2012\/02\/DSCF5346.jpg?ssl=1\"><img data-recalc-dims=\"1\" loading=\"lazy\" decoding=\"async\" data-attachment-id=\"112\" data-permalink=\"https:\/\/blogs.lyceecfadumene.fr\/tyanheol\/2008\/03\/16\/dimanche-16-mars-2008\/dscf5346\/\" data-orig-file=\"https:\/\/i0.wp.com\/blogs.lyceecfadumene.fr\/tyanheol\/files\/2012\/02\/DSCF5346.jpg?fit=300%2C225&amp;ssl=1\" data-orig-size=\"300,225\" data-comments-opened=\"1\" data-image-meta=\"{&quot;aperture&quot;:&quot;4&quot;,&quot;credit&quot;:&quot;&quot;,&quot;camera&quot;:&quot;FinePix S7000&quot;,&quot;caption&quot;:&quot;&quot;,&quot;created_timestamp&quot;:&quot;1045972346&quot;,&quot;copyright&quot;:&quot;&quot;,&quot;focal_length&quot;:&quot;7.8&quot;,&quot;iso&quot;:&quot;200&quot;,&quot;shutter_speed&quot;:&quot;0.00625&quot;,&quot;title&quot;:&quot;&quot;}\" data-image-title=\"DSCF5346\" data-image-description=\"\" data-image-caption=\"\" data-large-file=\"https:\/\/i0.wp.com\/blogs.lyceecfadumene.fr\/tyanheol\/files\/2012\/02\/DSCF5346.jpg?fit=300%2C225&amp;ssl=1\" class=\"alignnone  wp-image-112\" style=\"border: 1px solid black\" src=\"https:\/\/i0.wp.com\/blogs.lyceecfadumene.fr\/tyanheol\/files\/2012\/02\/DSCF5346.jpg?resize=300%2C225&#038;ssl=1\" alt=\"\" width=\"300\" height=\"225\" \/><\/a><\/p>\n<p>Le groupe devant l&rsquo;entr\u00e9 du camp d&rsquo;Auschwitz I. L&rsquo;enseigne de l&rsquo;entr\u00e9e indiquait aux d\u00e9port\u00e9s :<br \/>\n<strong><em>\u00ab\u00a0le travail rend libre\u00a0\u00bb<\/em><\/strong><\/p>\n<p><a href=\"https:\/\/i0.wp.com\/blogs.lyceecfadumene.fr\/tyanheol\/files\/2012\/02\/DSCF5362.jpg?ssl=1\"><img data-recalc-dims=\"1\" loading=\"lazy\" decoding=\"async\" data-attachment-id=\"113\" data-permalink=\"https:\/\/blogs.lyceecfadumene.fr\/tyanheol\/2008\/03\/16\/dimanche-16-mars-2008\/dscf5362\/\" data-orig-file=\"https:\/\/i0.wp.com\/blogs.lyceecfadumene.fr\/tyanheol\/files\/2012\/02\/DSCF5362.jpg?fit=300%2C225&amp;ssl=1\" data-orig-size=\"300,225\" data-comments-opened=\"1\" data-image-meta=\"{&quot;aperture&quot;:&quot;2.8&quot;,&quot;credit&quot;:&quot;&quot;,&quot;camera&quot;:&quot;FinePix S7000&quot;,&quot;caption&quot;:&quot;&quot;,&quot;created_timestamp&quot;:&quot;1045977025&quot;,&quot;copyright&quot;:&quot;&quot;,&quot;focal_length&quot;:&quot;7.8&quot;,&quot;iso&quot;:&quot;200&quot;,&quot;shutter_speed&quot;:&quot;0.1&quot;,&quot;title&quot;:&quot;&quot;}\" data-image-title=\"DSCF5362\" data-image-description=\"\" data-image-caption=\"\" data-large-file=\"https:\/\/i0.wp.com\/blogs.lyceecfadumene.fr\/tyanheol\/files\/2012\/02\/DSCF5362.jpg?fit=300%2C225&amp;ssl=1\" class=\"alignnone size-full wp-image-113\" style=\"border: 1px solid black\" src=\"https:\/\/i0.wp.com\/blogs.lyceecfadumene.fr\/tyanheol\/files\/2012\/02\/DSCF5362.jpg?resize=300%2C225&#038;ssl=1\" alt=\"\" width=\"300\" height=\"225\" \/><\/a><\/p>\n<p>Les latrines du camps de quarantaine.<br \/>\nIci, aucune intimit\u00e9 et il fallait&nbsp;attendre l&rsquo;ordre des kapos pour faire ses besoins.<\/p>\n<p><a href=\"https:\/\/i0.wp.com\/blogs.lyceecfadumene.fr\/tyanheol\/files\/2012\/02\/DSCF5397.jpg?ssl=1\"><img data-recalc-dims=\"1\" loading=\"lazy\" decoding=\"async\" class=\"alignnone size-full wp-image-114\" style=\"border: 1px solid black\" src=\"https:\/\/i0.wp.com\/blogs.lyceecfadumene.fr\/tyanheol\/files\/2012\/02\/DSCF5397.jpg?resize=300%2C225&#038;ssl=1\" alt=\"\" width=\"300\" height=\"225\" \/><\/a><\/p>\n<p>En arri\u00e8re plan, on aper\u00e7oit l&rsquo;entr\u00e9e du camps et, sur la gauche, le quai de d\u00e9barquement o\u00f9 s&rsquo;eff\u00e8ctuait le triage des d\u00e9port\u00e9s.<\/p>\n<p><a href=\"https:\/\/i0.wp.com\/blogs.lyceecfadumene.fr\/tyanheol\/files\/2012\/02\/DSCF5402.jpg?ssl=1\"><img data-recalc-dims=\"1\" loading=\"lazy\" decoding=\"async\" data-attachment-id=\"115\" data-permalink=\"https:\/\/blogs.lyceecfadumene.fr\/tyanheol\/2008\/03\/16\/dimanche-16-mars-2008\/dscf5402\/\" data-orig-file=\"https:\/\/i0.wp.com\/blogs.lyceecfadumene.fr\/tyanheol\/files\/2012\/02\/DSCF5402.jpg?fit=300%2C225&amp;ssl=1\" data-orig-size=\"300,225\" data-comments-opened=\"1\" data-image-meta=\"{&quot;aperture&quot;:&quot;4&quot;,&quot;credit&quot;:&quot;&quot;,&quot;camera&quot;:&quot;FinePix S7000&quot;,&quot;caption&quot;:&quot;&quot;,&quot;created_timestamp&quot;:&quot;1045983596&quot;,&quot;copyright&quot;:&quot;&quot;,&quot;focal_length&quot;:&quot;22&quot;,&quot;iso&quot;:&quot;160&quot;,&quot;shutter_speed&quot;:&quot;0.00416666666667&quot;,&quot;title&quot;:&quot;&quot;}\" data-image-title=\"DSCF5402\" data-image-description=\"\" data-image-caption=\"\" data-large-file=\"https:\/\/i0.wp.com\/blogs.lyceecfadumene.fr\/tyanheol\/files\/2012\/02\/DSCF5402.jpg?fit=300%2C225&amp;ssl=1\" class=\"alignnone  wp-image-115\" style=\"border: 1px solid black\" src=\"https:\/\/i0.wp.com\/blogs.lyceecfadumene.fr\/tyanheol\/files\/2012\/02\/DSCF5402.jpg?resize=300%2C225&#038;ssl=1\" alt=\"\" width=\"300\" height=\"225\" \/><\/a><\/p>\n<p>Les baraquements des&nbsp;hommes.<\/p>\n","protected":false},"excerpt":{"rendered":"<p>Ce matin apr\u00e8s le petit d\u00e9jeuner nous sommes partis en direction d\u2019Auschwitz. Une fois arriv\u00e9s&nbsp;sur place&nbsp;deux guides parlant fran\u00e7ais nous ont accueillis. Nous avons commenc\u00e9 par le camp de concentration d\u2019Auschwitz, beaucoup d\u2019entre nous ont eu a plusieurs reprises un pincement au c\u0153ur au fil de la visite. Ce&nbsp;qui nous&nbsp;a le plus choqu\u00e9&nbsp;c&rsquo;est la montagne &hellip; <a href=\"https:\/\/blogs.lyceecfadumene.fr\/tyanheol\/2008\/03\/16\/dimanche-16-mars-2008\/\" class=\"more-link\">Continuer la lecture de <span class=\"screen-reader-text\">Dimanche 16 mars 2008<\/span> <span class=\"meta-nav\">&rarr;<\/span><\/a><\/p>\n","protected":false},"author":1,"featured_media":0,"comment_status":"open","ping_status":"open","sticky":false,"template":"","format":"standard","meta":{"_jetpack_memberships_contains_paid_content":false,"footnotes":"","jetpack_publicize_message":"","jetpack_publicize_feature_enabled":true,"jetpack_social_post_already_shared":true,"jetpack_social_options":{"image_generator_settings":{"template":"highway","default_image_id":0,"font":"","enabled":false},"version":2}},"categories":[10746],"tags":[],"class_list":["post-110","post","type-post","status-publish","format-standard","hentry","category-pologne"],"aioseo_notices":[],"jetpack_publicize_connections":[],"jetpack_featured_media_url":"","jetpack_shortlink":"https:\/\/wp.me\/p1SrOO-1M","jetpack_sharing_enabled":true,"_links":{"self":[{"href":"https:\/\/blogs.lyceecfadumene.fr\/tyanheol\/wp-json\/wp\/v2\/posts\/110","targetHints":{"allow":["GET"]}}],"collection":[{"href":"https:\/\/blogs.lyceecfadumene.fr\/tyanheol\/wp-json\/wp\/v2\/posts"}],"about":[{"href":"https:\/\/blogs.lyceecfadumene.fr\/tyanheol\/wp-json\/wp\/v2\/types\/post"}],"author":[{"embeddable":true,"href":"https:\/\/blogs.lyceecfadumene.fr\/tyanheol\/wp-json\/wp\/v2\/users\/1"}],"replies":[{"embeddable":true,"href":"https:\/\/blogs.lyceecfadumene.fr\/tyanheol\/wp-json\/wp\/v2\/comments?post=110"}],"version-history":[{"count":0,"href":"https:\/\/blogs.lyceecfadumene.fr\/tyanheol\/wp-json\/wp\/v2\/posts\/110\/revisions"}],"wp:attachment":[{"href":"https:\/\/blogs.lyceecfadumene.fr\/tyanheol\/wp-json\/wp\/v2\/media?parent=110"}],"wp:term":[{"taxonomy":"category","embeddable":true,"href":"https:\/\/blogs.lyceecfadumene.fr\/tyanheol\/wp-json\/wp\/v2\/categories?post=110"},{"taxonomy":"post_tag","embeddable":true,"href":"https:\/\/blogs.lyceecfadumene.fr\/tyanheol\/wp-json\/wp\/v2\/tags?post=110"}],"curies":[{"name":"wp","href":"https:\/\/api.w.org\/{rel}","templated":true}]}}