{"id":1087,"date":"2014-10-06T20:28:23","date_gmt":"2014-10-06T18:28:23","guid":{"rendered":"http:\/\/blogs.lyceecfadumene.fr\/tyanheol\/?p=1087"},"modified":"2014-10-06T20:28:23","modified_gmt":"2014-10-06T18:28:23","slug":"rentree-reussie-pour-ty-an-heol","status":"publish","type":"post","link":"https:\/\/blogs.lyceecfadumene.fr\/tyanheol\/2014\/10\/06\/rentree-reussie-pour-ty-an-heol\/","title":{"rendered":"Rentr\u00e9e r\u00e9ussie pour Ty An H\u00e9ol"},"content":{"rendered":"<p>Bonjour,<\/p>\n<p>Nouveau blogueur, nouvelle t\u00eate, et d\u00e9j\u00e0 cach\u00e9 derri\u00e8re la cam\u00e9ra&#8230; pour filmer la reprise des activit\u00e9s en cette rentr\u00e9e scolaire 2014\/2015.<\/p>\n<p><img data-recalc-dims=\"1\" loading=\"lazy\" decoding=\"async\" data-attachment-id=\"1088\" data-permalink=\"https:\/\/blogs.lyceecfadumene.fr\/tyanheol\/2014\/10\/06\/rentree-reussie-pour-ty-an-heol\/logo-casimiro\/\" data-orig-file=\"https:\/\/i0.wp.com\/blogs.lyceecfadumene.fr\/tyanheol\/files\/2014\/10\/Logo-Casimiro.jpg?fit=470%2C475&amp;ssl=1\" data-orig-size=\"470,475\" data-comments-opened=\"1\" data-image-meta=\"{&quot;aperture&quot;:&quot;0&quot;,&quot;credit&quot;:&quot;&quot;,&quot;camera&quot;:&quot;&quot;,&quot;caption&quot;:&quot;&quot;,&quot;created_timestamp&quot;:&quot;0&quot;,&quot;copyright&quot;:&quot;&quot;,&quot;focal_length&quot;:&quot;0&quot;,&quot;iso&quot;:&quot;0&quot;,&quot;shutter_speed&quot;:&quot;0&quot;,&quot;title&quot;:&quot;&quot;,&quot;orientation&quot;:&quot;0&quot;}\" data-image-title=\"Logo Casimiro\" data-image-description=\"\" data-image-caption=\"\" data-large-file=\"https:\/\/i0.wp.com\/blogs.lyceecfadumene.fr\/tyanheol\/files\/2014\/10\/Logo-Casimiro.jpg?fit=470%2C475&amp;ssl=1\" class=\"alignnone  wp-image-1088\" src=\"https:\/\/i0.wp.com\/blogs.lyceecfadumene.fr\/tyanheol\/files\/2014\/10\/Logo-Casimiro-296x300.jpg?resize=61%2C62&#038;ssl=1\" alt=\"Logo Casimiro\" width=\"61\" height=\"62\" srcset=\"https:\/\/i0.wp.com\/blogs.lyceecfadumene.fr\/tyanheol\/files\/2014\/10\/Logo-Casimiro.jpg?resize=296%2C300&amp;ssl=1 296w, https:\/\/i0.wp.com\/blogs.lyceecfadumene.fr\/tyanheol\/files\/2014\/10\/Logo-Casimiro.jpg?resize=150%2C150&amp;ssl=1 150w, https:\/\/i0.wp.com\/blogs.lyceecfadumene.fr\/tyanheol\/files\/2014\/10\/Logo-Casimiro.jpg?w=470&amp;ssl=1 470w\" sizes=\"auto, (max-width: 61px) 100vw, 61px\" \/><\/p>\n<p><span class=\"embed-youtube\" style=\"text-align:center; display: block;\"><iframe loading=\"lazy\" class=\"youtube-player\" width=\"604\" height=\"340\" src=\"https:\/\/www.youtube.com\/embed\/lRxh_WHLJQU?version=3&#038;rel=1&#038;showsearch=0&#038;showinfo=1&#038;iv_load_policy=1&#038;fs=1&#038;hl=fr-FR&#038;autohide=2&#038;wmode=transparent\" allowfullscreen=\"true\" style=\"border:0;\" sandbox=\"allow-scripts allow-same-origin allow-popups allow-presentation allow-popups-to-escape-sandbox\"><\/iframe><\/span><\/p>\n","protected":false},"excerpt":{"rendered":"<p>Bonjour, Nouveau blogueur, nouvelle t\u00eate, et d\u00e9j\u00e0 cach\u00e9 derri\u00e8re la cam\u00e9ra&#8230; pour filmer la reprise des activit\u00e9s en cette rentr\u00e9e scolaire 2014\/2015.<\/p>\n","protected":false},"author":97,"featured_media":0,"comment_status":"open","ping_status":"open","sticky":false,"template":"","format":"standard","meta":{"_jetpack_memberships_contains_paid_content":false,"footnotes":"","jetpack_publicize_message":"","jetpack_publicize_feature_enabled":true,"jetpack_social_post_already_shared":true,"jetpack_social_options":{"image_generator_settings":{"template":"highway","default_image_id":0,"font":"","enabled":false},"version":2}},"categories":[9177],"tags":[],"class_list":["post-1087","post","type-post","status-publish","format-standard","hentry","category-sorties"],"aioseo_notices":[],"jetpack_publicize_connections":[],"jetpack_featured_media_url":"","jetpack_shortlink":"https:\/\/wp.me\/p1SrOO-hx","jetpack_sharing_enabled":true,"_links":{"self":[{"href":"https:\/\/blogs.lyceecfadumene.fr\/tyanheol\/wp-json\/wp\/v2\/posts\/1087","targetHints":{"allow":["GET"]}}],"collection":[{"href":"https:\/\/blogs.lyceecfadumene.fr\/tyanheol\/wp-json\/wp\/v2\/posts"}],"about":[{"href":"https:\/\/blogs.lyceecfadumene.fr\/tyanheol\/wp-json\/wp\/v2\/types\/post"}],"author":[{"embeddable":true,"href":"https:\/\/blogs.lyceecfadumene.fr\/tyanheol\/wp-json\/wp\/v2\/users\/97"}],"replies":[{"embeddable":true,"href":"https:\/\/blogs.lyceecfadumene.fr\/tyanheol\/wp-json\/wp\/v2\/comments?post=1087"}],"version-history":[{"count":0,"href":"https:\/\/blogs.lyceecfadumene.fr\/tyanheol\/wp-json\/wp\/v2\/posts\/1087\/revisions"}],"wp:attachment":[{"href":"https:\/\/blogs.lyceecfadumene.fr\/tyanheol\/wp-json\/wp\/v2\/media?parent=1087"}],"wp:term":[{"taxonomy":"category","embeddable":true,"href":"https:\/\/blogs.lyceecfadumene.fr\/tyanheol\/wp-json\/wp\/v2\/categories?post=1087"},{"taxonomy":"post_tag","embeddable":true,"href":"https:\/\/blogs.lyceecfadumene.fr\/tyanheol\/wp-json\/wp\/v2\/tags?post=1087"}],"curies":[{"name":"wp","href":"https:\/\/api.w.org\/{rel}","templated":true}]}}