{"id":1076,"date":"2014-10-03T14:03:54","date_gmt":"2014-10-03T12:03:54","guid":{"rendered":"http:\/\/blogs.lyceecfadumene.fr\/tyanheol\/?p=1076"},"modified":"2014-10-03T14:19:40","modified_gmt":"2014-10-03T12:19:40","slug":"journee-dintegration-reussie-pour-les-ts1-et-ts2","status":"publish","type":"post","link":"https:\/\/blogs.lyceecfadumene.fr\/tyanheol\/2014\/10\/03\/journee-dintegration-reussie-pour-les-ts1-et-ts2\/","title":{"rendered":"Journ\u00e9e d\u2019int\u00e9gration r\u00e9ussie pour les Ts1 et Ts2"},"content":{"rendered":"<p><span style=\"color: #000000\"><em><strong>Vendredi 12<\/strong><\/em><\/span>, les cinquante neuf \u00e9tudiants de Ts1 et Ts2 se sont retrouv\u00e9s \u00e0 8h, au Val de Landrouet.<\/p>\n<p><span style=\"color: #000000\"><strong><em> De 8h \u00e0 10h,<\/em> <\/strong><\/span>chacun des \u00e9tudiants et des enseignants pr\u00e9sents s\u2019est pr\u00e9sent\u00e9 en une minute chrono devant l\u2019ensemble du groupe de fa\u00e7on acad\u00e9mique ou humoristique.<\/p>\n<p><span style=\"color: #000000\"><em><strong>A partir de 10h<\/strong><\/em><\/span>, place aux activit\u00e9s r\u00e9cr\u00e9atives. Les \u00e9tudiants et enseignants \u00e9taient r\u00e9partis en neuf \u00e9quipes compos\u00e9es de fa\u00e7on paritaire d\u2019\u00e9tudiants de Ts1 et de Ts2.<span style=\"color: #000000\">Le jeu du serveur<\/span>, le tir \u00e0 la corde, la course en brouette, le jeu des \u00e9nigmes et le jeu du pingouin, ont permis \u00e0 chacun de passer une agr\u00e9able journ\u00e9e.<\/p>\n<figure id=\"attachment_1077\" aria-describedby=\"caption-attachment-1077\" style=\"width: 334px\" class=\"wp-caption alignnone\"><a href=\"https:\/\/i0.wp.com\/blogs.lyceecfadumene.fr\/tyanheol\/files\/2014\/10\/integration02.png?ssl=1\"><img data-recalc-dims=\"1\" loading=\"lazy\" decoding=\"async\" data-attachment-id=\"1077\" data-permalink=\"https:\/\/blogs.lyceecfadumene.fr\/tyanheol\/2014\/10\/03\/journee-dintegration-reussie-pour-les-ts1-et-ts2\/integration02\/\" data-orig-file=\"https:\/\/i0.wp.com\/blogs.lyceecfadumene.fr\/tyanheol\/files\/2014\/10\/integration02.png?fit=800%2C600&amp;ssl=1\" data-orig-size=\"800,600\" data-comments-opened=\"1\" data-image-meta=\"{&quot;aperture&quot;:&quot;0&quot;,&quot;credit&quot;:&quot;&quot;,&quot;camera&quot;:&quot;&quot;,&quot;caption&quot;:&quot;&quot;,&quot;created_timestamp&quot;:&quot;0&quot;,&quot;copyright&quot;:&quot;&quot;,&quot;focal_length&quot;:&quot;0&quot;,&quot;iso&quot;:&quot;0&quot;,&quot;shutter_speed&quot;:&quot;0&quot;,&quot;title&quot;:&quot;&quot;,&quot;orientation&quot;:&quot;0&quot;}\" data-image-title=\"integration02\" data-image-description=\"\" data-image-caption=\"\" data-large-file=\"https:\/\/i0.wp.com\/blogs.lyceecfadumene.fr\/tyanheol\/files\/2014\/10\/integration02.png?fit=604%2C453&amp;ssl=1\" class=\"wp-image-1077\" style=\"border: 1px solid black\" src=\"https:\/\/i0.wp.com\/blogs.lyceecfadumene.fr\/tyanheol\/files\/2014\/10\/integration02.png?resize=334%2C253&#038;ssl=1\" alt=\"integration02\" width=\"334\" height=\"253\" \/><\/a><figcaption id=\"caption-attachment-1077\" class=\"wp-caption-text\">Parcours du combattant<\/figcaption><\/figure>\n<p><span style=\"color: #000000\"><strong><em>A la mi-journ\u00e9e<\/em><\/strong>,<\/span> les \u00e9tudiants, rejoints par\u00a0<!--more--> des enseignants ont pu faire plus ample connaissance autour d\u2019un pique-nique.<br \/>\n\u00abNous sommes particuli\u00e8rement satisfaits de cette journ\u00e9e. Tout le monde a jou\u00e9 le jeu.<\/p>\n<p><span style=\"color: #000000\"><strong><em>Les Ts1 et Ts2<\/em><\/strong><\/span> se sont bien m\u00e9lang\u00e9s et ont ainsi gliss\u00e9 vers le statut d\u2019\u00e9tudiants \u00bb, expliquent les \u00e9tudiants de Ts2.<br \/>\n\u00ab Nous avons appr\u00e9ci\u00e9 ce moment. Les activit\u00e9s propos\u00e9es \u00e9taient \u00e0 la port\u00e9e de tous.<br \/>\nNous essaierons de faire aussi bien, voire mieux l\u2019ann\u00e9e prochaine \u00bb, ajoutent les \u00e9tudiants de Ts1.<\/p>\n<figure id=\"attachment_1078\" aria-describedby=\"caption-attachment-1078\" style=\"width: 342px\" class=\"wp-caption alignnone\"><a href=\"https:\/\/i0.wp.com\/blogs.lyceecfadumene.fr\/tyanheol\/files\/2014\/10\/integration01.png?ssl=1\"><img data-recalc-dims=\"1\" loading=\"lazy\" decoding=\"async\" data-attachment-id=\"1078\" data-permalink=\"https:\/\/blogs.lyceecfadumene.fr\/tyanheol\/2014\/10\/03\/journee-dintegration-reussie-pour-les-ts1-et-ts2\/integration01\/\" data-orig-file=\"https:\/\/i0.wp.com\/blogs.lyceecfadumene.fr\/tyanheol\/files\/2014\/10\/integration01.png?fit=800%2C600&amp;ssl=1\" data-orig-size=\"800,600\" data-comments-opened=\"1\" data-image-meta=\"{&quot;aperture&quot;:&quot;0&quot;,&quot;credit&quot;:&quot;&quot;,&quot;camera&quot;:&quot;&quot;,&quot;caption&quot;:&quot;&quot;,&quot;created_timestamp&quot;:&quot;0&quot;,&quot;copyright&quot;:&quot;&quot;,&quot;focal_length&quot;:&quot;0&quot;,&quot;iso&quot;:&quot;0&quot;,&quot;shutter_speed&quot;:&quot;0&quot;,&quot;title&quot;:&quot;&quot;,&quot;orientation&quot;:&quot;0&quot;}\" data-image-title=\"integration01\" data-image-description=\"\" data-image-caption=\"\" data-large-file=\"https:\/\/i0.wp.com\/blogs.lyceecfadumene.fr\/tyanheol\/files\/2014\/10\/integration01.png?fit=604%2C453&amp;ssl=1\" class=\"wp-image-1078\" style=\"border: 1px solid Black\" src=\"https:\/\/i0.wp.com\/blogs.lyceecfadumene.fr\/tyanheol\/files\/2014\/10\/integration01.png?resize=342%2C259&#038;ssl=1\" alt=\"integration01\" width=\"342\" height=\"259\" \/><\/a><figcaption id=\"caption-attachment-1078\" class=\"wp-caption-text\">Jeu de glisse<\/figcaption><\/figure>\n<p><span style=\"color: #000000\">Cette journ\u00e9e<\/span> avait \u00e9t\u00e9 pr\u00e9par\u00e9e par les \u00e9tudiants de Ts2 sous la conduite de R\u00e9gis Debarle et de Laurent Defossez.<\/p>\n","protected":false},"excerpt":{"rendered":"<p>Vendredi 12, les cinquante neuf \u00e9tudiants de Ts1 et Ts2 se sont retrouv\u00e9s \u00e0 8h, au Val de Landrouet, pour une journ\u00e9e r\u00e9ussie d&rsquo;int\u00e9gration <\/p>\n","protected":false},"author":43,"featured_media":0,"comment_status":"open","ping_status":"open","sticky":false,"template":"","format":"standard","meta":{"_jetpack_memberships_contains_paid_content":false,"footnotes":"","jetpack_publicize_message":"","jetpack_publicize_feature_enabled":true,"jetpack_social_post_already_shared":true,"jetpack_social_options":{"image_generator_settings":{"template":"highway","default_image_id":0,"font":"","enabled":false},"version":2}},"categories":[9177],"tags":[3647,25414,25415],"class_list":["post-1076","post","type-post","status-publish","format-standard","hentry","category-sorties","tag-integration","tag-ts1","tag-ts2"],"aioseo_notices":[],"jetpack_publicize_connections":[],"jetpack_featured_media_url":"","jetpack_shortlink":"https:\/\/wp.me\/p1SrOO-hm","jetpack_sharing_enabled":true,"_links":{"self":[{"href":"https:\/\/blogs.lyceecfadumene.fr\/tyanheol\/wp-json\/wp\/v2\/posts\/1076","targetHints":{"allow":["GET"]}}],"collection":[{"href":"https:\/\/blogs.lyceecfadumene.fr\/tyanheol\/wp-json\/wp\/v2\/posts"}],"about":[{"href":"https:\/\/blogs.lyceecfadumene.fr\/tyanheol\/wp-json\/wp\/v2\/types\/post"}],"author":[{"embeddable":true,"href":"https:\/\/blogs.lyceecfadumene.fr\/tyanheol\/wp-json\/wp\/v2\/users\/43"}],"replies":[{"embeddable":true,"href":"https:\/\/blogs.lyceecfadumene.fr\/tyanheol\/wp-json\/wp\/v2\/comments?post=1076"}],"version-history":[{"count":0,"href":"https:\/\/blogs.lyceecfadumene.fr\/tyanheol\/wp-json\/wp\/v2\/posts\/1076\/revisions"}],"wp:attachment":[{"href":"https:\/\/blogs.lyceecfadumene.fr\/tyanheol\/wp-json\/wp\/v2\/media?parent=1076"}],"wp:term":[{"taxonomy":"category","embeddable":true,"href":"https:\/\/blogs.lyceecfadumene.fr\/tyanheol\/wp-json\/wp\/v2\/categories?post=1076"},{"taxonomy":"post_tag","embeddable":true,"href":"https:\/\/blogs.lyceecfadumene.fr\/tyanheol\/wp-json\/wp\/v2\/tags?post=1076"}],"curies":[{"name":"wp","href":"https:\/\/api.w.org\/{rel}","templated":true}]}}