{"id":1070,"date":"2014-09-26T14:54:17","date_gmt":"2014-09-26T12:54:17","guid":{"rendered":"http:\/\/blogs.lyceecfadumene.fr\/tyanheol\/?p=1070"},"modified":"2014-09-26T14:54:17","modified_gmt":"2014-09-26T12:54:17","slug":"laccueil-des-nouveaux-eleves-au-lycee-une-initiative-conjointe-de-lequipe-vie-scolaire-esc","status":"publish","type":"post","link":"https:\/\/blogs.lyceecfadumene.fr\/tyanheol\/2014\/09\/26\/laccueil-des-nouveaux-eleves-au-lycee-une-initiative-conjointe-de-lequipe-vie-scolaire-esc\/","title":{"rendered":"L&rsquo;accueil des nouveaux \u00e9lev\u00e9s au lyc\u00e9e : une initiative conjointe de l\u2019\u00e9quipe vie scolaire-esc"},"content":{"rendered":"<p><em><strong>Cette ann\u00e9e<\/strong> <\/em>encore, les Term. AP ont pr\u00e9par\u00e9 en amont, en fin de 1\u00e8re, bon nombres d&rsquo;activit\u00e9s favorisantes de l&rsquo;int\u00e9gration des plus jeunes dans ce nouvel environnement qu&rsquo;est le Lyc\u00e9e mais aussi la d\u00e9couverte, l&rsquo;adaptation \u00e0 la vie \u00e0 l&rsquo;internat pendant le semaine.<br \/>\n<em><strong>Tout d&rsquo;abord<\/strong>,<\/em> le mardi de la pr\u00e9- rentr\u00e9e, les Term. AP ont accueilli les jeunes et leurs familles, les ont accompagn\u00e9 \u00e0 l&rsquo;internat jusqu&rsquo;\u00e0 leur installation. Ils ont \u00e9galement pr\u00e9sent\u00e9 l&rsquo;ALESA et les activit\u00e9s propos\u00e9es dans ce cadre lors de l&rsquo;intervention de l&rsquo;\u00e9quipe de direction aupr\u00e8s des familles.<br \/>\n<em><strong>Puis<\/strong><\/em>, le mercredi apr\u00e8s-midi les Term. AP proposaient des jeux collectifs sur le site du Val de Landrou\u00ebt qui se terminaient par un go\u00fbter am\u00e9lior\u00e9 propos\u00e9 par l&rsquo;\u00e9quipe de cuisine. Avec cette ann\u00e9e, une prolongation au Stade de foot lors de la venue de l&rsquo;\u00e9quipe Pro du Stade Rennais.<\/p>\n<p><a href=\"https:\/\/i0.wp.com\/blogs.lyceecfadumene.fr\/tyanheol\/files\/2014\/09\/accueil.png?ssl=1\"><img data-recalc-dims=\"1\" loading=\"lazy\" decoding=\"async\" data-attachment-id=\"1071\" data-permalink=\"https:\/\/blogs.lyceecfadumene.fr\/tyanheol\/2014\/09\/26\/laccueil-des-nouveaux-eleves-au-lycee-une-initiative-conjointe-de-lequipe-vie-scolaire-esc\/accueil-2\/\" data-orig-file=\"https:\/\/i0.wp.com\/blogs.lyceecfadumene.fr\/tyanheol\/files\/2014\/09\/accueil.png?fit=800%2C600&amp;ssl=1\" data-orig-size=\"800,600\" data-comments-opened=\"1\" data-image-meta=\"{&quot;aperture&quot;:&quot;0&quot;,&quot;credit&quot;:&quot;&quot;,&quot;camera&quot;:&quot;&quot;,&quot;caption&quot;:&quot;&quot;,&quot;created_timestamp&quot;:&quot;0&quot;,&quot;copyright&quot;:&quot;&quot;,&quot;focal_length&quot;:&quot;0&quot;,&quot;iso&quot;:&quot;0&quot;,&quot;shutter_speed&quot;:&quot;0&quot;,&quot;title&quot;:&quot;&quot;,&quot;orientation&quot;:&quot;0&quot;}\" data-image-title=\"accueil\" data-image-description=\"\" data-image-caption=\"\" data-large-file=\"https:\/\/i0.wp.com\/blogs.lyceecfadumene.fr\/tyanheol\/files\/2014\/09\/accueil.png?fit=604%2C453&amp;ssl=1\" class=\"alignleft size-full wp-image-1071\" src=\"https:\/\/i0.wp.com\/blogs.lyceecfadumene.fr\/tyanheol\/files\/2014\/09\/accueil.png?resize=604%2C453&#038;ssl=1\" alt=\"accueil\" width=\"604\" height=\"453\" srcset=\"https:\/\/i0.wp.com\/blogs.lyceecfadumene.fr\/tyanheol\/files\/2014\/09\/accueil.png?w=800&amp;ssl=1 800w, https:\/\/i0.wp.com\/blogs.lyceecfadumene.fr\/tyanheol\/files\/2014\/09\/accueil.png?resize=300%2C225&amp;ssl=1 300w, https:\/\/i0.wp.com\/blogs.lyceecfadumene.fr\/tyanheol\/files\/2014\/09\/accueil.png?resize=400%2C300&amp;ssl=1 400w\" sizes=\"auto, (max-width: 604px) 100vw, 604px\" \/><\/a><br \/>\n<em><strong>Et<\/strong><strong>, le jeudi<\/strong><\/em>, une journ\u00e9e compl\u00e8te hors les murs. Destination l&rsquo;\u00eele d&rsquo;Arz. Un d\u00e9paysement complet assur\u00e9. Le matin : grands jeux collectifs. Pique-nique. Puis chasse aux tr\u00e9sors par \u00e9quipes, toujours coach\u00e9s par les Term AP.<br \/>\n<em><strong>La semaine suivante<\/strong>,<\/em> la soir\u00e9e libre du mardi a \u00e9t\u00e9 anim\u00e9e par de nombreux jeux par \u00e9quipes. Innovation cette ann\u00e9e : m\u00f6lki, palets, fl\u00e9chettes, P\u00e9tanque, &#8230; Presque toutes les activit\u00e9s se sont d\u00e9roul\u00e9es \u00e0 l&rsquo;ext\u00e9rieur. Il faut dire que la m\u00e9t\u00e9o \u00e9tait favorable.<br \/>\n<em><strong>Enfin<\/strong>,<\/em> Mardi dernier, les nouveaux et tous les \u00e9l\u00e8ves volontaires ont pris d&rsquo;assaut le cin\u00e9ma de Merdrignac (les 142 places \u00e9taient pratiquement toutes occup\u00e9es) pour aller voir \u00ab\u00a0LUCY\u00a0\u00bb, le dernier film de Luc Besson.<\/p>\n<p>&nbsp;<br \/>\nCette activit\u00e9 demande une pr\u00e9paration pointilleuse de la part des uns et des autres. Elle r\u00e9pond aux exigences du bien \u00eatre du jeune apprenant dans son nouvel environnement ; donc favorisante de son \u00e9panouissement personnel et gage de son implication future.<\/p>\n","protected":false},"excerpt":{"rendered":"<p>Cette ann\u00e9e encore, les Term. AP ont pr\u00e9par\u00e9 en amont, en fin de 1\u00e8re, bon nombres d&rsquo;activit\u00e9s favorisantes de l&rsquo;int\u00e9gration des plus jeunes dans ce nouvel environnement qu&rsquo;est le Lyc\u00e9e mais aussi la d\u00e9couverte, l&rsquo;adaptation \u00e0 la vie \u00e0 l&rsquo;internat pendant le semaine. Tout d&rsquo;abord, le mardi de la pr\u00e9- rentr\u00e9e, les Term. AP ont &hellip; <a href=\"https:\/\/blogs.lyceecfadumene.fr\/tyanheol\/2014\/09\/26\/laccueil-des-nouveaux-eleves-au-lycee-une-initiative-conjointe-de-lequipe-vie-scolaire-esc\/\" class=\"more-link\">Continuer la lecture de <span class=\"screen-reader-text\">L&rsquo;accueil des nouveaux \u00e9lev\u00e9s au lyc\u00e9e : une initiative conjointe de l\u2019\u00e9quipe vie scolaire-esc<\/span> <span class=\"meta-nav\">&rarr;<\/span><\/a><\/p>\n","protected":false},"author":43,"featured_media":0,"comment_status":"open","ping_status":"open","sticky":false,"template":"","format":"standard","meta":{"_jetpack_memberships_contains_paid_content":false,"footnotes":"","jetpack_publicize_message":"","jetpack_publicize_feature_enabled":true,"jetpack_social_post_already_shared":true,"jetpack_social_options":{"image_generator_settings":{"template":"highway","default_image_id":0,"font":"","enabled":false},"version":2}},"categories":[9177],"tags":[70,96,11701],"class_list":["post-1070","post","type-post","status-publish","format-standard","hentry","category-sorties","tag-accueil","tag-eleves","tag-rentree"],"aioseo_notices":[],"jetpack_publicize_connections":[],"jetpack_featured_media_url":"","jetpack_shortlink":"https:\/\/wp.me\/p1SrOO-hg","jetpack_sharing_enabled":true,"_links":{"self":[{"href":"https:\/\/blogs.lyceecfadumene.fr\/tyanheol\/wp-json\/wp\/v2\/posts\/1070","targetHints":{"allow":["GET"]}}],"collection":[{"href":"https:\/\/blogs.lyceecfadumene.fr\/tyanheol\/wp-json\/wp\/v2\/posts"}],"about":[{"href":"https:\/\/blogs.lyceecfadumene.fr\/tyanheol\/wp-json\/wp\/v2\/types\/post"}],"author":[{"embeddable":true,"href":"https:\/\/blogs.lyceecfadumene.fr\/tyanheol\/wp-json\/wp\/v2\/users\/43"}],"replies":[{"embeddable":true,"href":"https:\/\/blogs.lyceecfadumene.fr\/tyanheol\/wp-json\/wp\/v2\/comments?post=1070"}],"version-history":[{"count":0,"href":"https:\/\/blogs.lyceecfadumene.fr\/tyanheol\/wp-json\/wp\/v2\/posts\/1070\/revisions"}],"wp:attachment":[{"href":"https:\/\/blogs.lyceecfadumene.fr\/tyanheol\/wp-json\/wp\/v2\/media?parent=1070"}],"wp:term":[{"taxonomy":"category","embeddable":true,"href":"https:\/\/blogs.lyceecfadumene.fr\/tyanheol\/wp-json\/wp\/v2\/categories?post=1070"},{"taxonomy":"post_tag","embeddable":true,"href":"https:\/\/blogs.lyceecfadumene.fr\/tyanheol\/wp-json\/wp\/v2\/tags?post=1070"}],"curies":[{"name":"wp","href":"https:\/\/api.w.org\/{rel}","templated":true}]}}