{"id":1065,"date":"2014-09-26T14:01:46","date_gmt":"2014-09-26T12:01:46","guid":{"rendered":"http:\/\/blogs.lyceecfadumene.fr\/tyanheol\/?p=1065"},"modified":"2014-09-26T14:48:47","modified_gmt":"2014-09-26T12:48:47","slug":"un-apres-midi-futsal-a-merdignac","status":"publish","type":"post","link":"https:\/\/blogs.lyceecfadumene.fr\/tyanheol\/2014\/09\/26\/un-apres-midi-futsal-a-merdignac\/","title":{"rendered":"Un apr\u00e8s-midi futsal \u00e0 Merdignac"},"content":{"rendered":"<p><strong>L&rsquo;AS Lyc\u00e9e du Men\u00e9<\/strong> organisait une rencontre de Futsal ce mercredi 24 septembre, au complexe sportif.<br \/>\n3 Lyc\u00e9e avait fait le d\u00e9placement: Rostrenen, Quintin et Loud\u00e9ac, pour 8 \u00e9quipes engag\u00e9es.<\/p>\n<p>Chaque \u00e9quipe a jou\u00e9 4 matchs et arbitr\u00e9 au moins 2 matchs (2 arbitres de champs et 3 \u00e0 la table de marque).<\/p>\n<p>L&rsquo;ambiance \u00e9tait excellente, l\u2019accueil et l&rsquo;organisation parfaite. Un apr\u00e8s-midi UNSS comme on les aime !<\/p>\n<figure id=\"attachment_1067\" aria-describedby=\"caption-attachment-1067\" style=\"width: 800px\" class=\"wp-caption alignleft\"><a href=\"https:\/\/i0.wp.com\/blogs.lyceecfadumene.fr\/tyanheol\/files\/2014\/09\/futsal-002-redimensionner.jpg?ssl=1\"><img data-recalc-dims=\"1\" loading=\"lazy\" decoding=\"async\" data-attachment-id=\"1067\" data-permalink=\"https:\/\/blogs.lyceecfadumene.fr\/tyanheol\/2014\/09\/26\/un-apres-midi-futsal-a-merdignac\/futsal-002-redimensionner\/\" data-orig-file=\"https:\/\/i0.wp.com\/blogs.lyceecfadumene.fr\/tyanheol\/files\/2014\/09\/futsal-002-redimensionner.jpg?fit=800%2C600&amp;ssl=1\" data-orig-size=\"800,600\" data-comments-opened=\"1\" data-image-meta=\"{&quot;aperture&quot;:&quot;3.4&quot;,&quot;credit&quot;:&quot;&quot;,&quot;camera&quot;:&quot;Canon PowerShot SX200 IS&quot;,&quot;caption&quot;:&quot;&quot;,&quot;created_timestamp&quot;:&quot;1411567188&quot;,&quot;copyright&quot;:&quot;&quot;,&quot;focal_length&quot;:&quot;5&quot;,&quot;iso&quot;:&quot;320&quot;,&quot;shutter_speed&quot;:&quot;0.0166666666667&quot;,&quot;title&quot;:&quot;&quot;,&quot;orientation&quot;:&quot;0&quot;}\" data-image-title=\"44 joueurs ont participer a cet apr\u00e8s-midi.\" data-image-description=\"\" data-image-caption=\"&lt;p&gt;44 joueurs ont participer a cet apr\u00e8s-midi.&lt;\/p&gt;\n\" data-large-file=\"https:\/\/i0.wp.com\/blogs.lyceecfadumene.fr\/tyanheol\/files\/2014\/09\/futsal-002-redimensionner.jpg?fit=604%2C453&amp;ssl=1\" class=\"size-full wp-image-1067\" src=\"https:\/\/i0.wp.com\/blogs.lyceecfadumene.fr\/tyanheol\/files\/2014\/09\/futsal-002-redimensionner.jpg?resize=604%2C453&#038;ssl=1\" alt=\"44 joueurs ont participer a cet apr\u00e8s-midi.\" width=\"604\" height=\"453\" srcset=\"https:\/\/i0.wp.com\/blogs.lyceecfadumene.fr\/tyanheol\/files\/2014\/09\/futsal-002-redimensionner.jpg?w=800&amp;ssl=1 800w, https:\/\/i0.wp.com\/blogs.lyceecfadumene.fr\/tyanheol\/files\/2014\/09\/futsal-002-redimensionner.jpg?resize=300%2C225&amp;ssl=1 300w, https:\/\/i0.wp.com\/blogs.lyceecfadumene.fr\/tyanheol\/files\/2014\/09\/futsal-002-redimensionner.jpg?resize=400%2C300&amp;ssl=1 400w\" sizes=\"auto, (max-width: 604px) 100vw, 604px\" \/><\/a><figcaption id=\"caption-attachment-1067\" class=\"wp-caption-text\">44 joueurs ont particip\u00e9 \u00e0 cet apr\u00e8s-midi.<\/figcaption><\/figure>\n<p>Voici le classement \u00e0 l&rsquo;issue du tournoi\u00a0:<\/p>\n<p><strong>1 &#8211; Merdrignac 1<\/strong><br \/>\n2 &#8211; Loud\u00e9ac<br \/>\n<strong>3 &#8211; Merdrignac 2<\/strong><br \/>\n4 &#8211; Rostrenen 1<br \/>\n5 &#8211; Rostrenen 3<br \/>\n<strong>6 &#8211; Merdrignac 3<\/strong><br \/>\n7 &#8211; Rostrenen 2<br \/>\n8 &#8211; Quintin<\/p>\n<p>A bient\u00f4t,<\/p>\n<p>L&rsquo;\u00e9quipe EPS<\/p>\n","protected":false},"excerpt":{"rendered":"<p>L&rsquo;AS Lyc\u00e9e du Men\u00e9 organisait une rencontre de Futsal ce mercredi 24 septembre, au complexe sportif. 3 Lyc\u00e9e avait fait le d\u00e9placement: Rostrenen, Quintin et Loud\u00e9ac, pour 8 \u00e9quipes engag\u00e9es. Chaque \u00e9quipe a jou\u00e9 4 matchs et arbitr\u00e9 au moins 2 matchs (2 arbitres de champs et 3 \u00e0 la table de marque). L&rsquo;ambiance \u00e9tait &hellip; <a href=\"https:\/\/blogs.lyceecfadumene.fr\/tyanheol\/2014\/09\/26\/un-apres-midi-futsal-a-merdignac\/\" class=\"more-link\">Continuer la lecture de <span class=\"screen-reader-text\">Un apr\u00e8s-midi futsal \u00e0 Merdignac<\/span> <span class=\"meta-nav\">&rarr;<\/span><\/a><\/p>\n","protected":false},"author":43,"featured_media":1067,"comment_status":"open","ping_status":"open","sticky":false,"template":"","format":"standard","meta":{"_jetpack_memberships_contains_paid_content":false,"footnotes":"","jetpack_publicize_message":"","jetpack_publicize_feature_enabled":true,"jetpack_social_post_already_shared":true,"jetpack_social_options":{"image_generator_settings":{"template":"highway","default_image_id":0,"font":"","enabled":false},"version":2}},"categories":[15105],"tags":[8521,16190,3643],"class_list":["post-1065","post","type-post","status-publish","format-standard","has-post-thumbnail","hentry","category-association-sportive","tag-futsal","tag-futsal-merdrignac","tag-ty-an-heol"],"aioseo_notices":[],"jetpack_publicize_connections":[],"jetpack_featured_media_url":"https:\/\/i0.wp.com\/blogs.lyceecfadumene.fr\/tyanheol\/files\/2014\/09\/futsal-002-redimensionner.jpg?fit=800%2C600&ssl=1","jetpack_shortlink":"https:\/\/wp.me\/p1SrOO-hb","jetpack_sharing_enabled":true,"_links":{"self":[{"href":"https:\/\/blogs.lyceecfadumene.fr\/tyanheol\/wp-json\/wp\/v2\/posts\/1065","targetHints":{"allow":["GET"]}}],"collection":[{"href":"https:\/\/blogs.lyceecfadumene.fr\/tyanheol\/wp-json\/wp\/v2\/posts"}],"about":[{"href":"https:\/\/blogs.lyceecfadumene.fr\/tyanheol\/wp-json\/wp\/v2\/types\/post"}],"author":[{"embeddable":true,"href":"https:\/\/blogs.lyceecfadumene.fr\/tyanheol\/wp-json\/wp\/v2\/users\/43"}],"replies":[{"embeddable":true,"href":"https:\/\/blogs.lyceecfadumene.fr\/tyanheol\/wp-json\/wp\/v2\/comments?post=1065"}],"version-history":[{"count":0,"href":"https:\/\/blogs.lyceecfadumene.fr\/tyanheol\/wp-json\/wp\/v2\/posts\/1065\/revisions"}],"wp:featuredmedia":[{"embeddable":true,"href":"https:\/\/blogs.lyceecfadumene.fr\/tyanheol\/wp-json\/wp\/v2\/media\/1067"}],"wp:attachment":[{"href":"https:\/\/blogs.lyceecfadumene.fr\/tyanheol\/wp-json\/wp\/v2\/media?parent=1065"}],"wp:term":[{"taxonomy":"category","embeddable":true,"href":"https:\/\/blogs.lyceecfadumene.fr\/tyanheol\/wp-json\/wp\/v2\/categories?post=1065"},{"taxonomy":"post_tag","embeddable":true,"href":"https:\/\/blogs.lyceecfadumene.fr\/tyanheol\/wp-json\/wp\/v2\/tags?post=1065"}],"curies":[{"name":"wp","href":"https:\/\/api.w.org\/{rel}","templated":true}]}}