{"id":1052,"date":"2014-06-16T22:12:26","date_gmt":"2014-06-16T20:12:26","guid":{"rendered":"http:\/\/blogs.lyceecfadumene.fr\/tyanheol\/?p=1052"},"modified":"2014-06-16T22:12:26","modified_gmt":"2014-06-16T20:12:26","slug":"voyage-cap-fleuriste-pays-bas-16-06","status":"publish","type":"post","link":"https:\/\/blogs.lyceecfadumene.fr\/tyanheol\/2014\/06\/16\/voyage-cap-fleuriste-pays-bas-16-06\/","title":{"rendered":"voyage cap fleuriste Pays-Bas 16.06"},"content":{"rendered":"<p>Apr\u00e8s un long voyage,nous sommes bien arriv\u00e9s \u00e0 destination bien fatigu\u00e9s.Nous avons fait une halte \u00e0 Bruxelle chez deux anciennes \u00e9l\u00e8ves de cap: Doris Plapous et Elo\u00efse Renou qui nous ont fait d\u00e9couvrir leur magasin et les sp\u00e9cificit\u00e9s belges. La journ\u00e9e s&rsquo;est termin\u00e9e par \u00a0la visite rapide des moulins \u00a0de Kinderdjik .Les photos seront pour demain.<\/p>\n","protected":false},"excerpt":{"rendered":"<p>Apr\u00e8s un long voyage,nous sommes bien arriv\u00e9s \u00e0 destination bien fatigu\u00e9s.Nous avons fait une halte \u00e0 Bruxelle chez deux anciennes \u00e9l\u00e8ves de cap: Doris Plapous et Elo\u00efse Renou qui nous ont fait d\u00e9couvrir leur magasin et les sp\u00e9cificit\u00e9s belges. La journ\u00e9e s&rsquo;est termin\u00e9e par \u00a0la visite rapide des moulins \u00a0de Kinderdjik .Les photos seront pour &hellip; <a href=\"https:\/\/blogs.lyceecfadumene.fr\/tyanheol\/2014\/06\/16\/voyage-cap-fleuriste-pays-bas-16-06\/\" class=\"more-link\">Continuer la lecture de <span class=\"screen-reader-text\">voyage cap fleuriste Pays-Bas 16.06<\/span> <span class=\"meta-nav\">&rarr;<\/span><\/a><\/p>\n","protected":false},"author":43,"featured_media":0,"comment_status":"open","ping_status":"open","sticky":false,"template":"","format":"standard","meta":{"_jetpack_memberships_contains_paid_content":false,"footnotes":"","jetpack_publicize_message":"","jetpack_publicize_feature_enabled":true,"jetpack_social_post_already_shared":true,"jetpack_social_options":{"image_generator_settings":{"template":"highway","default_image_id":0,"font":"","enabled":false},"version":2}},"categories":[79],"tags":[],"class_list":["post-1052","post","type-post","status-publish","format-standard","hentry","category-hollande"],"aioseo_notices":[],"jetpack_publicize_connections":[],"jetpack_featured_media_url":"","jetpack_shortlink":"https:\/\/wp.me\/p1SrOO-gY","jetpack_sharing_enabled":true,"_links":{"self":[{"href":"https:\/\/blogs.lyceecfadumene.fr\/tyanheol\/wp-json\/wp\/v2\/posts\/1052","targetHints":{"allow":["GET"]}}],"collection":[{"href":"https:\/\/blogs.lyceecfadumene.fr\/tyanheol\/wp-json\/wp\/v2\/posts"}],"about":[{"href":"https:\/\/blogs.lyceecfadumene.fr\/tyanheol\/wp-json\/wp\/v2\/types\/post"}],"author":[{"embeddable":true,"href":"https:\/\/blogs.lyceecfadumene.fr\/tyanheol\/wp-json\/wp\/v2\/users\/43"}],"replies":[{"embeddable":true,"href":"https:\/\/blogs.lyceecfadumene.fr\/tyanheol\/wp-json\/wp\/v2\/comments?post=1052"}],"version-history":[{"count":0,"href":"https:\/\/blogs.lyceecfadumene.fr\/tyanheol\/wp-json\/wp\/v2\/posts\/1052\/revisions"}],"wp:attachment":[{"href":"https:\/\/blogs.lyceecfadumene.fr\/tyanheol\/wp-json\/wp\/v2\/media?parent=1052"}],"wp:term":[{"taxonomy":"category","embeddable":true,"href":"https:\/\/blogs.lyceecfadumene.fr\/tyanheol\/wp-json\/wp\/v2\/categories?post=1052"},{"taxonomy":"post_tag","embeddable":true,"href":"https:\/\/blogs.lyceecfadumene.fr\/tyanheol\/wp-json\/wp\/v2\/tags?post=1052"}],"curies":[{"name":"wp","href":"https:\/\/api.w.org\/{rel}","templated":true}]}}