{"id":1045,"date":"2014-06-11T13:59:59","date_gmt":"2014-06-11T11:59:59","guid":{"rendered":"http:\/\/blogs.lyceecfadumene.fr\/tyanheol\/?p=1045"},"modified":"2014-06-12T15:45:28","modified_gmt":"2014-06-12T13:45:28","slug":"sejour-a-barcelone-pour-les-bts-ap-2","status":"publish","type":"post","link":"https:\/\/blogs.lyceecfadumene.fr\/tyanheol\/2014\/06\/11\/sejour-a-barcelone-pour-les-bts-ap-2\/","title":{"rendered":"S\u00e9jour \u00e0 Barcelone pour les BTS AP 2"},"content":{"rendered":"<p><strong>Du 22 au 29 Mai, les \u00e9tudiants de BTS AP<\/strong> sont partis \u00e0 Barcelone visiter les magnifiques jardins de la Costa Brava. Malgr\u00e9 un temps mitig\u00e9, les \u00e9tudiants sont rentr\u00e9s ravis de leurs visites.<br \/>\nIls se sont bien int\u00e9gr\u00e9s \u00e0 la population locale et \u00e9tudiante de l&rsquo;auberge de jeunesse o\u00f9 ils ont pu pratiquer couramment leur langue f\u00e9tiche : \u00ab\u00a0l&rsquo;anglais\u00a0\u00bb , c&rsquo;est madame Gaubicher qui va \u00eatre contente&#8230; \ud83d\ude09<\/p>\n","protected":false},"excerpt":{"rendered":"<p>Du 22 au 29 Mai, les \u00e9l\u00e8ves de BTS AP sont partis \u00e0 Barcelone visiter des magnifiques lieux.<\/p>\n","protected":false},"author":43,"featured_media":0,"comment_status":"open","ping_status":"open","sticky":false,"template":"","format":"standard","meta":{"_jetpack_memberships_contains_paid_content":false,"footnotes":"","jetpack_publicize_message":"","jetpack_publicize_feature_enabled":true,"jetpack_social_post_already_shared":true,"jetpack_social_options":{"image_generator_settings":{"template":"highway","default_image_id":0,"font":"","enabled":false},"version":2}},"categories":[104],"tags":[15129,16188,88],"class_list":["post-1045","post","type-post","status-publish","format-standard","hentry","category-voyage","tag-barcelone","tag-bts-ap","tag-voyage-detude"],"aioseo_notices":[],"jetpack_publicize_connections":[],"jetpack_featured_media_url":"","jetpack_shortlink":"https:\/\/wp.me\/p1SrOO-gR","jetpack_sharing_enabled":true,"_links":{"self":[{"href":"https:\/\/blogs.lyceecfadumene.fr\/tyanheol\/wp-json\/wp\/v2\/posts\/1045","targetHints":{"allow":["GET"]}}],"collection":[{"href":"https:\/\/blogs.lyceecfadumene.fr\/tyanheol\/wp-json\/wp\/v2\/posts"}],"about":[{"href":"https:\/\/blogs.lyceecfadumene.fr\/tyanheol\/wp-json\/wp\/v2\/types\/post"}],"author":[{"embeddable":true,"href":"https:\/\/blogs.lyceecfadumene.fr\/tyanheol\/wp-json\/wp\/v2\/users\/43"}],"replies":[{"embeddable":true,"href":"https:\/\/blogs.lyceecfadumene.fr\/tyanheol\/wp-json\/wp\/v2\/comments?post=1045"}],"version-history":[{"count":0,"href":"https:\/\/blogs.lyceecfadumene.fr\/tyanheol\/wp-json\/wp\/v2\/posts\/1045\/revisions"}],"wp:attachment":[{"href":"https:\/\/blogs.lyceecfadumene.fr\/tyanheol\/wp-json\/wp\/v2\/media?parent=1045"}],"wp:term":[{"taxonomy":"category","embeddable":true,"href":"https:\/\/blogs.lyceecfadumene.fr\/tyanheol\/wp-json\/wp\/v2\/categories?post=1045"},{"taxonomy":"post_tag","embeddable":true,"href":"https:\/\/blogs.lyceecfadumene.fr\/tyanheol\/wp-json\/wp\/v2\/tags?post=1045"}],"curies":[{"name":"wp","href":"https:\/\/api.w.org\/{rel}","templated":true}]}}