{"id":1041,"date":"2014-06-17T22:10:11","date_gmt":"2014-06-17T20:10:11","guid":{"rendered":"http:\/\/blogs.lyceecfadumene.fr\/tyanheol\/?p=1041"},"modified":"2014-06-17T22:10:11","modified_gmt":"2014-06-17T20:10:11","slug":"2eme-journee-cap-fleuristes-aux-pays-bas","status":"publish","type":"post","link":"https:\/\/blogs.lyceecfadumene.fr\/tyanheol\/2014\/06\/17\/2eme-journee-cap-fleuristes-aux-pays-bas\/","title":{"rendered":"2\u00e9me journ\u00e9e CAP fleuristes aux Pays-Bas"},"content":{"rendered":"<p><span style=\"color: #ff00ff\">Aalsmer t\u00f4t ce matin<\/span>. Visite du plus grand march\u00e9 au cadran de fleurs au monde.<\/p>\n<p>&#8211; 4,3 milliards de fleurs et plantes vendues par an.<\/p>\n<p>&#8211; 60 pays importent sur le march\u00e9 Hollandais.<\/p>\n<p>&#8211; Exportation des fleurs sur 140 pays.<\/p>\n<p>&#8211; 15millions de chiffre d&rsquo;affaires par jour \u00e0 Aalsmeer.<\/p>\n<p>Surface du site l&rsquo;\u00e9quivalent de 200 Terrains de foot.<\/p>\n<p><span style=\"color: #ff00ff\">Visite d&rsquo;une jardinerie Groenrijk de Nleuw Vennep<\/span><\/p>\n<p>Depuis 2 ans la tendance de la consommation est de vivre dans le jardin du coup les Hollandais ach\u00e8tent \u00e9norm\u00e9ment en plantation, en mobilier de jardin, potager, barbecue&#8230; On peut consid\u00e9rer que les jardineries fran\u00e7aises sont aussi bien assorties que les jardineries Hollandaises, nous avons remarqu\u00e9 que nos jardineries ne sont pas \u00e9quip\u00e9es de restaurant.<\/p>\n<p><span style=\"color: #ff00ff\"> Apr\u00e8s-midi :<\/span><\/p>\n<p><span style=\"color: #ff00ff\">Producteur d&rsquo;orchid\u00e9es VOC<\/span><\/p>\n<p>-Exploitation sur 2,5 hectares.<\/p>\n<p>-Productions de Phalaenopsis.<\/p>\n<p>&#8211; Diff\u00e9rentes couleurs, avec une tendance \u00e0 la fleur panach\u00e9e ou tigr\u00e9e.<\/p>\n<p>-Les plants arrivent de Tha\u00eflande en motte.<\/p>\n<p>&#8211; Les plantes sont remport\u00e9es dans des copeaux de pins, la production sur place se d\u00e9roule sur 1 an voir 1 an et demi.<\/p>\n<p><span style=\"color: #ff00ff\">Temps libre \u00e0 Haarlem Visite des petites rues typiques<\/span><\/p>\n<p>Visite d&rsquo;un <span style=\"color: #ff00ff\">fleuriste<\/span> qui vend des fleurs <span style=\"color: #ff00ff\">biologiques<\/span>. Les clients peuvent choisir eux m\u00eames leurs gammes. Joli magasin avec un chouette accueil. Et enfin shopping dans Haarlem.<\/p>\n<p>Axelle, Oc\u00e9ane, Tiphaine, Karen.<\/p>\n","protected":false},"excerpt":{"rendered":"<p>Aalsmer t\u00f4t ce matin. Visite du plus grand march\u00e9 au cadran de fleurs au monde. &#8211; 4,3 milliards de fleurs et plantes vendues par an. &#8211; 60 pays importent sur le march\u00e9 Hollandais. &#8211; Exportation des fleurs sur 140 pays. &#8211; 15millions de chiffre d&rsquo;affaires par jour \u00e0 Aalsmeer. Surface du site l&rsquo;\u00e9quivalent de 200 &hellip; <a href=\"https:\/\/blogs.lyceecfadumene.fr\/tyanheol\/2014\/06\/17\/2eme-journee-cap-fleuristes-aux-pays-bas\/\" class=\"more-link\">Continuer la lecture de <span class=\"screen-reader-text\">2\u00e9me journ\u00e9e CAP fleuristes aux Pays-Bas<\/span> <span class=\"meta-nav\">&rarr;<\/span><\/a><\/p>\n","protected":false},"author":43,"featured_media":0,"comment_status":"open","ping_status":"open","sticky":false,"template":"","format":"standard","meta":{"_jetpack_memberships_contains_paid_content":false,"footnotes":"","jetpack_publicize_message":"","jetpack_publicize_feature_enabled":true,"jetpack_social_post_already_shared":true,"jetpack_social_options":{"image_generator_settings":{"template":"highway","default_image_id":0,"font":"","enabled":false},"version":2}},"categories":[1],"tags":[],"class_list":["post-1041","post","type-post","status-publish","format-standard","hentry","category-non-classe"],"aioseo_notices":[],"jetpack_publicize_connections":[],"jetpack_featured_media_url":"","jetpack_shortlink":"https:\/\/wp.me\/p1SrOO-gN","jetpack_sharing_enabled":true,"_links":{"self":[{"href":"https:\/\/blogs.lyceecfadumene.fr\/tyanheol\/wp-json\/wp\/v2\/posts\/1041","targetHints":{"allow":["GET"]}}],"collection":[{"href":"https:\/\/blogs.lyceecfadumene.fr\/tyanheol\/wp-json\/wp\/v2\/posts"}],"about":[{"href":"https:\/\/blogs.lyceecfadumene.fr\/tyanheol\/wp-json\/wp\/v2\/types\/post"}],"author":[{"embeddable":true,"href":"https:\/\/blogs.lyceecfadumene.fr\/tyanheol\/wp-json\/wp\/v2\/users\/43"}],"replies":[{"embeddable":true,"href":"https:\/\/blogs.lyceecfadumene.fr\/tyanheol\/wp-json\/wp\/v2\/comments?post=1041"}],"version-history":[{"count":0,"href":"https:\/\/blogs.lyceecfadumene.fr\/tyanheol\/wp-json\/wp\/v2\/posts\/1041\/revisions"}],"wp:attachment":[{"href":"https:\/\/blogs.lyceecfadumene.fr\/tyanheol\/wp-json\/wp\/v2\/media?parent=1041"}],"wp:term":[{"taxonomy":"category","embeddable":true,"href":"https:\/\/blogs.lyceecfadumene.fr\/tyanheol\/wp-json\/wp\/v2\/categories?post=1041"},{"taxonomy":"post_tag","embeddable":true,"href":"https:\/\/blogs.lyceecfadumene.fr\/tyanheol\/wp-json\/wp\/v2\/tags?post=1041"}],"curies":[{"name":"wp","href":"https:\/\/api.w.org\/{rel}","templated":true}]}}