{"id":826,"date":"2023-09-04T15:14:18","date_gmt":"2023-09-04T13:14:18","guid":{"rendered":"https:\/\/blogs.lyceecfadumene.fr\/cdr\/?p=826"},"modified":"2023-10-24T16:01:19","modified_gmt":"2023-10-24T14:01:19","slug":"newsletter-de-septembre-2023","status":"publish","type":"post","link":"https:\/\/blogs.lyceecfadumene.fr\/cdr\/2023\/09\/04\/newsletter-de-septembre-2023\/","title":{"rendered":"Newsletter de Septembre 2023"},"content":{"rendered":"\n<p>Comme chaque mois, nous vous proposons une Newsletter \u00e0 destination des personnels de l&rsquo;\u00e9quipe p\u00e9dagogique et administrative du CFA de Merdrignac. <br>Vous souhaitant une bonne lecture<\/p>\n\n\n\n<p>Le P\u00f4le Accompagnement<\/p>\n\n\n\n<div data-wp-interactive=\"core\/file\" class=\"wp-block-file alignwide\"><object data-wp-bind--hidden=\"!state.hasPdfPreview\" hidden class=\"wp-block-file__embed\" data=\"https:\/\/blogs.lyceecfadumene.fr\/cdr\/files\/2023\/10\/Newsletter-12-Septembre-23-v1.pdf\" type=\"application\/pdf\" style=\"width:100%;height:600px\" aria-label=\"Contenu embarqu\u00e9 Newsletter-12-Septembre-23-v1.\"><\/object><a id=\"wp-block-file--media-bfbded5b-e57d-4aa8-a4c4-cbe935ce4640\" href=\"https:\/\/blogs.lyceecfadumene.fr\/cdr\/files\/2023\/10\/Newsletter-12-Septembre-23-v1.pdf\">Newsletter-12-Septembre-23-v1<\/a><a href=\"https:\/\/blogs.lyceecfadumene.fr\/cdr\/files\/2023\/10\/Newsletter-12-Septembre-23-v1.pdf\" class=\"wp-block-file__button wp-element-button\" download aria-describedby=\"wp-block-file--media-bfbded5b-e57d-4aa8-a4c4-cbe935ce4640\">T\u00e9l\u00e9charger<\/a><\/div>\n","protected":false},"excerpt":{"rendered":"<p>Comme chaque mois, nous vous proposons une Newsletter \u00e0 destination des personnels de l&rsquo;\u00e9quipe p\u00e9dagogique et administrative du CFA de Merdrignac. Vous souhaitant une bonne lecture Le P\u00f4le Accompagnement<\/p>\n","protected":false},"author":103,"featured_media":829,"comment_status":"open","ping_status":"open","sticky":false,"template":"","format":"standard","meta":{"_jetpack_memberships_contains_paid_content":false,"footnotes":""},"categories":[1],"tags":[],"class_list":["post-826","post","type-post","status-publish","format-standard","has-post-thumbnail","hentry","category-non-classe"],"aioseo_notices":[],"jetpack_featured_media_url":"https:\/\/i0.wp.com\/blogs.lyceecfadumene.fr\/cdr\/files\/2022\/09\/minia-news-septembre-2023.png?fit=908%2C459&ssl=1","jetpack_sharing_enabled":true,"jetpack-related-posts":[{"id":279,"url":"https:\/\/blogs.lyceecfadumene.fr\/cdr\/2022\/09\/15\/le-pole-accompagnement\/","url_meta":{"origin":826,"position":0},"title":"Le P\u00f4le Accompagnement","author":"fdouan","date":"15 septembre 2022","format":false,"excerpt":"Qu'est-ce que c'est ? Le P\u00f4le Accompagnement est un regroupement des services CDR et Handicap. Il a d\u00e9but\u00e9 lors d'une formation visant \u00e0 am\u00e9liorer la collaboration des r\u00e9f\u00e9rents handicap et des animateurs CDR. En effet, les objectifs des deux services sont similaires : r\u00e9pondre aux besoins sp\u00e9cifiques des apprenants. En\u2026","rel":"","context":"Dans &quot;Non class\u00e9&quot;","block_context":{"text":"Non class\u00e9","link":"https:\/\/blogs.lyceecfadumene.fr\/cdr\/category\/non-classe\/"},"img":{"alt_text":"","src":"https:\/\/i0.wp.com\/blogs.lyceecfadumene.fr\/cdr\/files\/2022\/09\/pole-accompagnement-logo.png?fit=534%2C422&ssl=1&resize=350%2C200","width":350,"height":200,"srcset":"https:\/\/i0.wp.com\/blogs.lyceecfadumene.fr\/cdr\/files\/2022\/09\/pole-accompagnement-logo.png?fit=534%2C422&ssl=1&resize=350%2C200 1x, https:\/\/i0.wp.com\/blogs.lyceecfadumene.fr\/cdr\/files\/2022\/09\/pole-accompagnement-logo.png?fit=534%2C422&ssl=1&resize=525%2C300 1.5x"},"classes":[]},{"id":803,"url":"https:\/\/blogs.lyceecfadumene.fr\/cdr\/2023\/10\/17\/newsletter-doctobre-2023\/","url_meta":{"origin":826,"position":1},"title":"Newsletter d&rsquo;Octobre 2023","author":"fdouan","date":"17 octobre 2023","format":false,"excerpt":"Comme chaque mois, nous vous proposons une Newsletter \u00e0 destination des personnels de l'\u00e9quipe p\u00e9dagogique et administrative du CFA de Merdrignac. Vous souhaitant une bonne lecture Le P\u00f4le Accompagnement Newsletter-13-Octobre-23-v1T\u00e9l\u00e9charger","rel":"","context":"Dans &quot;Newsletter&quot;","block_context":{"text":"Newsletter","link":"https:\/\/blogs.lyceecfadumene.fr\/cdr\/category\/newsletter\/"},"img":{"alt_text":"","src":"https:\/\/i0.wp.com\/blogs.lyceecfadumene.fr\/cdr\/files\/2023\/10\/minia-news-octobre-2023.png?fit=910%2C475&ssl=1&resize=350%2C200","width":350,"height":200,"srcset":"https:\/\/i0.wp.com\/blogs.lyceecfadumene.fr\/cdr\/files\/2023\/10\/minia-news-octobre-2023.png?fit=910%2C475&ssl=1&resize=350%2C200 1x, https:\/\/i0.wp.com\/blogs.lyceecfadumene.fr\/cdr\/files\/2023\/10\/minia-news-octobre-2023.png?fit=910%2C475&ssl=1&resize=525%2C300 1.5x, https:\/\/i0.wp.com\/blogs.lyceecfadumene.fr\/cdr\/files\/2023\/10\/minia-news-octobre-2023.png?fit=910%2C475&ssl=1&resize=700%2C400 2x"},"classes":[]},{"id":837,"url":"https:\/\/blogs.lyceecfadumene.fr\/cdr\/2023\/05\/08\/newsletter-de-mai-2023\/","url_meta":{"origin":826,"position":2},"title":"Newsletter de Mai 2023","author":"fdouan","date":"8 mai 2023","format":false,"excerpt":"Comme chaque mois, nous vous proposons une Newsletter \u00e0 destination des personnels de l'\u00e9quipe p\u00e9dagogique et administrative du CFA de Merdrignac. Vous souhaitant une bonne lectureLe P\u00f4le Accompagnement Newsletter-11-Mai-23-v1T\u00e9l\u00e9charger","rel":"","context":"Dans &quot;Non class\u00e9&quot;","block_context":{"text":"Non class\u00e9","link":"https:\/\/blogs.lyceecfadumene.fr\/cdr\/category\/non-classe\/"},"img":{"alt_text":"","src":"","width":0,"height":0},"classes":[]},{"id":1011,"url":"https:\/\/blogs.lyceecfadumene.fr\/cdr\/2023\/12\/11\/newsletter-de-decembre-2023\/","url_meta":{"origin":826,"position":3},"title":"Newsletter de D\u00e9cembre 2023","author":"fdouan","date":"11 d\u00e9cembre 2023","format":false,"excerpt":"Comme chaque mois, nous vous proposons une Newsletter \u00e0 destination des personnels de l\u2019\u00e9quipe p\u00e9dagogique et administrative du CFA de Merdrignac.Vous souhaitant une bonne lecture Le P\u00f4le Accompagnement Newsletter-15-Decembre-23-v1","rel":"","context":"Dans &quot;Non class\u00e9&quot;","block_context":{"text":"Non class\u00e9","link":"https:\/\/blogs.lyceecfadumene.fr\/cdr\/category\/non-classe\/"},"img":{"alt_text":"","src":"","width":0,"height":0},"classes":[]},{"id":1015,"url":"https:\/\/blogs.lyceecfadumene.fr\/cdr\/2024\/01\/17\/newsletter-de-janvier-2024\/","url_meta":{"origin":826,"position":4},"title":"Newsletter de Janvier 2024","author":"fdouan","date":"17 janvier 2024","format":false,"excerpt":"Comme chaque mois, nous vous proposons une Newsletter \u00e0 destination des personnels de l\u2019\u00e9quipe p\u00e9dagogique et administrative du CFA de Merdrignac.Vous souhaitant une bonne lecture Le P\u00f4le Accompagnement Newsletter-16-Janvier-24-v1","rel":"","context":"Dans &quot;Non class\u00e9&quot;","block_context":{"text":"Non class\u00e9","link":"https:\/\/blogs.lyceecfadumene.fr\/cdr\/category\/non-classe\/"},"img":{"alt_text":"","src":"","width":0,"height":0},"classes":[]},{"id":1019,"url":"https:\/\/blogs.lyceecfadumene.fr\/cdr\/2024\/02\/12\/newsletter-de-fevrier-2024\/","url_meta":{"origin":826,"position":5},"title":"Newsletter de F\u00e9vrier 2024","author":"fdouan","date":"12 f\u00e9vrier 2024","format":false,"excerpt":"Comme chaque mois, nous vous proposons une Newsletter \u00e0 destination des personnels de l\u2019\u00e9quipe p\u00e9dagogique et administrative du CFA de Merdrignac.Vous souhaitant une bonne lecture Le P\u00f4le Accompagnement Newsletter-17-Fevrier-24-v1-1","rel":"","context":"Dans &quot;Non class\u00e9&quot;","block_context":{"text":"Non class\u00e9","link":"https:\/\/blogs.lyceecfadumene.fr\/cdr\/category\/non-classe\/"},"img":{"alt_text":"","src":"","width":0,"height":0},"classes":[]}],"_links":{"self":[{"href":"https:\/\/blogs.lyceecfadumene.fr\/cdr\/wp-json\/wp\/v2\/posts\/826","targetHints":{"allow":["GET"]}}],"collection":[{"href":"https:\/\/blogs.lyceecfadumene.fr\/cdr\/wp-json\/wp\/v2\/posts"}],"about":[{"href":"https:\/\/blogs.lyceecfadumene.fr\/cdr\/wp-json\/wp\/v2\/types\/post"}],"author":[{"embeddable":true,"href":"https:\/\/blogs.lyceecfadumene.fr\/cdr\/wp-json\/wp\/v2\/users\/103"}],"replies":[{"embeddable":true,"href":"https:\/\/blogs.lyceecfadumene.fr\/cdr\/wp-json\/wp\/v2\/comments?post=826"}],"version-history":[{"count":1,"href":"https:\/\/blogs.lyceecfadumene.fr\/cdr\/wp-json\/wp\/v2\/posts\/826\/revisions"}],"predecessor-version":[{"id":828,"href":"https:\/\/blogs.lyceecfadumene.fr\/cdr\/wp-json\/wp\/v2\/posts\/826\/revisions\/828"}],"wp:featuredmedia":[{"embeddable":true,"href":"https:\/\/blogs.lyceecfadumene.fr\/cdr\/wp-json\/wp\/v2\/media\/829"}],"wp:attachment":[{"href":"https:\/\/blogs.lyceecfadumene.fr\/cdr\/wp-json\/wp\/v2\/media?parent=826"}],"wp:term":[{"taxonomy":"category","embeddable":true,"href":"https:\/\/blogs.lyceecfadumene.fr\/cdr\/wp-json\/wp\/v2\/categories?post=826"},{"taxonomy":"post_tag","embeddable":true,"href":"https:\/\/blogs.lyceecfadumene.fr\/cdr\/wp-json\/wp\/v2\/tags?post=826"}],"curies":[{"name":"wp","href":"https:\/\/api.w.org\/{rel}","templated":true}]}}