{"id":254,"date":"2022-09-14T15:24:09","date_gmt":"2022-09-14T13:24:09","guid":{"rendered":"https:\/\/blogs.lyceecfadumene.fr\/cdr\/?p=254"},"modified":"2022-09-15T11:29:55","modified_gmt":"2022-09-15T09:29:55","slug":"le-c-d-r","status":"publish","type":"post","link":"https:\/\/blogs.lyceecfadumene.fr\/cdr\/2022\/09\/14\/le-c-d-r\/","title":{"rendered":"Le C.D.R"},"content":{"rendered":"\n<div class=\"wp-block-media-text alignwide is-stacked-on-mobile\" style=\"grid-template-columns:24% auto\"><figure class=\"wp-block-media-text__media\"><img data-recalc-dims=\"1\" loading=\"lazy\" decoding=\"async\" width=\"562\" height=\"433\" data-attachment-id=\"255\" data-permalink=\"https:\/\/blogs.lyceecfadumene.fr\/cdr\/2022\/09\/14\/le-c-d-r\/proposition-03bisfond-blanc\/\" data-orig-file=\"https:\/\/i0.wp.com\/blogs.lyceecfadumene.fr\/cdr\/files\/2022\/09\/proposition-03bisfond-blanc.png?fit=562%2C433&amp;ssl=1\" data-orig-size=\"562,433\" data-comments-opened=\"1\" data-image-meta=\"{&quot;aperture&quot;:&quot;0&quot;,&quot;credit&quot;:&quot;&quot;,&quot;camera&quot;:&quot;&quot;,&quot;caption&quot;:&quot;&quot;,&quot;created_timestamp&quot;:&quot;0&quot;,&quot;copyright&quot;:&quot;&quot;,&quot;focal_length&quot;:&quot;0&quot;,&quot;iso&quot;:&quot;0&quot;,&quot;shutter_speed&quot;:&quot;0&quot;,&quot;title&quot;:&quot;&quot;,&quot;orientation&quot;:&quot;0&quot;}\" data-image-title=\"proposition-03bisfond-blanc\" data-image-description=\"\" data-image-caption=\"\" data-large-file=\"https:\/\/i0.wp.com\/blogs.lyceecfadumene.fr\/cdr\/files\/2022\/09\/proposition-03bisfond-blanc.png?fit=562%2C433&amp;ssl=1\" src=\"https:\/\/i0.wp.com\/blogs.lyceecfadumene.fr\/cdr\/files\/2022\/09\/proposition-03bisfond-blanc.png?resize=562%2C433&#038;ssl=1\" alt=\"\" class=\"wp-image-255 size-full\" srcset=\"https:\/\/i0.wp.com\/blogs.lyceecfadumene.fr\/cdr\/files\/2022\/09\/proposition-03bisfond-blanc.png?w=562&amp;ssl=1 562w, https:\/\/i0.wp.com\/blogs.lyceecfadumene.fr\/cdr\/files\/2022\/09\/proposition-03bisfond-blanc.png?resize=400%2C308&amp;ssl=1 400w\" sizes=\"auto, (max-width: 562px) 100vw, 562px\" \/><\/figure><div class=\"wp-block-media-text__content\">\n<p class=\"has-large-font-size\"><strong>Qu&rsquo;est-ce que c&rsquo;est ?<\/strong><\/p>\n\n\n\n<p class=\"has-text-align-left\">Dans notre \u00e9tablissement, Le <strong>C.D.R <\/strong>( <strong>C<\/strong>entre <strong>D<\/strong>e <strong>R<\/strong>essources ) construit et g\u00e8re plusieurs<strong> ressources p\u00e9dagogiques<\/strong> afin de les mettre \u00e0 disposition des apprenants qu&rsquo;ils aient un parcours individualis\u00e9, personnalis\u00e9 ou classique. Il propose \u00e9galement un <strong>lieu d&rsquo;accueil<\/strong> o\u00f9 les <strong>apprenants<\/strong> et les <strong>enseignants<\/strong> peuvent venir travailler ou utiliser les ressources p\u00e9dagogiques, souvent num\u00e9riques, mises \u00e0 leur disposition. Le CDR est \u00e9galement un service qui suit les <strong>parcours individualis\u00e9s<\/strong> et propose un <strong>accompagnement individuel<\/strong> aux apprenants.<\/p>\n<\/div><\/div>\n\n\n\n<hr class=\"wp-block-separator has-alpha-channel-opacity is-style-wide\" \/>\n\n\n\n<p class=\"has-text-align-center has-large-font-size\"><strong>Comment utiliser le CDR ?<\/strong><\/p>\n\n\n\n<p class=\"has-text-align-center\">Le CDR est ouvert toute la semaine pour les enseignants, les apprenants et tous les personnels de l&rsquo;\u00e9tablissement. Il s&rsquo;y d\u00e9roule de multiples activit\u00e9s avec beaucoup d&rsquo;intervenants. C&rsquo;est pourquoi, une charte d&rsquo;utilisation a \u00e9t\u00e9 mise en place pour permettre d&rsquo;y voir plus clair.<\/p>\n\n\n\n<figure class=\"wp-block-image alignwide size-large is-style-default\"><img data-recalc-dims=\"1\" loading=\"lazy\" decoding=\"async\" width=\"1024\" height=\"724\" data-attachment-id=\"256\" data-permalink=\"https:\/\/blogs.lyceecfadumene.fr\/cdr\/2022\/09\/14\/le-c-d-r\/charte-utilisation-cdr-v2\/\" data-orig-file=\"https:\/\/i0.wp.com\/blogs.lyceecfadumene.fr\/cdr\/files\/2022\/09\/Charte-utilisation-CDR-V2.png?fit=2245%2C1587&amp;ssl=1\" data-orig-size=\"2245,1587\" data-comments-opened=\"1\" data-image-meta=\"{&quot;aperture&quot;:&quot;0&quot;,&quot;credit&quot;:&quot;&quot;,&quot;camera&quot;:&quot;&quot;,&quot;caption&quot;:&quot;&quot;,&quot;created_timestamp&quot;:&quot;0&quot;,&quot;copyright&quot;:&quot;&quot;,&quot;focal_length&quot;:&quot;0&quot;,&quot;iso&quot;:&quot;0&quot;,&quot;shutter_speed&quot;:&quot;0&quot;,&quot;title&quot;:&quot;&quot;,&quot;orientation&quot;:&quot;0&quot;}\" data-image-title=\"Charte-utilisation-CDR-V2\" data-image-description=\"\" data-image-caption=\"\" data-large-file=\"https:\/\/i0.wp.com\/blogs.lyceecfadumene.fr\/cdr\/files\/2022\/09\/Charte-utilisation-CDR-V2.png?fit=1024%2C724&amp;ssl=1\" src=\"https:\/\/i0.wp.com\/blogs.lyceecfadumene.fr\/cdr\/files\/2022\/09\/Charte-utilisation-CDR-V2-1024x724.png?resize=1024%2C724&#038;ssl=1\" alt=\"\" class=\"wp-image-256\" srcset=\"https:\/\/i0.wp.com\/blogs.lyceecfadumene.fr\/cdr\/files\/2022\/09\/Charte-utilisation-CDR-V2.png?resize=1024%2C724&amp;ssl=1 1024w, https:\/\/i0.wp.com\/blogs.lyceecfadumene.fr\/cdr\/files\/2022\/09\/Charte-utilisation-CDR-V2.png?resize=400%2C283&amp;ssl=1 400w, https:\/\/i0.wp.com\/blogs.lyceecfadumene.fr\/cdr\/files\/2022\/09\/Charte-utilisation-CDR-V2.png?resize=768%2C543&amp;ssl=1 768w, https:\/\/i0.wp.com\/blogs.lyceecfadumene.fr\/cdr\/files\/2022\/09\/Charte-utilisation-CDR-V2.png?resize=1536%2C1086&amp;ssl=1 1536w, https:\/\/i0.wp.com\/blogs.lyceecfadumene.fr\/cdr\/files\/2022\/09\/Charte-utilisation-CDR-V2.png?resize=2048%2C1448&amp;ssl=1 2048w\" sizes=\"auto, (max-width: 1000px) 100vw, 1000px\" \/><\/figure>\n\n\n\n<hr class=\"wp-block-separator has-alpha-channel-opacity is-style-wide\" \/>\n","protected":false},"excerpt":{"rendered":"<p>Qu&rsquo;est-ce que c&rsquo;est ? Dans notre \u00e9tablissement, Le C.D.R ( Centre De Ressources ) construit et g\u00e8re plusieurs ressources p\u00e9dagogiques afin de les mettre \u00e0 disposition des apprenants qu&rsquo;ils aient un parcours individualis\u00e9, personnalis\u00e9 ou classique. Il propose \u00e9galement un lieu d&rsquo;accueil o\u00f9 les apprenants et les enseignants peuvent venir travailler ou utiliser les ressources [&hellip;]<\/p>\n","protected":false},"author":103,"featured_media":255,"comment_status":"open","ping_status":"open","sticky":false,"template":"","format":"standard","meta":{"_jetpack_memberships_contains_paid_content":false,"footnotes":""},"categories":[1],"tags":[],"class_list":["post-254","post","type-post","status-publish","format-standard","has-post-thumbnail","hentry","category-non-classe"],"aioseo_notices":[],"jetpack_featured_media_url":"https:\/\/i0.wp.com\/blogs.lyceecfadumene.fr\/cdr\/files\/2022\/09\/proposition-03bisfond-blanc.png?fit=562%2C433&ssl=1","jetpack_sharing_enabled":true,"jetpack-related-posts":[{"id":612,"url":"https:\/\/blogs.lyceecfadumene.fr\/cdr\/2023\/05\/17\/moodle-ou-moodea\/","url_meta":{"origin":254,"position":0},"title":"Moodle ou Moodea","author":"fdouan","date":"17 mai 2023","format":false,"excerpt":"Moodle, notre LMS ( Learning Management System ). Il permet de g\u00e9rer les ressources et les cours en lignes, de les rendre accessibles et varier pour les apprenants : PDF, pr\u00e9sentations, quiz interactifs et auto-correctifs, vid\u00e9os etc\u2026 Les apprenants sont inscrits \u00e0 des cours auxquels ils ont acc\u00e8s pour toute\u2026","rel":"","context":"Dans &quot;Non class\u00e9&quot;","block_context":{"text":"Non class\u00e9","link":"https:\/\/blogs.lyceecfadumene.fr\/cdr\/category\/non-classe\/"},"img":{"alt_text":"","src":"https:\/\/i0.wp.com\/blogs.lyceecfadumene.fr\/cdr\/files\/2023\/05\/Moodea-logo.png?resize=350%2C200","width":350,"height":200},"classes":[]},{"id":1298,"url":"https:\/\/blogs.lyceecfadumene.fr\/cdr\/2026\/03\/13\/dys-tout-un-site-ressource-pour-mieux-comprendre-et-accompagner-les-troubles-dys\/","url_meta":{"origin":254,"position":1},"title":"Dys-Tout : un site ressource pour mieux comprendre et accompagner les troubles \u00abDys\u00bb","author":"fdouan","date":"13 mars 2026","format":false,"excerpt":"Le lien vers le site : https:\/\/dys-tout.fr\/ Dans une logique d\u2019inclusion et d\u2019accessibilit\u00e9 des formations, le site Dys-Tout propose une mine d\u2019informations pour mieux comprendre les troubles sp\u00e9cifiques des apprentissages (dyslexie, dyspraxie, dysphasie, dyscalculie\u2026). Il s\u2019agit d\u2019une initiative bretonne : la Mission Locale Centre Bretagne, en collaboration avec de nombreux\u2026","rel":"","context":"Dans &quot;Non class\u00e9&quot;","block_context":{"text":"Non class\u00e9","link":"https:\/\/blogs.lyceecfadumene.fr\/cdr\/category\/non-classe\/"},"img":{"alt_text":"","src":"https:\/\/i0.wp.com\/blogs.lyceecfadumene.fr\/cdr\/files\/2024\/03\/index.png?resize=350%2C200","width":350,"height":200},"classes":[]},{"id":1,"url":"https:\/\/blogs.lyceecfadumene.fr\/cdr\/2022\/05\/06\/bonjour-tout-le-monde\/","url_meta":{"origin":254,"position":2},"title":"Bienvenue sur le blog du CDR\u00a0!","author":"fdouan","date":"6 mai 2022","format":false,"excerpt":"Bienvenue sur le Blog du Centre de Ressources du Lyc\u00e9e CFA de Merdrignac. Vous trouverez ici de nombreuses ressources destin\u00e9es aux apprenants, aux enseignants et aux personnels de notre \u00e9tablissement. Vous pouvez naviguer dans le blog gr\u00e2ce aux onglets, mais si vous recherchez un \u00e9l\u00e9ment pr\u00e9cis, n'h\u00e9sitez pas \u00e0 utiliser\u2026","rel":"","context":"Dans &quot;Non class\u00e9&quot;","block_context":{"text":"Non class\u00e9","link":"https:\/\/blogs.lyceecfadumene.fr\/cdr\/category\/non-classe\/"},"img":{"alt_text":"","src":"https:\/\/i0.wp.com\/blogs.lyceecfadumene.fr\/cdr\/files\/2022\/05\/CDR01petit.jpg?fit=650%2C366&ssl=1&resize=350%2C200","width":350,"height":200,"srcset":"https:\/\/i0.wp.com\/blogs.lyceecfadumene.fr\/cdr\/files\/2022\/05\/CDR01petit.jpg?fit=650%2C366&ssl=1&resize=350%2C200 1x, https:\/\/i0.wp.com\/blogs.lyceecfadumene.fr\/cdr\/files\/2022\/05\/CDR01petit.jpg?fit=650%2C366&ssl=1&resize=525%2C300 1.5x"},"classes":[]},{"id":1322,"url":"https:\/\/blogs.lyceecfadumene.fr\/cdr\/2026\/03\/13\/eva-evaluer-les-competences-de-base-avec-lanlci\/","url_meta":{"origin":254,"position":3},"title":"EVA \u2013 \u00e9valuer les comp\u00e9tences de base avec l\u2019ANLCI","author":"fdouan","date":"13 mars 2026","format":false,"excerpt":"Lien vers l'outil : https:\/\/eva.anlci.gouv.fr\/ EVA (plateforme d\u2019\u00e9valuation des comp\u00e9tences de base) est un outil num\u00e9rique gratuit con\u00e7u par l\u2019Agence Nationale de Lutte Contre l\u2019Illettrisme (ANLCI), destin\u00e9 aux professionnels qui accompagnent des personnes en insertion, en formation ou en recherche d\u2019emploi. Il permet d\u2019\u00e9valuer, diagnostiquer et positionner les comp\u00e9tences essentielles\u2026","rel":"","context":"Dans &quot;Non class\u00e9&quot;","block_context":{"text":"Non class\u00e9","link":"https:\/\/blogs.lyceecfadumene.fr\/cdr\/category\/non-classe\/"},"img":{"alt_text":"","src":"https:\/\/i0.wp.com\/blogs.lyceecfadumene.fr\/cdr\/files\/2026\/03\/logo-eva.png?resize=350%2C200","width":350,"height":200},"classes":[]},{"id":1311,"url":"https:\/\/blogs.lyceecfadumene.fr\/cdr\/2026\/03\/13\/narakeet-creer-des-voix-off-et-des-videos-narrees-a-partir-de-texte\/","url_meta":{"origin":254,"position":4},"title":"Narakeet : cr\u00e9er des voix off et des vid\u00e9os narr\u00e9es \u00e0 partir de texte","author":"fdouan","date":"13 mars 2026","format":false,"excerpt":"Lien vers l'outil : https:\/\/www.narakeet.com\/ Narakeet est un outil en ligne qui transforme texte, pr\u00e9sentations ou scripts en fichiers audio ou vid\u00e9os comment\u00e9es, en utilisant des voix de synth\u00e8se r\u00e9alistes bas\u00e9es sur l\u2019intelligence artificielle. Il permet de produire rapidement du contenu audio\/vid\u00e9o sans enregistrement ni montage manuel \u2014 un atout\u2026","rel":"","context":"Dans &quot;Non class\u00e9&quot;","block_context":{"text":"Non class\u00e9","link":"https:\/\/blogs.lyceecfadumene.fr\/cdr\/category\/non-classe\/"},"img":{"alt_text":"","src":"https:\/\/i0.wp.com\/blogs.lyceecfadumene.fr\/cdr\/files\/2024\/03\/Logo-Narakeet.png?resize=350%2C200","width":350,"height":200},"classes":[]},{"id":279,"url":"https:\/\/blogs.lyceecfadumene.fr\/cdr\/2022\/09\/15\/le-pole-accompagnement\/","url_meta":{"origin":254,"position":5},"title":"Le P\u00f4le Accompagnement","author":"fdouan","date":"15 septembre 2022","format":false,"excerpt":"Qu'est-ce que c'est ? Le P\u00f4le Accompagnement est un regroupement des services CDR et Handicap. Il a d\u00e9but\u00e9 lors d'une formation visant \u00e0 am\u00e9liorer la collaboration des r\u00e9f\u00e9rents handicap et des animateurs CDR. En effet, les objectifs des deux services sont similaires : r\u00e9pondre aux besoins sp\u00e9cifiques des apprenants. En\u2026","rel":"","context":"Dans &quot;Non class\u00e9&quot;","block_context":{"text":"Non class\u00e9","link":"https:\/\/blogs.lyceecfadumene.fr\/cdr\/category\/non-classe\/"},"img":{"alt_text":"","src":"https:\/\/i0.wp.com\/blogs.lyceecfadumene.fr\/cdr\/files\/2022\/09\/pole-accompagnement-logo.png?fit=534%2C422&ssl=1&resize=350%2C200","width":350,"height":200,"srcset":"https:\/\/i0.wp.com\/blogs.lyceecfadumene.fr\/cdr\/files\/2022\/09\/pole-accompagnement-logo.png?fit=534%2C422&ssl=1&resize=350%2C200 1x, https:\/\/i0.wp.com\/blogs.lyceecfadumene.fr\/cdr\/files\/2022\/09\/pole-accompagnement-logo.png?fit=534%2C422&ssl=1&resize=525%2C300 1.5x"},"classes":[]}],"_links":{"self":[{"href":"https:\/\/blogs.lyceecfadumene.fr\/cdr\/wp-json\/wp\/v2\/posts\/254","targetHints":{"allow":["GET"]}}],"collection":[{"href":"https:\/\/blogs.lyceecfadumene.fr\/cdr\/wp-json\/wp\/v2\/posts"}],"about":[{"href":"https:\/\/blogs.lyceecfadumene.fr\/cdr\/wp-json\/wp\/v2\/types\/post"}],"author":[{"embeddable":true,"href":"https:\/\/blogs.lyceecfadumene.fr\/cdr\/wp-json\/wp\/v2\/users\/103"}],"replies":[{"embeddable":true,"href":"https:\/\/blogs.lyceecfadumene.fr\/cdr\/wp-json\/wp\/v2\/comments?post=254"}],"version-history":[{"count":3,"href":"https:\/\/blogs.lyceecfadumene.fr\/cdr\/wp-json\/wp\/v2\/posts\/254\/revisions"}],"predecessor-version":[{"id":259,"href":"https:\/\/blogs.lyceecfadumene.fr\/cdr\/wp-json\/wp\/v2\/posts\/254\/revisions\/259"}],"wp:featuredmedia":[{"embeddable":true,"href":"https:\/\/blogs.lyceecfadumene.fr\/cdr\/wp-json\/wp\/v2\/media\/255"}],"wp:attachment":[{"href":"https:\/\/blogs.lyceecfadumene.fr\/cdr\/wp-json\/wp\/v2\/media?parent=254"}],"wp:term":[{"taxonomy":"category","embeddable":true,"href":"https:\/\/blogs.lyceecfadumene.fr\/cdr\/wp-json\/wp\/v2\/categories?post=254"},{"taxonomy":"post_tag","embeddable":true,"href":"https:\/\/blogs.lyceecfadumene.fr\/cdr\/wp-json\/wp\/v2\/tags?post=254"}],"curies":[{"name":"wp","href":"https:\/\/api.w.org\/{rel}","templated":true}]}}