{"id":1322,"date":"2026-03-13T15:42:26","date_gmt":"2026-03-13T14:42:26","guid":{"rendered":"https:\/\/blogs.lyceecfadumene.fr\/cdr\/?p=1322"},"modified":"2026-03-13T15:42:28","modified_gmt":"2026-03-13T14:42:28","slug":"eva-evaluer-les-competences-de-base-avec-lanlci","status":"publish","type":"post","link":"https:\/\/blogs.lyceecfadumene.fr\/cdr\/2026\/03\/13\/eva-evaluer-les-competences-de-base-avec-lanlci\/","title":{"rendered":"EVA \u2013 \u00e9valuer les comp\u00e9tences de base avec l\u2019ANLCI"},"content":{"rendered":"\n<figure class=\"wp-block-image size-full\"><img data-recalc-dims=\"1\" loading=\"lazy\" decoding=\"async\" width=\"183\" height=\"159\" data-attachment-id=\"1294\" data-permalink=\"https:\/\/blogs.lyceecfadumene.fr\/cdr\/veille-accessibilite-numerique\/logo-eva\/\" data-orig-file=\"https:\/\/i0.wp.com\/blogs.lyceecfadumene.fr\/cdr\/files\/2026\/03\/logo-eva.png?fit=183%2C159&amp;ssl=1\" data-orig-size=\"183,159\" data-comments-opened=\"1\" data-image-meta=\"{&quot;aperture&quot;:&quot;0&quot;,&quot;credit&quot;:&quot;&quot;,&quot;camera&quot;:&quot;&quot;,&quot;caption&quot;:&quot;&quot;,&quot;created_timestamp&quot;:&quot;0&quot;,&quot;copyright&quot;:&quot;&quot;,&quot;focal_length&quot;:&quot;0&quot;,&quot;iso&quot;:&quot;0&quot;,&quot;shutter_speed&quot;:&quot;0&quot;,&quot;title&quot;:&quot;&quot;,&quot;orientation&quot;:&quot;0&quot;}\" data-image-title=\"logo eva\" data-image-description=\"\" data-image-caption=\"\" data-large-file=\"https:\/\/i0.wp.com\/blogs.lyceecfadumene.fr\/cdr\/files\/2026\/03\/logo-eva.png?fit=183%2C159&amp;ssl=1\" src=\"https:\/\/i0.wp.com\/blogs.lyceecfadumene.fr\/cdr\/files\/2026\/03\/logo-eva.png?resize=183%2C159\" alt=\"\" class=\"wp-image-1294\" \/><\/figure>\n\n\n\n<p>Lien vers l&rsquo;outil : <a href=\"https:\/\/eva.anlci.gouv.fr\/?utm_source=chatgpt.com\">https:\/\/eva.anlci.gouv.fr\/<\/a><\/p>\n\n\n\n<p><strong>EVA<\/strong> (plateforme d\u2019<strong>\u00e9valuation des comp\u00e9tences de base<\/strong>) est un <strong>outil num\u00e9rique gratuit con\u00e7u par l\u2019Agence Nationale de Lutte Contre l\u2019Illettrisme (ANLCI)<\/strong>, destin\u00e9 aux professionnels qui accompagnent des personnes en insertion, en formation ou en recherche d\u2019emploi. Il permet d\u2019<strong>\u00e9valuer, diagnostiquer et positionner les comp\u00e9tences essentielles<\/strong> (lire, \u00e9crire, compter, comp\u00e9tences transversales), de mani\u00e8re simple, ludique et non stigmatisante.<\/p>\n\n\n\n<hr class=\"wp-block-separator has-alpha-channel-opacity\" \/>\n\n\n\n<h3 class=\"wp-block-heading\">Diagnostic et positionnement : deux modes compl\u00e9mentaires<\/h3>\n\n\n\n<p>EVA propose <strong>deux parcours d\u2019\u00e9valuation<\/strong> qui peuvent \u00eatre mobilis\u00e9s \u00e0 diff\u00e9rents moments d\u2019un accompagnement :<\/p>\n\n\n\n<p><strong>Diagnostic<\/strong> : une \u00e9valuation initiale rapide pour <strong>rep\u00e9rer d\u2019\u00e9ventuelles difficult\u00e9s<\/strong> avec les comp\u00e9tences de base et transversales, utile en entr\u00e9e d\u2019accompagnement.<\/p>\n\n\n\n<p><strong>Positionnement<\/strong> : une \u00e9valuation plus <strong>pr\u00e9cise du niveau r\u00e9el de ma\u00eetrise<\/strong> des comp\u00e9tences langagi\u00e8res (lecture, compr\u00e9hension, \u00e9criture) et math\u00e9matiques, ce qui permet de d\u00e9finir des objectifs p\u00e9dagogiques adapt\u00e9s et d\u2019accompagner vers une formation ou un parcours professionnel coh\u00e9rent. Ces modules sont con\u00e7us sous forme d\u2019activit\u00e9s interactives et progressives, ce qui facilite l\u2019<strong>engagement des personnes \u00e9valu\u00e9es<\/strong> tout en valorisant leurs points forts.<\/p>\n\n\n\n<hr class=\"wp-block-separator has-alpha-channel-opacity\" \/>\n\n\n\n<h3 class=\"wp-block-heading\">Pour qui et dans quels contextes\u202f?<\/h3>\n\n\n\n<p>EVA s\u2019adresse principalement aux professionnels de l\u2019accompagnement : structures d\u2019insertion et d\u2019emploi, missions locales, organismes de formation, CFA, SIAE, centres de ressources, etc. Elle est particuli\u00e8rement utile lorsque l\u2019on souhaite :<\/p>\n\n\n\n<p><strong>diagnostiquer les comp\u00e9tences de base<\/strong> d\u2019un public (entr\u00e9e en parcours, d\u00e9couverte des besoins) ;<\/p>\n\n\n\n<p><strong>positionner pr\u00e9cis\u00e9ment<\/strong> un apprenant pour orienter vers les formations ou dispositifs pertinents ;<\/p>\n\n\n\n<p><strong>suivre les progr\u00e8s<\/strong> au fil du temps ou apr\u00e8s une formation ;<\/p>\n\n\n\n<p><strong>valoriser les comp\u00e9tences d\u00e9j\u00e0 ma\u00eetris\u00e9es<\/strong> pour renforcer la confiance des personnes.<\/p>\n\n\n\n<p>Le service est gratuit et accessible via navigateur web sur ordinateur ou tablette.<\/p>\n\n\n\n<hr class=\"wp-block-separator has-alpha-channel-opacity\" \/>\n\n\n\n<h3 class=\"wp-block-heading\">Pourquoi c\u2019est utile pour l\u2019accessibilit\u00e9 et la p\u00e9dagogie<\/h3>\n\n\n\n<p>EVA n\u2019est pas un outil de recrutement, mais <strong>un outil d\u2019\u00e9valuation p\u00e9dagogique et d\u2019accompagnement<\/strong>. Il permet de rep\u00e9rer rapidement les difficult\u00e9s, de clarifier les forces et les besoins, et de <strong>personnaliser les parcours de formation ou d\u2019insertion<\/strong> sans jugement. En valorisant les comp\u00e9tences transversales (ce qu\u2019on sait faire) avant de mesurer ce qui reste \u00e0 consolider, EVA contribue \u00e0 <strong>une approche respectueuse et motivante<\/strong> pour les publics qui rencontrent des obstacles dans les apprentissages fondamentaux.<\/p>\n\n\n\n<hr class=\"wp-block-separator has-alpha-channel-opacity\" \/>\n\n\n\n<p><strong>En r\u00e9sum\u00e9 : EVA est un service public num\u00e9rique port\u00e9 par l\u2019ANLCI, qui sert \u00e0 la fois de diagnostic et de positionnement des comp\u00e9tences de base et transversales<\/strong>, utile pour structurer l\u2019accompagnement p\u00e9dagogique et orienter vers des formations adapt\u00e9es.<\/p>\n\n\n\n<figure class=\"wp-block-embed is-type-video is-provider-youtube wp-block-embed-youtube wp-embed-aspect-4-3 wp-has-aspect-ratio\"><div class=\"wp-block-embed__wrapper\">\n<iframe loading=\"lazy\" title=\"Prise en main du service eva - Partie 1 : premiers pas\" width=\"500\" height=\"375\" src=\"https:\/\/www.youtube.com\/embed\/SjNASwJU8Mg?list=PL6OVjjnBhE-8dEQEau1cbC3PSzOBd1oub\" frameborder=\"0\" allow=\"accelerometer; autoplay; clipboard-write; encrypted-media; gyroscope; picture-in-picture; web-share\" referrerpolicy=\"strict-origin-when-cross-origin\" allowfullscreen><\/iframe>\n<\/div><\/figure>\n","protected":false},"excerpt":{"rendered":"<p>Lien vers l&rsquo;outil : https:\/\/eva.anlci.gouv.fr\/ EVA (plateforme d\u2019\u00e9valuation des comp\u00e9tences de base) est un outil num\u00e9rique gratuit con\u00e7u par l\u2019Agence Nationale de Lutte Contre l\u2019Illettrisme (ANLCI), destin\u00e9 aux professionnels qui accompagnent des personnes en insertion, en formation ou en recherche d\u2019emploi. Il permet d\u2019\u00e9valuer, diagnostiquer et positionner les comp\u00e9tences essentielles (lire, \u00e9crire, compter, comp\u00e9tences transversales), [&hellip;]<\/p>\n","protected":false},"author":103,"featured_media":1294,"comment_status":"open","ping_status":"open","sticky":false,"template":"","format":"standard","meta":{"_jetpack_memberships_contains_paid_content":false,"footnotes":""},"categories":[1],"tags":[],"class_list":["post-1322","post","type-post","status-publish","format-standard","has-post-thumbnail","hentry","category-non-classe"],"aioseo_notices":[],"jetpack_featured_media_url":"https:\/\/i0.wp.com\/blogs.lyceecfadumene.fr\/cdr\/files\/2026\/03\/logo-eva.png?fit=183%2C159&ssl=1","jetpack_sharing_enabled":true,"jetpack-related-posts":[{"id":317,"url":"https:\/\/blogs.lyceecfadumene.fr\/cdr\/2022\/09\/19\/gowizapp\/","url_meta":{"origin":1322,"position":0},"title":"Gowizapp","author":"fdouan","date":"19 septembre 2022","format":false,"excerpt":"Qu'est-ce que c'est ? Gowizapp est l'outil que nous utilisons dans notre \u00e9tablissement pour mettre en \u0153uvre la p\u00e9dagogie de l'alternance. Il permet de faire le lien tripartite entre les 3 acteurs de l'alternance : le centre de formation, l'apprenti et le ma\u00eetre d'apprentissage. Il est bas\u00e9 sur les activit\u00e9s\u2026","rel":"","context":"Dans &quot;Non class\u00e9&quot;","block_context":{"text":"Non class\u00e9","link":"https:\/\/blogs.lyceecfadumene.fr\/cdr\/category\/non-classe\/"},"img":{"alt_text":"","src":"https:\/\/i0.wp.com\/blogs.lyceecfadumene.fr\/cdr\/files\/2022\/09\/gowizapp-logo.png?resize=350%2C200&ssl=1","width":350,"height":200},"classes":[]},{"id":279,"url":"https:\/\/blogs.lyceecfadumene.fr\/cdr\/2022\/09\/15\/le-pole-accompagnement\/","url_meta":{"origin":1322,"position":1},"title":"Le P\u00f4le Accompagnement","author":"fdouan","date":"15 septembre 2022","format":false,"excerpt":"Qu'est-ce que c'est ? Le P\u00f4le Accompagnement est un regroupement des services CDR et Handicap. Il a d\u00e9but\u00e9 lors d'une formation visant \u00e0 am\u00e9liorer la collaboration des r\u00e9f\u00e9rents handicap et des animateurs CDR. En effet, les objectifs des deux services sont similaires : r\u00e9pondre aux besoins sp\u00e9cifiques des apprenants. En\u2026","rel":"","context":"Dans &quot;Non class\u00e9&quot;","block_context":{"text":"Non class\u00e9","link":"https:\/\/blogs.lyceecfadumene.fr\/cdr\/category\/non-classe\/"},"img":{"alt_text":"","src":"https:\/\/i0.wp.com\/blogs.lyceecfadumene.fr\/cdr\/files\/2022\/09\/pole-accompagnement-logo.png?fit=534%2C422&ssl=1&resize=350%2C200","width":350,"height":200,"srcset":"https:\/\/i0.wp.com\/blogs.lyceecfadumene.fr\/cdr\/files\/2022\/09\/pole-accompagnement-logo.png?fit=534%2C422&ssl=1&resize=350%2C200 1x, https:\/\/i0.wp.com\/blogs.lyceecfadumene.fr\/cdr\/files\/2022\/09\/pole-accompagnement-logo.png?fit=534%2C422&ssl=1&resize=525%2C300 1.5x"},"classes":[]},{"id":552,"url":"https:\/\/blogs.lyceecfadumene.fr\/cdr\/2023\/03\/30\/108-actions-pour-mieux-vendre-en-boutique\/","url_meta":{"origin":1322,"position":2},"title":"108 actions pour mieux vendre en boutique","author":"fdouan","date":"30 mars 2023","format":false,"excerpt":"108 actions pour mieux vendre en boutique est un jeu de cartes bas\u00e9 sur 3 principes de la vente : S\u00e9duire, \u00c9clairer, \u00c9mouvoir.","rel":"","context":"Dans &quot;Jeux de soci\u00e9t\u00e9&quot;","block_context":{"text":"Jeux de soci\u00e9t\u00e9","link":"https:\/\/blogs.lyceecfadumene.fr\/cdr\/category\/jeux-de-societe\/"},"img":{"alt_text":"","src":"https:\/\/i0.wp.com\/blogs.lyceecfadumene.fr\/cdr\/files\/2023\/03\/108-actions-jeu.png?resize=350%2C200&ssl=1","width":350,"height":200,"srcset":"https:\/\/i0.wp.com\/blogs.lyceecfadumene.fr\/cdr\/files\/2023\/03\/108-actions-jeu.png?resize=350%2C200&ssl=1 1x, https:\/\/i0.wp.com\/blogs.lyceecfadumene.fr\/cdr\/files\/2023\/03\/108-actions-jeu.png?resize=525%2C300&ssl=1 1.5x"},"classes":[]},{"id":1048,"url":"https:\/\/blogs.lyceecfadumene.fr\/cdr\/2024\/02\/29\/formation-aux-outils-numeriques\/","url_meta":{"origin":1322,"position":3},"title":"Formation aux outils num\u00e9riques","author":"fdouan","date":"29 f\u00e9vrier 2024","format":false,"excerpt":"Pendant la Semaine 9 (du 26\/02\/2024 au 01\/03\/2024 ) s'est d\u00e9roul\u00e9e une semaine de formation aux outils num\u00e9riques au CDR.","rel":"","context":"Dans &quot;Non class\u00e9&quot;","block_context":{"text":"Non class\u00e9","link":"https:\/\/blogs.lyceecfadumene.fr\/cdr\/category\/non-classe\/"},"img":{"alt_text":"","src":"https:\/\/i0.wp.com\/blogs.lyceecfadumene.fr\/cdr\/files\/2024\/03\/Affiche-formations-aux-outils-numeriques-e1710939845636.png?fit=1043%2C607&ssl=1&resize=350%2C200","width":350,"height":200,"srcset":"https:\/\/i0.wp.com\/blogs.lyceecfadumene.fr\/cdr\/files\/2024\/03\/Affiche-formations-aux-outils-numeriques-e1710939845636.png?fit=1043%2C607&ssl=1&resize=350%2C200 1x, https:\/\/i0.wp.com\/blogs.lyceecfadumene.fr\/cdr\/files\/2024\/03\/Affiche-formations-aux-outils-numeriques-e1710939845636.png?fit=1043%2C607&ssl=1&resize=525%2C300 1.5x, https:\/\/i0.wp.com\/blogs.lyceecfadumene.fr\/cdr\/files\/2024\/03\/Affiche-formations-aux-outils-numeriques-e1710939845636.png?fit=1043%2C607&ssl=1&resize=700%2C400 2x"},"classes":[]},{"id":986,"url":"https:\/\/blogs.lyceecfadumene.fr\/cdr\/2024\/03\/20\/glaaster-un-outil-pour-les-dys\/","url_meta":{"origin":1322,"position":4},"title":"Glaaster : un outil pour les dys","author":"fdouan","date":"20 mars 2024","format":false,"excerpt":"Glaaster est une plateforme en ligne qui propose des outils d'adaptation de contenu pour les personnes dyslexiques.","rel":"","context":"Dans &quot;Non class\u00e9&quot;","block_context":{"text":"Non class\u00e9","link":"https:\/\/blogs.lyceecfadumene.fr\/cdr\/category\/non-classe\/"},"img":{"alt_text":"Glaaster est une plateforme en ligne qui propose des outils d'adaptation de contenu pour les personnes dyslexiques.","src":"https:\/\/i0.wp.com\/blogs.lyceecfadumene.fr\/cdr\/files\/2024\/03\/Glaaster.png?resize=350%2C200&ssl=1","width":350,"height":200},"classes":[]},{"id":332,"url":"https:\/\/blogs.lyceecfadumene.fr\/cdr\/2023\/01\/05\/ypareo\/","url_meta":{"origin":1322,"position":5},"title":"Ypar\u00e9o","author":"fdouan","date":"5 janvier 2023","format":false,"excerpt":"Qu'est-ce que c'est ? Ypar\u00e9o est un ERP ( Enterprise Resource Planning ) utilis\u00e9 par le CFA de Merdrignac. Cet outil permet de g\u00e9rer les emplois du temps, les cahiers de texte, les bulletins de notes, le suivi des apprenants, le suivi entreprise etc... Il est compatible avec plusieurs autres\u2026","rel":"","context":"Dans &quot;Non class\u00e9&quot;","block_context":{"text":"Non class\u00e9","link":"https:\/\/blogs.lyceecfadumene.fr\/cdr\/category\/non-classe\/"},"img":{"alt_text":"","src":"https:\/\/i0.wp.com\/blogs.lyceecfadumene.fr\/cdr\/files\/2023\/01\/index.png?resize=350%2C200","width":350,"height":200},"classes":[]}],"_links":{"self":[{"href":"https:\/\/blogs.lyceecfadumene.fr\/cdr\/wp-json\/wp\/v2\/posts\/1322","targetHints":{"allow":["GET"]}}],"collection":[{"href":"https:\/\/blogs.lyceecfadumene.fr\/cdr\/wp-json\/wp\/v2\/posts"}],"about":[{"href":"https:\/\/blogs.lyceecfadumene.fr\/cdr\/wp-json\/wp\/v2\/types\/post"}],"author":[{"embeddable":true,"href":"https:\/\/blogs.lyceecfadumene.fr\/cdr\/wp-json\/wp\/v2\/users\/103"}],"replies":[{"embeddable":true,"href":"https:\/\/blogs.lyceecfadumene.fr\/cdr\/wp-json\/wp\/v2\/comments?post=1322"}],"version-history":[{"count":1,"href":"https:\/\/blogs.lyceecfadumene.fr\/cdr\/wp-json\/wp\/v2\/posts\/1322\/revisions"}],"predecessor-version":[{"id":1323,"href":"https:\/\/blogs.lyceecfadumene.fr\/cdr\/wp-json\/wp\/v2\/posts\/1322\/revisions\/1323"}],"wp:featuredmedia":[{"embeddable":true,"href":"https:\/\/blogs.lyceecfadumene.fr\/cdr\/wp-json\/wp\/v2\/media\/1294"}],"wp:attachment":[{"href":"https:\/\/blogs.lyceecfadumene.fr\/cdr\/wp-json\/wp\/v2\/media?parent=1322"}],"wp:term":[{"taxonomy":"category","embeddable":true,"href":"https:\/\/blogs.lyceecfadumene.fr\/cdr\/wp-json\/wp\/v2\/categories?post=1322"},{"taxonomy":"post_tag","embeddable":true,"href":"https:\/\/blogs.lyceecfadumene.fr\/cdr\/wp-json\/wp\/v2\/tags?post=1322"}],"curies":[{"name":"wp","href":"https:\/\/api.w.org\/{rel}","templated":true}]}}