{"id":1,"date":"2022-05-06T14:42:51","date_gmt":"2022-05-06T12:42:51","guid":{"rendered":"https:\/\/blogs.lyceecfadumene.fr\/cdr\/?p=1"},"modified":"2022-09-15T11:39:06","modified_gmt":"2022-09-15T09:39:06","slug":"bonjour-tout-le-monde","status":"publish","type":"post","link":"https:\/\/blogs.lyceecfadumene.fr\/cdr\/2022\/05\/06\/bonjour-tout-le-monde\/","title":{"rendered":"Bienvenue sur le blog du CDR\u00a0!"},"content":{"rendered":"\n<div class=\"wp-block-group is-layout-flow wp-block-group-is-layout-flow\">\n<p>Bienvenue sur le <strong>Blog<\/strong> du <strong>C<\/strong>entre <strong>d<\/strong>e <strong>R<\/strong>essources du Lyc\u00e9e CFA de Merdrignac. Vous trouverez ici de nombreuses ressources destin\u00e9es aux apprenants, aux enseignants et aux personnels de notre \u00e9tablissement. Vous pouvez naviguer dans le blog gr\u00e2ce aux onglets, mais si vous recherchez un \u00e9l\u00e9ment pr\u00e9cis, n&rsquo;h\u00e9sitez pas \u00e0 utiliser la barre de recherche en tapant vos mots cl\u00e9s. Pour des questions ou des remarques, n&rsquo;h\u00e9sitez pas \u00e0 m&rsquo;\u00e9crire par le biais de la page contact.<\/p>\n<p>Bonne visite !<\/p>\n<\/div>\n\n\n\n<figure class=\"wp-block-image size-large\"><img data-recalc-dims=\"1\" loading=\"lazy\" decoding=\"async\" width=\"1024\" height=\"576\" data-attachment-id=\"33\" data-permalink=\"https:\/\/blogs.lyceecfadumene.fr\/cdr\/2022\/05\/06\/bonjour-tout-le-monde\/cdr01\/\" data-orig-file=\"https:\/\/i0.wp.com\/blogs.lyceecfadumene.fr\/cdr\/files\/2022\/06\/CDR01-scaled.jpg?fit=2560%2C1440&amp;ssl=1\" data-orig-size=\"2560,1440\" data-comments-opened=\"1\" data-image-meta=\"{&quot;aperture&quot;:&quot;0&quot;,&quot;credit&quot;:&quot;&quot;,&quot;camera&quot;:&quot;SM-G965F&quot;,&quot;caption&quot;:&quot;&quot;,&quot;created_timestamp&quot;:&quot;1652193078&quot;,&quot;copyright&quot;:&quot;&quot;,&quot;focal_length&quot;:&quot;4.3&quot;,&quot;iso&quot;:&quot;0&quot;,&quot;shutter_speed&quot;:&quot;0&quot;,&quot;title&quot;:&quot;&quot;,&quot;orientation&quot;:&quot;0&quot;}\" data-image-title=\"CDR01\" data-image-description=\"\" data-image-caption=\"\" data-large-file=\"https:\/\/i0.wp.com\/blogs.lyceecfadumene.fr\/cdr\/files\/2022\/06\/CDR01-scaled.jpg?fit=1024%2C576&amp;ssl=1\" src=\"https:\/\/i0.wp.com\/blogs.lyceecfadumene.fr\/cdr\/files\/2022\/06\/CDR01-1024x576.jpg?resize=1024%2C576&#038;ssl=1\" alt=\"\" class=\"wp-image-33\" srcset=\"https:\/\/i0.wp.com\/blogs.lyceecfadumene.fr\/cdr\/files\/2022\/06\/CDR01-scaled.jpg?resize=1024%2C576&amp;ssl=1 1024w, https:\/\/i0.wp.com\/blogs.lyceecfadumene.fr\/cdr\/files\/2022\/06\/CDR01-scaled.jpg?resize=300%2C169&amp;ssl=1 300w, https:\/\/i0.wp.com\/blogs.lyceecfadumene.fr\/cdr\/files\/2022\/06\/CDR01-scaled.jpg?resize=768%2C432&amp;ssl=1 768w, https:\/\/i0.wp.com\/blogs.lyceecfadumene.fr\/cdr\/files\/2022\/06\/CDR01-scaled.jpg?resize=1536%2C864&amp;ssl=1 1536w, https:\/\/i0.wp.com\/blogs.lyceecfadumene.fr\/cdr\/files\/2022\/06\/CDR01-scaled.jpg?resize=2048%2C1152&amp;ssl=1 2048w\" sizes=\"auto, (max-width: 1000px) 100vw, 1000px\" \/><figcaption>Photo du CDR de Merdrignac<\/figcaption><\/figure>\n","protected":false},"excerpt":{"rendered":"<p>Bienvenue sur le Blog du Centre de Ressources du Lyc\u00e9e CFA de Merdrignac. Vous trouverez ici de nombreuses ressources destin\u00e9es aux apprenants, aux enseignants et aux personnels de notre \u00e9tablissement. Vous pouvez naviguer dans le blog gr\u00e2ce aux onglets, mais si vous recherchez un \u00e9l\u00e9ment pr\u00e9cis, n&rsquo;h\u00e9sitez pas \u00e0 utiliser la barre de recherche en [&hellip;]<\/p>\n","protected":false},"author":103,"featured_media":133,"comment_status":"open","ping_status":"open","sticky":false,"template":"","format":"standard","meta":{"_jetpack_memberships_contains_paid_content":false,"footnotes":""},"categories":[1],"tags":[30713,3677,15],"class_list":["post-1","post","type-post","status-publish","format-standard","has-post-thumbnail","hentry","category-non-classe","tag-bienvenue","tag-contact","tag-presentation"],"aioseo_notices":[],"jetpack_featured_media_url":"https:\/\/i0.wp.com\/blogs.lyceecfadumene.fr\/cdr\/files\/2022\/05\/CDR01petit.jpg?fit=650%2C366&ssl=1","jetpack_sharing_enabled":true,"jetpack-related-posts":[{"id":803,"url":"https:\/\/blogs.lyceecfadumene.fr\/cdr\/2023\/10\/17\/newsletter-doctobre-2023\/","url_meta":{"origin":1,"position":0},"title":"Newsletter d&rsquo;Octobre 2023","author":"fdouan","date":"17 octobre 2023","format":false,"excerpt":"Comme chaque mois, nous vous proposons une Newsletter \u00e0 destination des personnels de l'\u00e9quipe p\u00e9dagogique et administrative du CFA de Merdrignac. Vous souhaitant une bonne lecture Le P\u00f4le Accompagnement Newsletter-13-Octobre-23-v1T\u00e9l\u00e9charger","rel":"","context":"Dans &quot;Newsletter&quot;","block_context":{"text":"Newsletter","link":"https:\/\/blogs.lyceecfadumene.fr\/cdr\/category\/newsletter\/"},"img":{"alt_text":"","src":"https:\/\/i0.wp.com\/blogs.lyceecfadumene.fr\/cdr\/files\/2023\/10\/minia-news-octobre-2023.png?fit=910%2C475&ssl=1&resize=350%2C200","width":350,"height":200,"srcset":"https:\/\/i0.wp.com\/blogs.lyceecfadumene.fr\/cdr\/files\/2023\/10\/minia-news-octobre-2023.png?fit=910%2C475&ssl=1&resize=350%2C200 1x, https:\/\/i0.wp.com\/blogs.lyceecfadumene.fr\/cdr\/files\/2023\/10\/minia-news-octobre-2023.png?fit=910%2C475&ssl=1&resize=525%2C300 1.5x, https:\/\/i0.wp.com\/blogs.lyceecfadumene.fr\/cdr\/files\/2023\/10\/minia-news-octobre-2023.png?fit=910%2C475&ssl=1&resize=700%2C400 2x"},"classes":[]},{"id":826,"url":"https:\/\/blogs.lyceecfadumene.fr\/cdr\/2023\/09\/04\/newsletter-de-septembre-2023\/","url_meta":{"origin":1,"position":1},"title":"Newsletter de Septembre 2023","author":"fdouan","date":"4 septembre 2023","format":false,"excerpt":"Comme chaque mois, nous vous proposons une Newsletter \u00e0 destination des personnels de l'\u00e9quipe p\u00e9dagogique et administrative du CFA de Merdrignac. Vous souhaitant une bonne lecture Le P\u00f4le Accompagnement Newsletter-12-Septembre-23-v1T\u00e9l\u00e9charger","rel":"","context":"Dans &quot;Non class\u00e9&quot;","block_context":{"text":"Non class\u00e9","link":"https:\/\/blogs.lyceecfadumene.fr\/cdr\/category\/non-classe\/"},"img":{"alt_text":"","src":"https:\/\/i0.wp.com\/blogs.lyceecfadumene.fr\/cdr\/files\/2022\/09\/minia-news-septembre-2023.png?fit=908%2C459&ssl=1&resize=350%2C200","width":350,"height":200,"srcset":"https:\/\/i0.wp.com\/blogs.lyceecfadumene.fr\/cdr\/files\/2022\/09\/minia-news-septembre-2023.png?fit=908%2C459&ssl=1&resize=350%2C200 1x, https:\/\/i0.wp.com\/blogs.lyceecfadumene.fr\/cdr\/files\/2022\/09\/minia-news-septembre-2023.png?fit=908%2C459&ssl=1&resize=525%2C300 1.5x, https:\/\/i0.wp.com\/blogs.lyceecfadumene.fr\/cdr\/files\/2022\/09\/minia-news-septembre-2023.png?fit=908%2C459&ssl=1&resize=700%2C400 2x"},"classes":[]},{"id":837,"url":"https:\/\/blogs.lyceecfadumene.fr\/cdr\/2023\/05\/08\/newsletter-de-mai-2023\/","url_meta":{"origin":1,"position":2},"title":"Newsletter de Mai 2023","author":"fdouan","date":"8 mai 2023","format":false,"excerpt":"Comme chaque mois, nous vous proposons une Newsletter \u00e0 destination des personnels de l'\u00e9quipe p\u00e9dagogique et administrative du CFA de Merdrignac. Vous souhaitant une bonne lectureLe P\u00f4le Accompagnement Newsletter-11-Mai-23-v1T\u00e9l\u00e9charger","rel":"","context":"Dans &quot;Non class\u00e9&quot;","block_context":{"text":"Non class\u00e9","link":"https:\/\/blogs.lyceecfadumene.fr\/cdr\/category\/non-classe\/"},"img":{"alt_text":"","src":"","width":0,"height":0},"classes":[]},{"id":1011,"url":"https:\/\/blogs.lyceecfadumene.fr\/cdr\/2023\/12\/11\/newsletter-de-decembre-2023\/","url_meta":{"origin":1,"position":3},"title":"Newsletter de D\u00e9cembre 2023","author":"fdouan","date":"11 d\u00e9cembre 2023","format":false,"excerpt":"Comme chaque mois, nous vous proposons une Newsletter \u00e0 destination des personnels de l\u2019\u00e9quipe p\u00e9dagogique et administrative du CFA de Merdrignac.Vous souhaitant une bonne lecture Le P\u00f4le Accompagnement Newsletter-15-Decembre-23-v1","rel":"","context":"Dans &quot;Non class\u00e9&quot;","block_context":{"text":"Non class\u00e9","link":"https:\/\/blogs.lyceecfadumene.fr\/cdr\/category\/non-classe\/"},"img":{"alt_text":"","src":"","width":0,"height":0},"classes":[]},{"id":1015,"url":"https:\/\/blogs.lyceecfadumene.fr\/cdr\/2024\/01\/17\/newsletter-de-janvier-2024\/","url_meta":{"origin":1,"position":4},"title":"Newsletter de Janvier 2024","author":"fdouan","date":"17 janvier 2024","format":false,"excerpt":"Comme chaque mois, nous vous proposons une Newsletter \u00e0 destination des personnels de l\u2019\u00e9quipe p\u00e9dagogique et administrative du CFA de Merdrignac.Vous souhaitant une bonne lecture Le P\u00f4le Accompagnement Newsletter-16-Janvier-24-v1","rel":"","context":"Dans &quot;Non class\u00e9&quot;","block_context":{"text":"Non class\u00e9","link":"https:\/\/blogs.lyceecfadumene.fr\/cdr\/category\/non-classe\/"},"img":{"alt_text":"","src":"","width":0,"height":0},"classes":[]},{"id":1019,"url":"https:\/\/blogs.lyceecfadumene.fr\/cdr\/2024\/02\/12\/newsletter-de-fevrier-2024\/","url_meta":{"origin":1,"position":5},"title":"Newsletter de F\u00e9vrier 2024","author":"fdouan","date":"12 f\u00e9vrier 2024","format":false,"excerpt":"Comme chaque mois, nous vous proposons une Newsletter \u00e0 destination des personnels de l\u2019\u00e9quipe p\u00e9dagogique et administrative du CFA de Merdrignac.Vous souhaitant une bonne lecture Le P\u00f4le Accompagnement Newsletter-17-Fevrier-24-v1-1","rel":"","context":"Dans &quot;Non class\u00e9&quot;","block_context":{"text":"Non class\u00e9","link":"https:\/\/blogs.lyceecfadumene.fr\/cdr\/category\/non-classe\/"},"img":{"alt_text":"","src":"","width":0,"height":0},"classes":[]}],"_links":{"self":[{"href":"https:\/\/blogs.lyceecfadumene.fr\/cdr\/wp-json\/wp\/v2\/posts\/1","targetHints":{"allow":["GET"]}}],"collection":[{"href":"https:\/\/blogs.lyceecfadumene.fr\/cdr\/wp-json\/wp\/v2\/posts"}],"about":[{"href":"https:\/\/blogs.lyceecfadumene.fr\/cdr\/wp-json\/wp\/v2\/types\/post"}],"author":[{"embeddable":true,"href":"https:\/\/blogs.lyceecfadumene.fr\/cdr\/wp-json\/wp\/v2\/users\/103"}],"replies":[{"embeddable":true,"href":"https:\/\/blogs.lyceecfadumene.fr\/cdr\/wp-json\/wp\/v2\/comments?post=1"}],"version-history":[{"count":1,"href":"https:\/\/blogs.lyceecfadumene.fr\/cdr\/wp-json\/wp\/v2\/posts\/1\/revisions"}],"predecessor-version":[{"id":34,"href":"https:\/\/blogs.lyceecfadumene.fr\/cdr\/wp-json\/wp\/v2\/posts\/1\/revisions\/34"}],"wp:featuredmedia":[{"embeddable":true,"href":"https:\/\/blogs.lyceecfadumene.fr\/cdr\/wp-json\/wp\/v2\/media\/133"}],"wp:attachment":[{"href":"https:\/\/blogs.lyceecfadumene.fr\/cdr\/wp-json\/wp\/v2\/media?parent=1"}],"wp:term":[{"taxonomy":"category","embeddable":true,"href":"https:\/\/blogs.lyceecfadumene.fr\/cdr\/wp-json\/wp\/v2\/categories?post=1"},{"taxonomy":"post_tag","embeddable":true,"href":"https:\/\/blogs.lyceecfadumene.fr\/cdr\/wp-json\/wp\/v2\/tags?post=1"}],"curies":[{"name":"wp","href":"https:\/\/api.w.org\/{rel}","templated":true}]}}