{"id":725,"date":"2012-03-30T21:24:01","date_gmt":"2012-03-30T20:24:01","guid":{"rendered":"http:\/\/blogs.lyceecfadumene.fr\/animalerie\/?p=725"},"modified":"2012-03-31T11:39:24","modified_gmt":"2012-03-31T10:39:24","slug":"mercredi-28-un-peu-de-culture","status":"publish","type":"post","link":"https:\/\/blogs.lyceecfadumene.fr\/animalerie\/2012\/03\/30\/mercredi-28-un-peu-de-culture\/","title":{"rendered":"Mercredi 28 : \u00ab\u00a0Un peu de culture\u00a0\u00bb"},"content":{"rendered":"<p>Aujourd&rsquo;hui, excursion dans la vall\u00e9e de la Orotava. Nous avons march\u00e9 sur les traces des premiers colons et visit\u00e9 le patrimoine qu&rsquo;ils nous ont laiss\u00e9.<\/p>\n<p><a href=\"https:\/\/i0.wp.com\/blogs.lyceecfadumene.fr\/animalerie\/files\/2012\/03\/P1120462.jpg?ssl=1\"><img data-recalc-dims=\"1\" loading=\"lazy\" decoding=\"async\" data-attachment-id=\"726\" data-permalink=\"https:\/\/blogs.lyceecfadumene.fr\/animalerie\/2012\/03\/30\/mercredi-28-un-peu-de-culture\/p1120462\/\" data-orig-file=\"https:\/\/i0.wp.com\/blogs.lyceecfadumene.fr\/animalerie\/files\/2012\/03\/P1120462.jpg?fit=800%2C600&amp;ssl=1\" data-orig-size=\"800,600\" data-comments-opened=\"1\" data-image-meta=\"{&quot;aperture&quot;:&quot;3.7&quot;,&quot;credit&quot;:&quot;&quot;,&quot;camera&quot;:&quot;DMC-FZ38&quot;,&quot;caption&quot;:&quot;&quot;,&quot;created_timestamp&quot;:&quot;1332926573&quot;,&quot;copyright&quot;:&quot;&quot;,&quot;focal_length&quot;:&quot;29&quot;,&quot;iso&quot;:&quot;160&quot;,&quot;shutter_speed&quot;:&quot;0.00625&quot;,&quot;title&quot;:&quot;&quot;}\" data-image-title=\"P1120462\" data-image-description=\"\" data-image-caption=\"\" data-large-file=\"https:\/\/i0.wp.com\/blogs.lyceecfadumene.fr\/animalerie\/files\/2012\/03\/P1120462.jpg?fit=525%2C394&amp;ssl=1\" class=\"wp-image-726 alignnone\" style=\"border: 1px solid black;\" src=\"https:\/\/i0.wp.com\/blogs.lyceecfadumene.fr\/animalerie\/files\/2012\/03\/P1120462-300x225.jpg?resize=300%2C225&#038;ssl=1\" alt=\"\" width=\"300\" height=\"225\" srcset=\"https:\/\/i0.wp.com\/blogs.lyceecfadumene.fr\/animalerie\/files\/2012\/03\/P1120462.jpg?resize=300%2C225&amp;ssl=1 300w, https:\/\/i0.wp.com\/blogs.lyceecfadumene.fr\/animalerie\/files\/2012\/03\/P1120462.jpg?resize=148%2C111&amp;ssl=1 148w, https:\/\/i0.wp.com\/blogs.lyceecfadumene.fr\/animalerie\/files\/2012\/03\/P1120462.jpg?resize=31%2C23&amp;ssl=1 31w, https:\/\/i0.wp.com\/blogs.lyceecfadumene.fr\/animalerie\/files\/2012\/03\/P1120462.jpg?resize=38%2C28&amp;ssl=1 38w, https:\/\/i0.wp.com\/blogs.lyceecfadumene.fr\/animalerie\/files\/2012\/03\/P1120462.jpg?resize=286%2C215&amp;ssl=1 286w, https:\/\/i0.wp.com\/blogs.lyceecfadumene.fr\/animalerie\/files\/2012\/03\/P1120462.jpg?w=800&amp;ssl=1 800w\" sizes=\"auto, (max-width: 300px) 100vw, 300px\" \/><\/a><\/p>\n<p>Bien s\u00fbr, \u00e0 Icod de Los Vinos, les \u00e9l\u00e8ves n&rsquo;ont pas manqu\u00e9 de saluer le plus vieux dragonnier de l&rsquo;\u00eele mais c&rsquo;est surtout la serre aux papillons qui a retenu leur attention.<\/p>\n<p><a href=\"https:\/\/i0.wp.com\/blogs.lyceecfadumene.fr\/animalerie\/files\/2012\/03\/P1120497.jpg?ssl=1\"><img data-recalc-dims=\"1\" loading=\"lazy\" decoding=\"async\" data-attachment-id=\"727\" data-permalink=\"https:\/\/blogs.lyceecfadumene.fr\/animalerie\/2012\/03\/30\/mercredi-28-un-peu-de-culture\/p1120497\/\" data-orig-file=\"https:\/\/i0.wp.com\/blogs.lyceecfadumene.fr\/animalerie\/files\/2012\/03\/P1120497.jpg?fit=800%2C600&amp;ssl=1\" data-orig-size=\"800,600\" data-comments-opened=\"1\" data-image-meta=\"{&quot;aperture&quot;:&quot;3.4&quot;,&quot;credit&quot;:&quot;&quot;,&quot;camera&quot;:&quot;DMC-FZ38&quot;,&quot;caption&quot;:&quot;&quot;,&quot;created_timestamp&quot;:&quot;1332935123&quot;,&quot;copyright&quot;:&quot;&quot;,&quot;focal_length&quot;:&quot;11.1&quot;,&quot;iso&quot;:&quot;80&quot;,&quot;shutter_speed&quot;:&quot;0.0125&quot;,&quot;title&quot;:&quot;&quot;}\" data-image-title=\"P1120497\" data-image-description=\"\" data-image-caption=\"\" data-large-file=\"https:\/\/i0.wp.com\/blogs.lyceecfadumene.fr\/animalerie\/files\/2012\/03\/P1120497.jpg?fit=525%2C394&amp;ssl=1\" class=\"size-medium wp-image-727 alignnone\" style=\"border: 1px solid black;\" src=\"https:\/\/i0.wp.com\/blogs.lyceecfadumene.fr\/animalerie\/files\/2012\/03\/P1120497-300x225.jpg?resize=300%2C225&#038;ssl=1\" alt=\"\" width=\"300\" height=\"225\" srcset=\"https:\/\/i0.wp.com\/blogs.lyceecfadumene.fr\/animalerie\/files\/2012\/03\/P1120497.jpg?resize=300%2C225&amp;ssl=1 300w, https:\/\/i0.wp.com\/blogs.lyceecfadumene.fr\/animalerie\/files\/2012\/03\/P1120497.jpg?resize=148%2C111&amp;ssl=1 148w, https:\/\/i0.wp.com\/blogs.lyceecfadumene.fr\/animalerie\/files\/2012\/03\/P1120497.jpg?resize=31%2C23&amp;ssl=1 31w, https:\/\/i0.wp.com\/blogs.lyceecfadumene.fr\/animalerie\/files\/2012\/03\/P1120497.jpg?resize=38%2C28&amp;ssl=1 38w, https:\/\/i0.wp.com\/blogs.lyceecfadumene.fr\/animalerie\/files\/2012\/03\/P1120497.jpg?resize=286%2C215&amp;ssl=1 286w, https:\/\/i0.wp.com\/blogs.lyceecfadumene.fr\/animalerie\/files\/2012\/03\/P1120497.jpg?w=800&amp;ssl=1 800w\" sizes=\"auto, (max-width: 300px) 100vw, 300px\" \/><\/a><\/p>\n<p>Apr\u00e8s une pause pique-nique et une baignade dans les piscines naturelles de Guarachico,<\/p>\n<p><a href=\"https:\/\/i0.wp.com\/blogs.lyceecfadumene.fr\/animalerie\/files\/2012\/03\/P1120601.jpg?ssl=1\"><img data-recalc-dims=\"1\" loading=\"lazy\" decoding=\"async\" data-attachment-id=\"728\" data-permalink=\"https:\/\/blogs.lyceecfadumene.fr\/animalerie\/2012\/03\/30\/mercredi-28-un-peu-de-culture\/p1120601\/\" data-orig-file=\"https:\/\/i0.wp.com\/blogs.lyceecfadumene.fr\/animalerie\/files\/2012\/03\/P1120601.jpg?fit=800%2C600&amp;ssl=1\" data-orig-size=\"800,600\" data-comments-opened=\"1\" data-image-meta=\"{&quot;aperture&quot;:&quot;4&quot;,&quot;credit&quot;:&quot;&quot;,&quot;camera&quot;:&quot;DMC-FZ38&quot;,&quot;caption&quot;:&quot;&quot;,&quot;created_timestamp&quot;:&quot;1332941911&quot;,&quot;copyright&quot;:&quot;&quot;,&quot;focal_length&quot;:&quot;4.8&quot;,&quot;iso&quot;:&quot;80&quot;,&quot;shutter_speed&quot;:&quot;0.005&quot;,&quot;title&quot;:&quot;&quot;}\" data-image-title=\"P1120601\" data-image-description=\"\" data-image-caption=\"\" data-large-file=\"https:\/\/i0.wp.com\/blogs.lyceecfadumene.fr\/animalerie\/files\/2012\/03\/P1120601.jpg?fit=525%2C394&amp;ssl=1\" class=\"wp-image-728 alignnone\" style=\"border: 1px solid black;\" src=\"https:\/\/i0.wp.com\/blogs.lyceecfadumene.fr\/animalerie\/files\/2012\/03\/P1120601-300x225.jpg?resize=300%2C225&#038;ssl=1\" alt=\"\" width=\"300\" height=\"225\" srcset=\"https:\/\/i0.wp.com\/blogs.lyceecfadumene.fr\/animalerie\/files\/2012\/03\/P1120601.jpg?resize=300%2C225&amp;ssl=1 300w, https:\/\/i0.wp.com\/blogs.lyceecfadumene.fr\/animalerie\/files\/2012\/03\/P1120601.jpg?resize=148%2C111&amp;ssl=1 148w, https:\/\/i0.wp.com\/blogs.lyceecfadumene.fr\/animalerie\/files\/2012\/03\/P1120601.jpg?resize=31%2C23&amp;ssl=1 31w, https:\/\/i0.wp.com\/blogs.lyceecfadumene.fr\/animalerie\/files\/2012\/03\/P1120601.jpg?resize=38%2C28&amp;ssl=1 38w, https:\/\/i0.wp.com\/blogs.lyceecfadumene.fr\/animalerie\/files\/2012\/03\/P1120601.jpg?resize=286%2C215&amp;ssl=1 286w, https:\/\/i0.wp.com\/blogs.lyceecfadumene.fr\/animalerie\/files\/2012\/03\/P1120601.jpg?w=800&amp;ssl=1 800w\" sizes=\"auto, (max-width: 300px) 100vw, 300px\" \/><\/a><\/p>\n<p>nous avons poursuivi vers Masca. Ce village de montagne est log\u00e9 dans un chaos grandiose et offre en plus de sa typicit\u00e9, des paysages magnifiques.<\/p>\n<p><a href=\"https:\/\/i0.wp.com\/blogs.lyceecfadumene.fr\/animalerie\/files\/2012\/03\/P1120616.jpg?ssl=1\"><img data-recalc-dims=\"1\" loading=\"lazy\" decoding=\"async\" data-attachment-id=\"729\" data-permalink=\"https:\/\/blogs.lyceecfadumene.fr\/animalerie\/2012\/03\/30\/mercredi-28-un-peu-de-culture\/p1120616\/\" data-orig-file=\"https:\/\/i0.wp.com\/blogs.lyceecfadumene.fr\/animalerie\/files\/2012\/03\/P1120616.jpg?fit=800%2C600&amp;ssl=1\" data-orig-size=\"800,600\" data-comments-opened=\"1\" data-image-meta=\"{&quot;aperture&quot;:&quot;6.3&quot;,&quot;credit&quot;:&quot;&quot;,&quot;camera&quot;:&quot;DMC-FZ38&quot;,&quot;caption&quot;:&quot;&quot;,&quot;created_timestamp&quot;:&quot;1332950207&quot;,&quot;copyright&quot;:&quot;&quot;,&quot;focal_length&quot;:&quot;4.8&quot;,&quot;iso&quot;:&quot;125&quot;,&quot;shutter_speed&quot;:&quot;0.002&quot;,&quot;title&quot;:&quot;&quot;}\" data-image-title=\"P1120616\" data-image-description=\"\" data-image-caption=\"\" data-large-file=\"https:\/\/i0.wp.com\/blogs.lyceecfadumene.fr\/animalerie\/files\/2012\/03\/P1120616.jpg?fit=525%2C394&amp;ssl=1\" class=\"size-medium wp-image-729 alignnone\" style=\"border: 1px solid black;\" src=\"https:\/\/i0.wp.com\/blogs.lyceecfadumene.fr\/animalerie\/files\/2012\/03\/P1120616-300x225.jpg?resize=300%2C225&#038;ssl=1\" alt=\"\" width=\"300\" height=\"225\" srcset=\"https:\/\/i0.wp.com\/blogs.lyceecfadumene.fr\/animalerie\/files\/2012\/03\/P1120616.jpg?resize=300%2C225&amp;ssl=1 300w, https:\/\/i0.wp.com\/blogs.lyceecfadumene.fr\/animalerie\/files\/2012\/03\/P1120616.jpg?resize=148%2C111&amp;ssl=1 148w, https:\/\/i0.wp.com\/blogs.lyceecfadumene.fr\/animalerie\/files\/2012\/03\/P1120616.jpg?resize=31%2C23&amp;ssl=1 31w, https:\/\/i0.wp.com\/blogs.lyceecfadumene.fr\/animalerie\/files\/2012\/03\/P1120616.jpg?resize=38%2C28&amp;ssl=1 38w, https:\/\/i0.wp.com\/blogs.lyceecfadumene.fr\/animalerie\/files\/2012\/03\/P1120616.jpg?resize=286%2C215&amp;ssl=1 286w, https:\/\/i0.wp.com\/blogs.lyceecfadumene.fr\/animalerie\/files\/2012\/03\/P1120616.jpg?w=800&amp;ssl=1 800w\" sizes=\"auto, (max-width: 300px) 100vw, 300px\" \/><\/a><\/p>\n<p>La journ\u00e9e s&rsquo;est achev\u00e9e \u00e0 l&rsquo;h\u00f4tel autour d&rsquo;un spectacle de magie, anim\u00e9 bien malgr\u00e9 elle, par Nad\u00e8ge !<\/p>\n<p><a href=\"https:\/\/i0.wp.com\/blogs.lyceecfadumene.fr\/animalerie\/files\/2012\/03\/P1120635.jpg?ssl=1\"><img data-recalc-dims=\"1\" loading=\"lazy\" decoding=\"async\" data-attachment-id=\"730\" data-permalink=\"https:\/\/blogs.lyceecfadumene.fr\/animalerie\/2012\/03\/30\/mercredi-28-un-peu-de-culture\/p1120635\/\" data-orig-file=\"https:\/\/i0.wp.com\/blogs.lyceecfadumene.fr\/animalerie\/files\/2012\/03\/P1120635.jpg?fit=800%2C600&amp;ssl=1\" data-orig-size=\"800,600\" data-comments-opened=\"1\" data-image-meta=\"{&quot;aperture&quot;:&quot;3.2&quot;,&quot;credit&quot;:&quot;&quot;,&quot;camera&quot;:&quot;DMC-FZ38&quot;,&quot;caption&quot;:&quot;&quot;,&quot;created_timestamp&quot;:&quot;1332972716&quot;,&quot;copyright&quot;:&quot;&quot;,&quot;focal_length&quot;:&quot;10.1&quot;,&quot;iso&quot;:&quot;320&quot;,&quot;shutter_speed&quot;:&quot;0.0333333333333&quot;,&quot;title&quot;:&quot;&quot;}\" data-image-title=\"P1120635\" data-image-description=\"\" data-image-caption=\"\" data-large-file=\"https:\/\/i0.wp.com\/blogs.lyceecfadumene.fr\/animalerie\/files\/2012\/03\/P1120635.jpg?fit=525%2C394&amp;ssl=1\" class=\"size-medium wp-image-730 alignnone\" style=\"border: 1px solid black;\" src=\"https:\/\/i0.wp.com\/blogs.lyceecfadumene.fr\/animalerie\/files\/2012\/03\/P1120635-300x225.jpg?resize=300%2C225&#038;ssl=1\" alt=\"\" width=\"300\" height=\"225\" srcset=\"https:\/\/i0.wp.com\/blogs.lyceecfadumene.fr\/animalerie\/files\/2012\/03\/P1120635.jpg?resize=300%2C225&amp;ssl=1 300w, https:\/\/i0.wp.com\/blogs.lyceecfadumene.fr\/animalerie\/files\/2012\/03\/P1120635.jpg?resize=148%2C111&amp;ssl=1 148w, https:\/\/i0.wp.com\/blogs.lyceecfadumene.fr\/animalerie\/files\/2012\/03\/P1120635.jpg?resize=31%2C23&amp;ssl=1 31w, https:\/\/i0.wp.com\/blogs.lyceecfadumene.fr\/animalerie\/files\/2012\/03\/P1120635.jpg?resize=38%2C28&amp;ssl=1 38w, https:\/\/i0.wp.com\/blogs.lyceecfadumene.fr\/animalerie\/files\/2012\/03\/P1120635.jpg?resize=286%2C215&amp;ssl=1 286w, https:\/\/i0.wp.com\/blogs.lyceecfadumene.fr\/animalerie\/files\/2012\/03\/P1120635.jpg?w=800&amp;ssl=1 800w\" sizes=\"auto, (max-width: 300px) 100vw, 300px\" \/><\/a><\/p>\n<p>[nggallery id=14]<\/p>\n","protected":false},"excerpt":{"rendered":"<p>Aujourd&rsquo;hui, excursion dans la vall\u00e9e de la Orotava. Nous avons march\u00e9 sur les traces des premiers colons et visit\u00e9 le patrimoine qu&rsquo;ils nous ont laiss\u00e9. Bien s\u00fbr, \u00e0 Icod de Los Vinos, les \u00e9l\u00e8ves n&rsquo;ont pas manqu\u00e9 de saluer le plus vieux dragonnier de l&rsquo;\u00eele mais c&rsquo;est surtout la serre aux papillons qui a retenu &hellip; <\/p>\n<p class=\"link-more\"><a href=\"https:\/\/blogs.lyceecfadumene.fr\/animalerie\/2012\/03\/30\/mercredi-28-un-peu-de-culture\/\" class=\"more-link\">Continuer la lecture<span class=\"screen-reader-text\"> de &laquo;&nbsp;Mercredi 28 : \u00ab\u00a0Un peu de culture\u00a0\u00bb&nbsp;&raquo;<\/span><\/a><\/p>\n","protected":false},"author":1,"featured_media":0,"comment_status":"open","ping_status":"open","sticky":false,"template":"","format":"standard","meta":{"_jetpack_memberships_contains_paid_content":false,"footnotes":"","jetpack_publicize_message":"","jetpack_publicize_feature_enabled":true,"jetpack_social_post_already_shared":false,"jetpack_social_options":{"image_generator_settings":{"template":"highway","default_image_id":0,"font":"","enabled":false},"version":2}},"categories":[88],"tags":[],"class_list":["post-725","post","type-post","status-publish","format-standard","hentry","category-voyage-detude"],"aioseo_notices":[],"jetpack_publicize_connections":[],"jetpack_featured_media_url":"","jetpack_shortlink":"https:\/\/wp.me\/p1nc6U-bH","jetpack-related-posts":[],"jetpack_sharing_enabled":true,"_links":{"self":[{"href":"https:\/\/blogs.lyceecfadumene.fr\/animalerie\/wp-json\/wp\/v2\/posts\/725","targetHints":{"allow":["GET"]}}],"collection":[{"href":"https:\/\/blogs.lyceecfadumene.fr\/animalerie\/wp-json\/wp\/v2\/posts"}],"about":[{"href":"https:\/\/blogs.lyceecfadumene.fr\/animalerie\/wp-json\/wp\/v2\/types\/post"}],"author":[{"embeddable":true,"href":"https:\/\/blogs.lyceecfadumene.fr\/animalerie\/wp-json\/wp\/v2\/users\/1"}],"replies":[{"embeddable":true,"href":"https:\/\/blogs.lyceecfadumene.fr\/animalerie\/wp-json\/wp\/v2\/comments?post=725"}],"version-history":[{"count":0,"href":"https:\/\/blogs.lyceecfadumene.fr\/animalerie\/wp-json\/wp\/v2\/posts\/725\/revisions"}],"wp:attachment":[{"href":"https:\/\/blogs.lyceecfadumene.fr\/animalerie\/wp-json\/wp\/v2\/media?parent=725"}],"wp:term":[{"taxonomy":"category","embeddable":true,"href":"https:\/\/blogs.lyceecfadumene.fr\/animalerie\/wp-json\/wp\/v2\/categories?post=725"},{"taxonomy":"post_tag","embeddable":true,"href":"https:\/\/blogs.lyceecfadumene.fr\/animalerie\/wp-json\/wp\/v2\/tags?post=725"}],"curies":[{"name":"wp","href":"https:\/\/api.w.org\/{rel}","templated":true}]}}