{"id":704,"date":"2012-03-29T10:33:44","date_gmt":"2012-03-29T09:33:44","guid":{"rendered":"http:\/\/blogs.lyceecfadumene.fr\/animalerie\/?p=704"},"modified":"2012-03-29T16:41:36","modified_gmt":"2012-03-29T15:41:36","slug":"mardi-27-mars","status":"publish","type":"post","link":"https:\/\/blogs.lyceecfadumene.fr\/animalerie\/2012\/03\/29\/mardi-27-mars\/","title":{"rendered":"Mardi 27 Mars"},"content":{"rendered":"<p>\u00a0\u00bb On a march\u00e9 sur la Lune \u00a0\u00bb<\/p>\n<p><a href=\"https:\/\/i0.wp.com\/blogs.lyceecfadumene.fr\/animalerie\/files\/2012\/03\/P1120339.jpg?ssl=1\"><img data-recalc-dims=\"1\" loading=\"lazy\" decoding=\"async\" data-attachment-id=\"705\" data-permalink=\"https:\/\/blogs.lyceecfadumene.fr\/animalerie\/2012\/03\/29\/mardi-27-mars\/p1120339\/\" data-orig-file=\"https:\/\/i0.wp.com\/blogs.lyceecfadumene.fr\/animalerie\/files\/2012\/03\/P1120339.jpg?fit=800%2C600&amp;ssl=1\" data-orig-size=\"800,600\" data-comments-opened=\"1\" data-image-meta=\"{&quot;aperture&quot;:&quot;5.6&quot;,&quot;credit&quot;:&quot;&quot;,&quot;camera&quot;:&quot;DMC-FZ38&quot;,&quot;caption&quot;:&quot;&quot;,&quot;created_timestamp&quot;:&quot;1332845970&quot;,&quot;copyright&quot;:&quot;&quot;,&quot;focal_length&quot;:&quot;7.8&quot;,&quot;iso&quot;:&quot;80&quot;,&quot;shutter_speed&quot;:&quot;0.0025&quot;,&quot;title&quot;:&quot;&quot;}\" data-image-title=\"P1120339\" data-image-description=\"\" data-image-caption=\"\" data-large-file=\"https:\/\/i0.wp.com\/blogs.lyceecfadumene.fr\/animalerie\/files\/2012\/03\/P1120339.jpg?fit=525%2C394&amp;ssl=1\" class=\"size-medium wp-image-705 alignnone\" style=\"border: 1px solid black;\" src=\"https:\/\/i0.wp.com\/blogs.lyceecfadumene.fr\/animalerie\/files\/2012\/03\/P1120339-300x225.jpg?resize=300%2C225&#038;ssl=1\" alt=\"\" width=\"300\" height=\"225\" srcset=\"https:\/\/i0.wp.com\/blogs.lyceecfadumene.fr\/animalerie\/files\/2012\/03\/P1120339.jpg?resize=300%2C225&amp;ssl=1 300w, https:\/\/i0.wp.com\/blogs.lyceecfadumene.fr\/animalerie\/files\/2012\/03\/P1120339.jpg?resize=148%2C111&amp;ssl=1 148w, https:\/\/i0.wp.com\/blogs.lyceecfadumene.fr\/animalerie\/files\/2012\/03\/P1120339.jpg?resize=31%2C23&amp;ssl=1 31w, https:\/\/i0.wp.com\/blogs.lyceecfadumene.fr\/animalerie\/files\/2012\/03\/P1120339.jpg?resize=38%2C28&amp;ssl=1 38w, https:\/\/i0.wp.com\/blogs.lyceecfadumene.fr\/animalerie\/files\/2012\/03\/P1120339.jpg?resize=286%2C215&amp;ssl=1 286w, https:\/\/i0.wp.com\/blogs.lyceecfadumene.fr\/animalerie\/files\/2012\/03\/P1120339.jpg?w=800&amp;ssl=1 800w\" sizes=\"auto, (max-width: 300px) 100vw, 300px\" \/><\/a><\/p>\n<p>Aujourd&rsquo;hui, nous avons visit\u00e9 le parc national du T\u00ebide avec son volcan qui culmine \u00e0 <span style=\"font-size: small;\">37<\/span>12m (\u00e0 mar\u00e9e haute d&rsquo;apr\u00e8s le guide&#8230;)\u00a0 C&rsquo;est le plus haut sommet espagnol !<\/p>\n<p>C&rsquo;est un d\u00e9cor fantastique avec des couleurs incroyables. Quel changement d&rsquo;environnement apr\u00e8s le vert et le bleu des premiers jours !<\/p>\n<p>Les photos restituent mieux l&rsquo;ambiance que toutes les descriptions, jugez par vous m\u00eame !<\/p>\n<p>[nggallery id=13]<\/p>\n<p>&nbsp;<\/p>\n<p>&nbsp;<\/p>\n<pre><\/pre>\n","protected":false},"excerpt":{"rendered":"<p>\u00a0\u00bb On a march\u00e9 sur la Lune \u00a0\u00bb Aujourd&rsquo;hui, nous avons visit\u00e9 le parc national du T\u00ebide avec son volcan qui culmine \u00e0 3712m (\u00e0 mar\u00e9e haute d&rsquo;apr\u00e8s le guide&#8230;)\u00a0 C&rsquo;est le plus haut sommet espagnol ! C&rsquo;est un d\u00e9cor fantastique avec des couleurs incroyables. Quel changement d&rsquo;environnement apr\u00e8s le vert et le bleu des &hellip; <\/p>\n<p class=\"link-more\"><a href=\"https:\/\/blogs.lyceecfadumene.fr\/animalerie\/2012\/03\/29\/mardi-27-mars\/\" class=\"more-link\">Continuer la lecture<span class=\"screen-reader-text\"> de &laquo;&nbsp;Mardi 27 Mars&nbsp;&raquo;<\/span><\/a><\/p>\n","protected":false},"author":1,"featured_media":0,"comment_status":"open","ping_status":"open","sticky":false,"template":"","format":"standard","meta":{"_jetpack_memberships_contains_paid_content":false,"footnotes":"","jetpack_publicize_message":"","jetpack_publicize_feature_enabled":true,"jetpack_social_post_already_shared":false,"jetpack_social_options":{"image_generator_settings":{"template":"highway","default_image_id":0,"font":"","enabled":false},"version":2}},"categories":[88],"tags":[],"class_list":["post-704","post","type-post","status-publish","format-standard","hentry","category-voyage-detude"],"aioseo_notices":[],"jetpack_publicize_connections":[],"jetpack_featured_media_url":"","jetpack_shortlink":"https:\/\/wp.me\/p1nc6U-bm","jetpack-related-posts":[],"jetpack_sharing_enabled":true,"_links":{"self":[{"href":"https:\/\/blogs.lyceecfadumene.fr\/animalerie\/wp-json\/wp\/v2\/posts\/704","targetHints":{"allow":["GET"]}}],"collection":[{"href":"https:\/\/blogs.lyceecfadumene.fr\/animalerie\/wp-json\/wp\/v2\/posts"}],"about":[{"href":"https:\/\/blogs.lyceecfadumene.fr\/animalerie\/wp-json\/wp\/v2\/types\/post"}],"author":[{"embeddable":true,"href":"https:\/\/blogs.lyceecfadumene.fr\/animalerie\/wp-json\/wp\/v2\/users\/1"}],"replies":[{"embeddable":true,"href":"https:\/\/blogs.lyceecfadumene.fr\/animalerie\/wp-json\/wp\/v2\/comments?post=704"}],"version-history":[{"count":0,"href":"https:\/\/blogs.lyceecfadumene.fr\/animalerie\/wp-json\/wp\/v2\/posts\/704\/revisions"}],"wp:attachment":[{"href":"https:\/\/blogs.lyceecfadumene.fr\/animalerie\/wp-json\/wp\/v2\/media?parent=704"}],"wp:term":[{"taxonomy":"category","embeddable":true,"href":"https:\/\/blogs.lyceecfadumene.fr\/animalerie\/wp-json\/wp\/v2\/categories?post=704"},{"taxonomy":"post_tag","embeddable":true,"href":"https:\/\/blogs.lyceecfadumene.fr\/animalerie\/wp-json\/wp\/v2\/tags?post=704"}],"curies":[{"name":"wp","href":"https:\/\/api.w.org\/{rel}","templated":true}]}}