{"id":678,"date":"2012-03-27T22:43:23","date_gmt":"2012-03-27T21:43:23","guid":{"rendered":"http:\/\/blogs.lyceecfadumene.fr\/animalerie\/?p=678"},"modified":"2012-03-29T16:45:38","modified_gmt":"2012-03-29T15:45:38","slug":"dimanche-25-mars","status":"publish","type":"post","link":"https:\/\/blogs.lyceecfadumene.fr\/animalerie\/2012\/03\/27\/dimanche-25-mars\/","title":{"rendered":"Dimanche 25 Mars"},"content":{"rendered":"<p>\u00a0\u00bb <em>Le\u00a0 soleil donne &#8230;. la m\u00eame couleur aux gens, gentiment<\/em> \u00a0\u00bb\u00a0 C&rsquo;est ce que dit Voulzy !<\/p>\n<p>Pour nous, \u00e7a a \u00e9t\u00e9 le rouge&#8230; et violemment &#8230; Merci Biaffine !<\/p>\n<p><a href=\"https:\/\/i0.wp.com\/blogs.lyceecfadumene.fr\/animalerie\/files\/2012\/03\/P1110870.jpg?ssl=1\"><img data-recalc-dims=\"1\" loading=\"lazy\" decoding=\"async\" data-attachment-id=\"679\" data-permalink=\"https:\/\/blogs.lyceecfadumene.fr\/animalerie\/2012\/03\/27\/dimanche-25-mars\/p1110870\/\" data-orig-file=\"https:\/\/i0.wp.com\/blogs.lyceecfadumene.fr\/animalerie\/files\/2012\/03\/P1110870.jpg?fit=800%2C600&amp;ssl=1\" data-orig-size=\"800,600\" data-comments-opened=\"1\" data-image-meta=\"{&quot;aperture&quot;:&quot;3&quot;,&quot;credit&quot;:&quot;&quot;,&quot;camera&quot;:&quot;DMC-FZ38&quot;,&quot;caption&quot;:&quot;&quot;,&quot;created_timestamp&quot;:&quot;1332681432&quot;,&quot;copyright&quot;:&quot;&quot;,&quot;focal_length&quot;:&quot;6.5&quot;,&quot;iso&quot;:&quot;80&quot;,&quot;shutter_speed&quot;:&quot;0.01&quot;,&quot;title&quot;:&quot;&quot;}\" data-image-title=\"P1110870\" data-image-description=\"\" data-image-caption=\"\" data-large-file=\"https:\/\/i0.wp.com\/blogs.lyceecfadumene.fr\/animalerie\/files\/2012\/03\/P1110870.jpg?fit=525%2C394&amp;ssl=1\" class=\"size-medium wp-image-679 alignnone\" style=\"border: 1px solid black;\" src=\"https:\/\/i0.wp.com\/blogs.lyceecfadumene.fr\/animalerie\/files\/2012\/03\/P1110870-300x225.jpg?resize=300%2C225&#038;ssl=1\" alt=\"\" width=\"300\" height=\"225\" srcset=\"https:\/\/i0.wp.com\/blogs.lyceecfadumene.fr\/animalerie\/files\/2012\/03\/P1110870.jpg?resize=300%2C225&amp;ssl=1 300w, https:\/\/i0.wp.com\/blogs.lyceecfadumene.fr\/animalerie\/files\/2012\/03\/P1110870.jpg?resize=148%2C111&amp;ssl=1 148w, https:\/\/i0.wp.com\/blogs.lyceecfadumene.fr\/animalerie\/files\/2012\/03\/P1110870.jpg?resize=31%2C23&amp;ssl=1 31w, https:\/\/i0.wp.com\/blogs.lyceecfadumene.fr\/animalerie\/files\/2012\/03\/P1110870.jpg?resize=38%2C28&amp;ssl=1 38w, https:\/\/i0.wp.com\/blogs.lyceecfadumene.fr\/animalerie\/files\/2012\/03\/P1110870.jpg?resize=286%2C215&amp;ssl=1 286w, https:\/\/i0.wp.com\/blogs.lyceecfadumene.fr\/animalerie\/files\/2012\/03\/P1110870.jpg?w=800&amp;ssl=1 800w\" sizes=\"auto, (max-width: 300px) 100vw, 300px\" \/><\/a><\/p>\n<p>Aujourd&rsquo;hui, visite des jardins de Puerto.<\/p>\n<p>Le Taoro en fin de matin\u00e9e puis, apr\u00e8s un pique nique en bord de mer, le Botanico.<\/p>\n<p><a href=\"https:\/\/i0.wp.com\/blogs.lyceecfadumene.fr\/animalerie\/files\/2012\/03\/P1110938.jpg?ssl=1\"><img data-recalc-dims=\"1\" loading=\"lazy\" decoding=\"async\" data-attachment-id=\"680\" data-permalink=\"https:\/\/blogs.lyceecfadumene.fr\/animalerie\/2012\/03\/27\/dimanche-25-mars\/p1110938\/\" data-orig-file=\"https:\/\/i0.wp.com\/blogs.lyceecfadumene.fr\/animalerie\/files\/2012\/03\/P1110938.jpg?fit=800%2C600&amp;ssl=1\" data-orig-size=\"800,600\" data-comments-opened=\"1\" data-image-meta=\"{&quot;aperture&quot;:&quot;4&quot;,&quot;credit&quot;:&quot;&quot;,&quot;camera&quot;:&quot;DMC-FZ38&quot;,&quot;caption&quot;:&quot;&quot;,&quot;created_timestamp&quot;:&quot;1332690870&quot;,&quot;copyright&quot;:&quot;&quot;,&quot;focal_length&quot;:&quot;5.1&quot;,&quot;iso&quot;:&quot;80&quot;,&quot;shutter_speed&quot;:&quot;0.008&quot;,&quot;title&quot;:&quot;&quot;}\" data-image-title=\"P1110938\" data-image-description=\"\" data-image-caption=\"\" data-large-file=\"https:\/\/i0.wp.com\/blogs.lyceecfadumene.fr\/animalerie\/files\/2012\/03\/P1110938.jpg?fit=525%2C394&amp;ssl=1\" class=\"size-medium wp-image-680 alignnone\" style=\"border: 1px solid black;\" src=\"https:\/\/i0.wp.com\/blogs.lyceecfadumene.fr\/animalerie\/files\/2012\/03\/P1110938-300x225.jpg?resize=300%2C225&#038;ssl=1\" alt=\"\" width=\"300\" height=\"225\" srcset=\"https:\/\/i0.wp.com\/blogs.lyceecfadumene.fr\/animalerie\/files\/2012\/03\/P1110938.jpg?resize=300%2C225&amp;ssl=1 300w, https:\/\/i0.wp.com\/blogs.lyceecfadumene.fr\/animalerie\/files\/2012\/03\/P1110938.jpg?resize=148%2C111&amp;ssl=1 148w, https:\/\/i0.wp.com\/blogs.lyceecfadumene.fr\/animalerie\/files\/2012\/03\/P1110938.jpg?resize=31%2C23&amp;ssl=1 31w, https:\/\/i0.wp.com\/blogs.lyceecfadumene.fr\/animalerie\/files\/2012\/03\/P1110938.jpg?resize=38%2C28&amp;ssl=1 38w, https:\/\/i0.wp.com\/blogs.lyceecfadumene.fr\/animalerie\/files\/2012\/03\/P1110938.jpg?resize=286%2C215&amp;ssl=1 286w, https:\/\/i0.wp.com\/blogs.lyceecfadumene.fr\/animalerie\/files\/2012\/03\/P1110938.jpg?w=800&amp;ssl=1 800w\" sizes=\"auto, (max-width: 300px) 100vw, 300px\" \/><\/a><\/p>\n<p>La ville est superbe, tr\u00e8s escarp\u00e9e et richement fleurie. Ici, tout pousse et il vaut mieux \u00e9viter d&rsquo;\u00e9ternuer en mangeant une pomme, si on ne veut pas un verger l&rsquo;ann\u00e9e suivante.<\/p>\n<p>Nous avons fini la journ\u00e9e autour de la star du jour, <strong>L\u00e9a,<\/strong> pour qui nous avions command\u00e9 un g\u00e2teau avec 20 bougies&#8230;<\/p>\n<p><a href=\"https:\/\/i0.wp.com\/blogs.lyceecfadumene.fr\/animalerie\/files\/2012\/03\/P1120030.jpg?ssl=1\"><img data-recalc-dims=\"1\" loading=\"lazy\" decoding=\"async\" data-attachment-id=\"681\" data-permalink=\"https:\/\/blogs.lyceecfadumene.fr\/animalerie\/2012\/03\/27\/dimanche-25-mars\/p1120030\/\" data-orig-file=\"https:\/\/i0.wp.com\/blogs.lyceecfadumene.fr\/animalerie\/files\/2012\/03\/P1120030.jpg?fit=800%2C600&amp;ssl=1\" data-orig-size=\"800,600\" data-comments-opened=\"1\" data-image-meta=\"{&quot;aperture&quot;:&quot;2.8&quot;,&quot;credit&quot;:&quot;&quot;,&quot;camera&quot;:&quot;DMC-FZ38&quot;,&quot;caption&quot;:&quot;&quot;,&quot;created_timestamp&quot;:&quot;1332709879&quot;,&quot;copyright&quot;:&quot;&quot;,&quot;focal_length&quot;:&quot;4.8&quot;,&quot;iso&quot;:&quot;800&quot;,&quot;shutter_speed&quot;:&quot;0.0666666666667&quot;,&quot;title&quot;:&quot;&quot;}\" data-image-title=\"P1120030\" data-image-description=\"\" data-image-caption=\"\" data-large-file=\"https:\/\/i0.wp.com\/blogs.lyceecfadumene.fr\/animalerie\/files\/2012\/03\/P1120030.jpg?fit=525%2C394&amp;ssl=1\" class=\"size-medium wp-image-681 alignnone\" style=\"border: 1px solid black;\" src=\"https:\/\/i0.wp.com\/blogs.lyceecfadumene.fr\/animalerie\/files\/2012\/03\/P1120030-300x225.jpg?resize=300%2C225&#038;ssl=1\" alt=\"\" width=\"300\" height=\"225\" srcset=\"https:\/\/i0.wp.com\/blogs.lyceecfadumene.fr\/animalerie\/files\/2012\/03\/P1120030.jpg?resize=300%2C225&amp;ssl=1 300w, https:\/\/i0.wp.com\/blogs.lyceecfadumene.fr\/animalerie\/files\/2012\/03\/P1120030.jpg?resize=148%2C111&amp;ssl=1 148w, https:\/\/i0.wp.com\/blogs.lyceecfadumene.fr\/animalerie\/files\/2012\/03\/P1120030.jpg?resize=31%2C23&amp;ssl=1 31w, https:\/\/i0.wp.com\/blogs.lyceecfadumene.fr\/animalerie\/files\/2012\/03\/P1120030.jpg?resize=38%2C28&amp;ssl=1 38w, https:\/\/i0.wp.com\/blogs.lyceecfadumene.fr\/animalerie\/files\/2012\/03\/P1120030.jpg?resize=286%2C215&amp;ssl=1 286w, https:\/\/i0.wp.com\/blogs.lyceecfadumene.fr\/animalerie\/files\/2012\/03\/P1120030.jpg?w=800&amp;ssl=1 800w\" sizes=\"auto, (max-width: 300px) 100vw, 300px\" \/><\/a><\/p>\n<p>A tr\u00e8s bient\u00f4t pour de nouvelles p\u00e9rip\u00e9ties !<\/p>\n<p>[nggallery\u00a0id=10]<\/p>\n","protected":false},"excerpt":{"rendered":"<p>\u00a0\u00bb Le\u00a0 soleil donne &#8230;. la m\u00eame couleur aux gens, gentiment \u00a0\u00bb\u00a0 C&rsquo;est ce que dit Voulzy ! Pour nous, \u00e7a a \u00e9t\u00e9 le rouge&#8230; et violemment &#8230; Merci Biaffine ! Aujourd&rsquo;hui, visite des jardins de Puerto. Le Taoro en fin de matin\u00e9e puis, apr\u00e8s un pique nique en bord de mer, le Botanico. La &hellip; <\/p>\n<p class=\"link-more\"><a href=\"https:\/\/blogs.lyceecfadumene.fr\/animalerie\/2012\/03\/27\/dimanche-25-mars\/\" class=\"more-link\">Continuer la lecture<span class=\"screen-reader-text\"> de &laquo;&nbsp;Dimanche 25 Mars&nbsp;&raquo;<\/span><\/a><\/p>\n","protected":false},"author":1,"featured_media":0,"comment_status":"open","ping_status":"open","sticky":false,"template":"","format":"standard","meta":{"_jetpack_memberships_contains_paid_content":false,"footnotes":"","jetpack_publicize_message":"","jetpack_publicize_feature_enabled":true,"jetpack_social_post_already_shared":false,"jetpack_social_options":{"image_generator_settings":{"template":"highway","default_image_id":0,"font":"","enabled":false},"version":2}},"categories":[88],"tags":[],"class_list":["post-678","post","type-post","status-publish","format-standard","hentry","category-voyage-detude"],"aioseo_notices":[],"jetpack_publicize_connections":[],"jetpack_featured_media_url":"","jetpack_shortlink":"https:\/\/wp.me\/p1nc6U-aW","jetpack-related-posts":[],"jetpack_sharing_enabled":true,"_links":{"self":[{"href":"https:\/\/blogs.lyceecfadumene.fr\/animalerie\/wp-json\/wp\/v2\/posts\/678","targetHints":{"allow":["GET"]}}],"collection":[{"href":"https:\/\/blogs.lyceecfadumene.fr\/animalerie\/wp-json\/wp\/v2\/posts"}],"about":[{"href":"https:\/\/blogs.lyceecfadumene.fr\/animalerie\/wp-json\/wp\/v2\/types\/post"}],"author":[{"embeddable":true,"href":"https:\/\/blogs.lyceecfadumene.fr\/animalerie\/wp-json\/wp\/v2\/users\/1"}],"replies":[{"embeddable":true,"href":"https:\/\/blogs.lyceecfadumene.fr\/animalerie\/wp-json\/wp\/v2\/comments?post=678"}],"version-history":[{"count":0,"href":"https:\/\/blogs.lyceecfadumene.fr\/animalerie\/wp-json\/wp\/v2\/posts\/678\/revisions"}],"wp:attachment":[{"href":"https:\/\/blogs.lyceecfadumene.fr\/animalerie\/wp-json\/wp\/v2\/media?parent=678"}],"wp:term":[{"taxonomy":"category","embeddable":true,"href":"https:\/\/blogs.lyceecfadumene.fr\/animalerie\/wp-json\/wp\/v2\/categories?post=678"},{"taxonomy":"post_tag","embeddable":true,"href":"https:\/\/blogs.lyceecfadumene.fr\/animalerie\/wp-json\/wp\/v2\/tags?post=678"}],"curies":[{"name":"wp","href":"https:\/\/api.w.org\/{rel}","templated":true}]}}