{"id":2238,"date":"2020-10-02T08:12:18","date_gmt":"2020-10-02T07:12:18","guid":{"rendered":"https:\/\/blogs.lyceecfadumene.fr\/animalerie\/?p=2238"},"modified":"2020-10-02T08:12:18","modified_gmt":"2020-10-02T07:12:18","slug":"un-apres-midi-au-refuge-de-larche","status":"publish","type":"post","link":"https:\/\/blogs.lyceecfadumene.fr\/animalerie\/2020\/10\/02\/un-apres-midi-au-refuge-de-larche\/","title":{"rendered":"Un apr\u00e8s-midi au Refuge de l&rsquo;Arche"},"content":{"rendered":"<p>Nous remercions le lyc\u00e9e agricole de Ch\u00e2teaux Gontier pour nous avoir accueilli pour le d\u00e9jeuner du midi.<\/p>\n<p>15h Suite de notre journ\u00e9e, nous nous sommes rendu au <strong>Refuge de L\u2019arche<\/strong><\/p>\n<div class=\"tiled-gallery type-rectangular tiled-gallery-unresized\" data-original-width=\"525\" data-carousel-extra='{&quot;blog_id&quot;:83,&quot;permalink&quot;:&quot;https:\\\/\\\/blogs.lyceecfadumene.fr\\\/animalerie\\\/2020\\\/10\\\/02\\\/un-apres-midi-au-refuge-de-larche\\\/&quot;,&quot;likes_blog_id&quot;:20304436}' itemscope itemtype=\"http:\/\/schema.org\/ImageGallery\" > <div class=\"gallery-row\" style=\"width: 525px; height: 264px;\" data-original-width=\"525\" data-original-height=\"264\" > <div class=\"gallery-group images-1\" style=\"width: 350px; height: 264px;\" data-original-width=\"350\" data-original-height=\"264\" > <div class=\"tiled-gallery-item tiled-gallery-item-large\" itemprop=\"associatedMedia\" itemscope itemtype=\"http:\/\/schema.org\/ImageObject\"> <a href=\"https:\/\/blogs.lyceecfadumene.fr\/animalerie\/2020\/10\/02\/un-apres-midi-au-refuge-de-larche\/refuge-de-larche-1\/\" border=\"0\" itemprop=\"url\"> <meta itemprop=\"width\" content=\"346\"> <meta itemprop=\"height\" content=\"260\"> <img decoding=\"async\" class=\"\" data-attachment-id=\"2241\" data-orig-file=\"https:\/\/blogs.lyceecfadumene.fr\/animalerie\/files\/2020\/10\/REFUGE-DE-LARCHE-1.jpg\" data-orig-size=\"800,600\" data-comments-opened=\"1\" data-image-meta=\"{&quot;aperture&quot;:&quot;0&quot;,&quot;credit&quot;:&quot;&quot;,&quot;camera&quot;:&quot;&quot;,&quot;caption&quot;:&quot;&quot;,&quot;created_timestamp&quot;:&quot;0&quot;,&quot;copyright&quot;:&quot;&quot;,&quot;focal_length&quot;:&quot;0&quot;,&quot;iso&quot;:&quot;0&quot;,&quot;shutter_speed&quot;:&quot;0&quot;,&quot;title&quot;:&quot;&quot;,&quot;orientation&quot;:&quot;0&quot;}\" data-image-title=\"REFUGE DE LARCHE 1\" data-image-description=\"\" data-medium-file=\"https:\/\/i0.wp.com\/blogs.lyceecfadumene.fr\/animalerie\/files\/2020\/10\/REFUGE-DE-LARCHE-1.jpg?fit=300%2C225&#038;ssl=1\" data-large-file=\"https:\/\/i0.wp.com\/blogs.lyceecfadumene.fr\/animalerie\/files\/2020\/10\/REFUGE-DE-LARCHE-1.jpg?fit=525%2C394&#038;ssl=1\" src=\"https:\/\/i0.wp.com\/blogs.lyceecfadumene.fr\/animalerie\/files\/2020\/10\/REFUGE-DE-LARCHE-1.jpg?w=346&#038;h=260&#038;ssl=1\" srcset=\"https:\/\/i0.wp.com\/blogs.lyceecfadumene.fr\/animalerie\/files\/2020\/10\/REFUGE-DE-LARCHE-1.jpg?w=800&amp;ssl=1 800w, https:\/\/i0.wp.com\/blogs.lyceecfadumene.fr\/animalerie\/files\/2020\/10\/REFUGE-DE-LARCHE-1.jpg?resize=300%2C225&amp;ssl=1 300w, https:\/\/i0.wp.com\/blogs.lyceecfadumene.fr\/animalerie\/files\/2020\/10\/REFUGE-DE-LARCHE-1.jpg?resize=768%2C576&amp;ssl=1 768w\" width=\"346\" height=\"260\" loading=\"lazy\" data-original-width=\"346\" data-original-height=\"260\" itemprop=\"http:\/\/schema.org\/image\" title=\"REFUGE DE LARCHE 1\" alt=\"REFUGE DE LARCHE 1\" style=\"width: 346px; height: 260px;\" \/> <\/a> <\/div> <\/div> <!-- close group --> <div class=\"gallery-group images-2\" style=\"width: 175px; height: 264px;\" data-original-width=\"175\" data-original-height=\"264\" > <div class=\"tiled-gallery-item tiled-gallery-item-small\" itemprop=\"associatedMedia\" itemscope itemtype=\"http:\/\/schema.org\/ImageObject\"> <a href=\"https:\/\/blogs.lyceecfadumene.fr\/animalerie\/2020\/10\/02\/un-apres-midi-au-refuge-de-larche\/refuge-de-larche2\/\" border=\"0\" itemprop=\"url\"> <meta itemprop=\"width\" content=\"171\"> <meta itemprop=\"height\" content=\"128\"> <img decoding=\"async\" class=\"\" data-attachment-id=\"2242\" data-orig-file=\"https:\/\/blogs.lyceecfadumene.fr\/animalerie\/files\/2020\/10\/REFUGE-DE-LARCHE2.jpg\" data-orig-size=\"800,600\" data-comments-opened=\"1\" data-image-meta=\"{&quot;aperture&quot;:&quot;0&quot;,&quot;credit&quot;:&quot;&quot;,&quot;camera&quot;:&quot;&quot;,&quot;caption&quot;:&quot;&quot;,&quot;created_timestamp&quot;:&quot;0&quot;,&quot;copyright&quot;:&quot;&quot;,&quot;focal_length&quot;:&quot;0&quot;,&quot;iso&quot;:&quot;0&quot;,&quot;shutter_speed&quot;:&quot;0&quot;,&quot;title&quot;:&quot;&quot;,&quot;orientation&quot;:&quot;0&quot;}\" data-image-title=\"REFUGE DE LARCHE2\" data-image-description=\"\" data-medium-file=\"https:\/\/i0.wp.com\/blogs.lyceecfadumene.fr\/animalerie\/files\/2020\/10\/REFUGE-DE-LARCHE2.jpg?fit=300%2C225&#038;ssl=1\" data-large-file=\"https:\/\/i0.wp.com\/blogs.lyceecfadumene.fr\/animalerie\/files\/2020\/10\/REFUGE-DE-LARCHE2.jpg?fit=525%2C394&#038;ssl=1\" src=\"https:\/\/i0.wp.com\/blogs.lyceecfadumene.fr\/animalerie\/files\/2020\/10\/REFUGE-DE-LARCHE2.jpg?w=171&#038;h=128&#038;ssl=1\" srcset=\"https:\/\/i0.wp.com\/blogs.lyceecfadumene.fr\/animalerie\/files\/2020\/10\/REFUGE-DE-LARCHE2.jpg?w=800&amp;ssl=1 800w, https:\/\/i0.wp.com\/blogs.lyceecfadumene.fr\/animalerie\/files\/2020\/10\/REFUGE-DE-LARCHE2.jpg?resize=300%2C225&amp;ssl=1 300w, https:\/\/i0.wp.com\/blogs.lyceecfadumene.fr\/animalerie\/files\/2020\/10\/REFUGE-DE-LARCHE2.jpg?resize=768%2C576&amp;ssl=1 768w\" width=\"171\" height=\"128\" loading=\"lazy\" data-original-width=\"171\" data-original-height=\"128\" itemprop=\"http:\/\/schema.org\/image\" title=\"REFUGE DE LARCHE2\" alt=\"REFUGE DE LARCHE2\" style=\"width: 171px; height: 128px;\" \/> <\/a> <\/div> <div class=\"tiled-gallery-item tiled-gallery-item-small\" itemprop=\"associatedMedia\" itemscope itemtype=\"http:\/\/schema.org\/ImageObject\"> <a href=\"https:\/\/blogs.lyceecfadumene.fr\/animalerie\/2020\/10\/02\/un-apres-midi-au-refuge-de-larche\/refuge-de-larche3\/\" border=\"0\" itemprop=\"url\"> <meta itemprop=\"width\" content=\"171\"> <meta itemprop=\"height\" content=\"128\"> <img decoding=\"async\" class=\"\" data-attachment-id=\"2243\" data-orig-file=\"https:\/\/blogs.lyceecfadumene.fr\/animalerie\/files\/2020\/10\/REFUGE-DE-LARCHE3.jpg\" data-orig-size=\"800,600\" data-comments-opened=\"1\" data-image-meta=\"{&quot;aperture&quot;:&quot;0&quot;,&quot;credit&quot;:&quot;&quot;,&quot;camera&quot;:&quot;&quot;,&quot;caption&quot;:&quot;&quot;,&quot;created_timestamp&quot;:&quot;0&quot;,&quot;copyright&quot;:&quot;&quot;,&quot;focal_length&quot;:&quot;0&quot;,&quot;iso&quot;:&quot;0&quot;,&quot;shutter_speed&quot;:&quot;0&quot;,&quot;title&quot;:&quot;&quot;,&quot;orientation&quot;:&quot;0&quot;}\" data-image-title=\"REFUGE DE LARCHE3\" data-image-description=\"\" data-medium-file=\"https:\/\/i0.wp.com\/blogs.lyceecfadumene.fr\/animalerie\/files\/2020\/10\/REFUGE-DE-LARCHE3.jpg?fit=300%2C225&#038;ssl=1\" data-large-file=\"https:\/\/i0.wp.com\/blogs.lyceecfadumene.fr\/animalerie\/files\/2020\/10\/REFUGE-DE-LARCHE3.jpg?fit=525%2C394&#038;ssl=1\" src=\"https:\/\/i0.wp.com\/blogs.lyceecfadumene.fr\/animalerie\/files\/2020\/10\/REFUGE-DE-LARCHE3.jpg?w=171&#038;h=128&#038;ssl=1\" srcset=\"https:\/\/i0.wp.com\/blogs.lyceecfadumene.fr\/animalerie\/files\/2020\/10\/REFUGE-DE-LARCHE3.jpg?w=800&amp;ssl=1 800w, https:\/\/i0.wp.com\/blogs.lyceecfadumene.fr\/animalerie\/files\/2020\/10\/REFUGE-DE-LARCHE3.jpg?resize=300%2C225&amp;ssl=1 300w, https:\/\/i0.wp.com\/blogs.lyceecfadumene.fr\/animalerie\/files\/2020\/10\/REFUGE-DE-LARCHE3.jpg?resize=768%2C576&amp;ssl=1 768w\" width=\"171\" height=\"128\" loading=\"lazy\" data-original-width=\"171\" data-original-height=\"128\" itemprop=\"http:\/\/schema.org\/image\" title=\"REFUGE DE LARCHE3\" alt=\"REFUGE DE LARCHE3\" style=\"width: 171px; height: 128px;\" \/> <\/a> <\/div> <\/div> <!-- close group --> <\/div> <!-- close row --> <div class=\"gallery-row\" style=\"width: 525px; height: 132px;\" data-original-width=\"525\" data-original-height=\"132\" > <div class=\"gallery-group images-1\" style=\"width: 175px; height: 132px;\" data-original-width=\"175\" data-original-height=\"132\" > <div class=\"tiled-gallery-item tiled-gallery-item-small\" itemprop=\"associatedMedia\" itemscope itemtype=\"http:\/\/schema.org\/ImageObject\"> <a href=\"https:\/\/blogs.lyceecfadumene.fr\/animalerie\/2020\/10\/02\/un-apres-midi-au-refuge-de-larche\/refuge-de-larche4\/\" border=\"0\" itemprop=\"url\"> <meta itemprop=\"width\" content=\"171\"> <meta itemprop=\"height\" content=\"128\"> <img decoding=\"async\" class=\"\" data-attachment-id=\"2244\" data-orig-file=\"https:\/\/blogs.lyceecfadumene.fr\/animalerie\/files\/2020\/10\/REFUGE-DE-LARCHE4.jpg\" data-orig-size=\"480,360\" data-comments-opened=\"1\" data-image-meta=\"{&quot;aperture&quot;:&quot;0&quot;,&quot;credit&quot;:&quot;&quot;,&quot;camera&quot;:&quot;&quot;,&quot;caption&quot;:&quot;&quot;,&quot;created_timestamp&quot;:&quot;0&quot;,&quot;copyright&quot;:&quot;&quot;,&quot;focal_length&quot;:&quot;0&quot;,&quot;iso&quot;:&quot;0&quot;,&quot;shutter_speed&quot;:&quot;0&quot;,&quot;title&quot;:&quot;&quot;,&quot;orientation&quot;:&quot;0&quot;}\" data-image-title=\"REFUGE DE LARCHE4\" data-image-description=\"\" data-medium-file=\"https:\/\/i0.wp.com\/blogs.lyceecfadumene.fr\/animalerie\/files\/2020\/10\/REFUGE-DE-LARCHE4.jpg?fit=300%2C225&#038;ssl=1\" data-large-file=\"https:\/\/i0.wp.com\/blogs.lyceecfadumene.fr\/animalerie\/files\/2020\/10\/REFUGE-DE-LARCHE4.jpg?fit=480%2C360&#038;ssl=1\" src=\"https:\/\/i0.wp.com\/blogs.lyceecfadumene.fr\/animalerie\/files\/2020\/10\/REFUGE-DE-LARCHE4.jpg?w=171&#038;h=128&#038;ssl=1\" srcset=\"https:\/\/i0.wp.com\/blogs.lyceecfadumene.fr\/animalerie\/files\/2020\/10\/REFUGE-DE-LARCHE4.jpg?w=480&amp;ssl=1 480w, https:\/\/i0.wp.com\/blogs.lyceecfadumene.fr\/animalerie\/files\/2020\/10\/REFUGE-DE-LARCHE4.jpg?resize=300%2C225&amp;ssl=1 300w\" width=\"171\" height=\"128\" loading=\"lazy\" data-original-width=\"171\" data-original-height=\"128\" itemprop=\"http:\/\/schema.org\/image\" title=\"REFUGE DE LARCHE4\" alt=\"REFUGE DE LARCHE4\" style=\"width: 171px; height: 128px;\" \/> <\/a> <\/div> <\/div> <!-- close group --> <div class=\"gallery-group images-1\" style=\"width: 175px; height: 132px;\" data-original-width=\"175\" data-original-height=\"132\" > <div class=\"tiled-gallery-item tiled-gallery-item-small\" itemprop=\"associatedMedia\" itemscope itemtype=\"http:\/\/schema.org\/ImageObject\"> <a href=\"https:\/\/blogs.lyceecfadumene.fr\/animalerie\/2020\/10\/02\/un-apres-midi-au-refuge-de-larche\/refuge-de-larche5\/\" border=\"0\" itemprop=\"url\"> <meta itemprop=\"width\" content=\"171\"> <meta itemprop=\"height\" content=\"128\"> <img decoding=\"async\" class=\"\" data-attachment-id=\"2245\" data-orig-file=\"https:\/\/blogs.lyceecfadumene.fr\/animalerie\/files\/2020\/10\/REFUGE-DE-LARCHE5.jpg\" data-orig-size=\"800,600\" data-comments-opened=\"1\" data-image-meta=\"{&quot;aperture&quot;:&quot;0&quot;,&quot;credit&quot;:&quot;&quot;,&quot;camera&quot;:&quot;&quot;,&quot;caption&quot;:&quot;&quot;,&quot;created_timestamp&quot;:&quot;0&quot;,&quot;copyright&quot;:&quot;&quot;,&quot;focal_length&quot;:&quot;0&quot;,&quot;iso&quot;:&quot;0&quot;,&quot;shutter_speed&quot;:&quot;0&quot;,&quot;title&quot;:&quot;&quot;,&quot;orientation&quot;:&quot;0&quot;}\" data-image-title=\"REFUGE DE LARCHE5\" data-image-description=\"\" data-medium-file=\"https:\/\/i0.wp.com\/blogs.lyceecfadumene.fr\/animalerie\/files\/2020\/10\/REFUGE-DE-LARCHE5.jpg?fit=300%2C225&#038;ssl=1\" data-large-file=\"https:\/\/i0.wp.com\/blogs.lyceecfadumene.fr\/animalerie\/files\/2020\/10\/REFUGE-DE-LARCHE5.jpg?fit=525%2C394&#038;ssl=1\" src=\"https:\/\/i0.wp.com\/blogs.lyceecfadumene.fr\/animalerie\/files\/2020\/10\/REFUGE-DE-LARCHE5.jpg?w=171&#038;h=128&#038;ssl=1\" srcset=\"https:\/\/i0.wp.com\/blogs.lyceecfadumene.fr\/animalerie\/files\/2020\/10\/REFUGE-DE-LARCHE5.jpg?w=800&amp;ssl=1 800w, https:\/\/i0.wp.com\/blogs.lyceecfadumene.fr\/animalerie\/files\/2020\/10\/REFUGE-DE-LARCHE5.jpg?resize=300%2C225&amp;ssl=1 300w, https:\/\/i0.wp.com\/blogs.lyceecfadumene.fr\/animalerie\/files\/2020\/10\/REFUGE-DE-LARCHE5.jpg?resize=768%2C576&amp;ssl=1 768w\" width=\"171\" height=\"128\" loading=\"lazy\" data-original-width=\"171\" data-original-height=\"128\" itemprop=\"http:\/\/schema.org\/image\" title=\"REFUGE DE LARCHE5\" alt=\"REFUGE DE LARCHE5\" style=\"width: 171px; height: 128px;\" \/> <\/a> <\/div> <\/div> <!-- close group --> <div class=\"gallery-group images-1\" style=\"width: 175px; height: 132px;\" data-original-width=\"175\" data-original-height=\"132\" > <div class=\"tiled-gallery-item tiled-gallery-item-small\" itemprop=\"associatedMedia\" itemscope itemtype=\"http:\/\/schema.org\/ImageObject\"> <a href=\"https:\/\/blogs.lyceecfadumene.fr\/animalerie\/2020\/10\/02\/un-apres-midi-au-refuge-de-larche\/refuge-de-larche6\/\" border=\"0\" itemprop=\"url\"> <meta itemprop=\"width\" content=\"171\"> <meta itemprop=\"height\" content=\"128\"> <img decoding=\"async\" class=\"\" data-attachment-id=\"2246\" data-orig-file=\"https:\/\/blogs.lyceecfadumene.fr\/animalerie\/files\/2020\/10\/REFUGE-DE-LARCHE6.jpg\" data-orig-size=\"480,360\" data-comments-opened=\"1\" data-image-meta=\"{&quot;aperture&quot;:&quot;0&quot;,&quot;credit&quot;:&quot;&quot;,&quot;camera&quot;:&quot;&quot;,&quot;caption&quot;:&quot;&quot;,&quot;created_timestamp&quot;:&quot;0&quot;,&quot;copyright&quot;:&quot;&quot;,&quot;focal_length&quot;:&quot;0&quot;,&quot;iso&quot;:&quot;0&quot;,&quot;shutter_speed&quot;:&quot;0&quot;,&quot;title&quot;:&quot;&quot;,&quot;orientation&quot;:&quot;0&quot;}\" data-image-title=\"REFUGE DE LARCHE6\" data-image-description=\"\" data-medium-file=\"https:\/\/i0.wp.com\/blogs.lyceecfadumene.fr\/animalerie\/files\/2020\/10\/REFUGE-DE-LARCHE6.jpg?fit=300%2C225&#038;ssl=1\" data-large-file=\"https:\/\/i0.wp.com\/blogs.lyceecfadumene.fr\/animalerie\/files\/2020\/10\/REFUGE-DE-LARCHE6.jpg?fit=480%2C360&#038;ssl=1\" src=\"https:\/\/i0.wp.com\/blogs.lyceecfadumene.fr\/animalerie\/files\/2020\/10\/REFUGE-DE-LARCHE6.jpg?w=171&#038;h=128&#038;ssl=1\" srcset=\"https:\/\/i0.wp.com\/blogs.lyceecfadumene.fr\/animalerie\/files\/2020\/10\/REFUGE-DE-LARCHE6.jpg?w=480&amp;ssl=1 480w, https:\/\/i0.wp.com\/blogs.lyceecfadumene.fr\/animalerie\/files\/2020\/10\/REFUGE-DE-LARCHE6.jpg?resize=300%2C225&amp;ssl=1 300w\" width=\"171\" height=\"128\" loading=\"lazy\" data-original-width=\"171\" data-original-height=\"128\" itemprop=\"http:\/\/schema.org\/image\" title=\"REFUGE DE LARCHE6\" alt=\"REFUGE DE LARCHE6\" style=\"width: 171px; height: 128px;\" \/> <\/a> <\/div> <\/div> <!-- close group --> <\/div> <!-- close row --> <div class=\"gallery-row\" style=\"width: 525px; height: 198px;\" data-original-width=\"525\" data-original-height=\"198\" > <div class=\"gallery-group images-1\" style=\"width: 263px; height: 198px;\" data-original-width=\"263\" data-original-height=\"198\" > <div class=\"tiled-gallery-item tiled-gallery-item-large\" itemprop=\"associatedMedia\" itemscope itemtype=\"http:\/\/schema.org\/ImageObject\"> <a href=\"https:\/\/blogs.lyceecfadumene.fr\/animalerie\/2020\/10\/02\/un-apres-midi-au-refuge-de-larche\/refuge-de-larche7\/\" border=\"0\" itemprop=\"url\"> <meta itemprop=\"width\" content=\"259\"> <meta itemprop=\"height\" content=\"194\"> <img decoding=\"async\" class=\"\" data-attachment-id=\"2247\" data-orig-file=\"https:\/\/blogs.lyceecfadumene.fr\/animalerie\/files\/2020\/10\/REFUGE-DE-LARCHE7.jpg\" data-orig-size=\"480,360\" data-comments-opened=\"1\" data-image-meta=\"{&quot;aperture&quot;:&quot;0&quot;,&quot;credit&quot;:&quot;&quot;,&quot;camera&quot;:&quot;&quot;,&quot;caption&quot;:&quot;&quot;,&quot;created_timestamp&quot;:&quot;0&quot;,&quot;copyright&quot;:&quot;&quot;,&quot;focal_length&quot;:&quot;0&quot;,&quot;iso&quot;:&quot;0&quot;,&quot;shutter_speed&quot;:&quot;0&quot;,&quot;title&quot;:&quot;&quot;,&quot;orientation&quot;:&quot;0&quot;}\" data-image-title=\"REFUGE DE LARCHE7\" data-image-description=\"\" data-medium-file=\"https:\/\/i0.wp.com\/blogs.lyceecfadumene.fr\/animalerie\/files\/2020\/10\/REFUGE-DE-LARCHE7.jpg?fit=300%2C225&#038;ssl=1\" data-large-file=\"https:\/\/i0.wp.com\/blogs.lyceecfadumene.fr\/animalerie\/files\/2020\/10\/REFUGE-DE-LARCHE7.jpg?fit=480%2C360&#038;ssl=1\" src=\"https:\/\/i0.wp.com\/blogs.lyceecfadumene.fr\/animalerie\/files\/2020\/10\/REFUGE-DE-LARCHE7.jpg?w=259&#038;h=194&#038;ssl=1\" srcset=\"https:\/\/i0.wp.com\/blogs.lyceecfadumene.fr\/animalerie\/files\/2020\/10\/REFUGE-DE-LARCHE7.jpg?w=480&amp;ssl=1 480w, https:\/\/i0.wp.com\/blogs.lyceecfadumene.fr\/animalerie\/files\/2020\/10\/REFUGE-DE-LARCHE7.jpg?resize=300%2C225&amp;ssl=1 300w\" width=\"259\" height=\"194\" loading=\"lazy\" data-original-width=\"259\" data-original-height=\"194\" itemprop=\"http:\/\/schema.org\/image\" title=\"REFUGE DE LARCHE7\" alt=\"REFUGE DE LARCHE7\" style=\"width: 259px; height: 194px;\" \/> <\/a> <\/div> <\/div> <!-- close group --> <div class=\"gallery-group images-1\" style=\"width: 262px; height: 198px;\" data-original-width=\"262\" data-original-height=\"198\" > <div class=\"tiled-gallery-item tiled-gallery-item-large\" itemprop=\"associatedMedia\" itemscope itemtype=\"http:\/\/schema.org\/ImageObject\"> <a href=\"https:\/\/blogs.lyceecfadumene.fr\/animalerie\/2020\/10\/02\/un-apres-midi-au-refuge-de-larche\/refuge-de-larche8\/\" border=\"0\" itemprop=\"url\"> <meta itemprop=\"width\" content=\"258\"> <meta itemprop=\"height\" content=\"194\"> <img decoding=\"async\" class=\"\" data-attachment-id=\"2248\" data-orig-file=\"https:\/\/blogs.lyceecfadumene.fr\/animalerie\/files\/2020\/10\/REFUGE-DE-LARCHE8.jpg\" data-orig-size=\"480,360\" data-comments-opened=\"1\" data-image-meta=\"{&quot;aperture&quot;:&quot;0&quot;,&quot;credit&quot;:&quot;&quot;,&quot;camera&quot;:&quot;&quot;,&quot;caption&quot;:&quot;&quot;,&quot;created_timestamp&quot;:&quot;0&quot;,&quot;copyright&quot;:&quot;&quot;,&quot;focal_length&quot;:&quot;0&quot;,&quot;iso&quot;:&quot;0&quot;,&quot;shutter_speed&quot;:&quot;0&quot;,&quot;title&quot;:&quot;&quot;,&quot;orientation&quot;:&quot;0&quot;}\" data-image-title=\"REFUGE DE LARCHE8\" data-image-description=\"\" data-medium-file=\"https:\/\/i0.wp.com\/blogs.lyceecfadumene.fr\/animalerie\/files\/2020\/10\/REFUGE-DE-LARCHE8.jpg?fit=300%2C225&#038;ssl=1\" data-large-file=\"https:\/\/i0.wp.com\/blogs.lyceecfadumene.fr\/animalerie\/files\/2020\/10\/REFUGE-DE-LARCHE8.jpg?fit=480%2C360&#038;ssl=1\" src=\"https:\/\/i0.wp.com\/blogs.lyceecfadumene.fr\/animalerie\/files\/2020\/10\/REFUGE-DE-LARCHE8.jpg?w=258&#038;h=194&#038;ssl=1\" srcset=\"https:\/\/i0.wp.com\/blogs.lyceecfadumene.fr\/animalerie\/files\/2020\/10\/REFUGE-DE-LARCHE8.jpg?w=480&amp;ssl=1 480w, https:\/\/i0.wp.com\/blogs.lyceecfadumene.fr\/animalerie\/files\/2020\/10\/REFUGE-DE-LARCHE8.jpg?resize=300%2C225&amp;ssl=1 300w\" width=\"258\" height=\"194\" loading=\"lazy\" data-original-width=\"258\" data-original-height=\"194\" itemprop=\"http:\/\/schema.org\/image\" title=\"REFUGE DE LARCHE8\" alt=\"REFUGE DE LARCHE8\" style=\"width: 258px; height: 194px;\" \/> <\/a> <\/div> <\/div> <!-- close group --> <\/div> <!-- close row --> <\/div>\n<p>Cette association de plus de 45 ans d\u2019exp\u00e9rience accueille des animaux issus de la <strong>faune sauvage<\/strong> et \u00e9galement issus de saisies pour maltraitance, trafic, animaux de laboratoires au <strong>Centre de Sauvegarde de la Faune Locale Sauvage<\/strong> \u00ab Valentine et Jacques Perrin \u00bb. Le centre n&rsquo;est pas accessible au public.<\/p>\n<p>Nous avons pass\u00e9 l\u2019apr\u00e8s-midi \u00e0 d\u00e9couvrir les diff\u00e9rentes esp\u00e8ces animales pr\u00e9sentes sur le parc qui lui est ouvert au public et qui a trois p\u00f4les d\u2019actions :<\/p>\n<ul>\n<li>la <strong>protection animale<\/strong>,<\/li>\n<li>la sensibilisation et l\u2019\u00e9ducation du public,<\/li>\n<li>la r\u00e9insertion sociale pour des jeunes en qu\u00eate d\u2019int\u00e9gration.<\/li>\n<\/ul>\n<p>Cr\u00e9er dans les ann\u00e9es 1970 par <strong>Christian Huchedet<\/strong>, le refuge est l\u00e0 pour recueillir des dons afin de s\u2019occuper des animaux au pass\u00e9 difficile pr\u00e9sents sur le site. Chaque entr\u00e9e ou don r\u00e9colt\u00e9s est une aubaine pour le bon fonctionnement du parc et le bon soin des animaux mais aussi pour financer des r\u00e9introductions d\u2019animaux dans leurs milieux naturels.<\/p>\n<p>Une<strong> association<\/strong> <strong>reconnue<\/strong> et <strong>soutenue<\/strong> notamment par de nombreuses personnes publiques comme Brigitte Bardot, Philippe Bouvard, Pierre Richard ou encore Teddy Riner pour les plus jeunes.<\/p>\n<p>Nous remercions <strong>Yann Huchedet,<\/strong> directeur actuel du refuge, d&rsquo;avoir pris le temps de partager avec nous son exp\u00e9rience et les valeurs de son association.<\/p>\n<p><strong>Aymeric Bernard.<\/strong><\/p>\n<p><strong>Info pratiques<\/strong><\/p>\n<p>Refuge de l&rsquo;Arche<\/p>\n<p>Adresse : 13 quater Rue F\u00e9lix Marchand, 53200 Saint-Fort<\/p>\n<p>T\u00e9l\u00e9phone : 02 43 07 24 38<\/p>\n<p>Site&nbsp;: <a href=\"https:\/\/www.refuge-arche.org\/\">https:\/\/www.refuge-arche.org\/<\/a><\/p>\n","protected":false},"excerpt":{"rendered":"<p>Nous remercions le lyc\u00e9e agricole de Ch\u00e2teaux Gontier pour nous avoir accueilli pour le d\u00e9jeuner du midi. 15h Suite de notre journ\u00e9e, nous nous sommes rendu au Refuge de L\u2019arche Cette association de plus de 45 ans d\u2019exp\u00e9rience accueille des animaux issus de la faune sauvage et \u00e9galement issus de saisies pour maltraitance, trafic, animaux &hellip; <\/p>\n<p class=\"link-more\"><a href=\"https:\/\/blogs.lyceecfadumene.fr\/animalerie\/2020\/10\/02\/un-apres-midi-au-refuge-de-larche\/\" class=\"more-link\">Continuer la lecture<span class=\"screen-reader-text\"> de &laquo;&nbsp;Un apr\u00e8s-midi au Refuge de l&rsquo;Arche&nbsp;&raquo;<\/span><\/a><\/p>\n","protected":false},"author":43,"featured_media":0,"comment_status":"open","ping_status":"open","sticky":false,"template":"","format":"standard","meta":{"_jetpack_memberships_contains_paid_content":false,"footnotes":"","jetpack_publicize_message":"","jetpack_publicize_feature_enabled":true,"jetpack_social_post_already_shared":true,"jetpack_social_options":{"image_generator_settings":{"template":"highway","default_image_id":0,"font":"","enabled":false},"version":2}},"categories":[7658],"tags":[14129,27220],"class_list":["post-2238","post","type-post","status-publish","format-standard","hentry","category-sorties-pedagogiques","tag-association","tag-refuge-de-larche"],"aioseo_notices":[],"jetpack_publicize_connections":[],"jetpack_featured_media_url":"","jetpack_shortlink":"https:\/\/wp.me\/p1nc6U-A6","jetpack-related-posts":[],"jetpack_sharing_enabled":true,"_links":{"self":[{"href":"https:\/\/blogs.lyceecfadumene.fr\/animalerie\/wp-json\/wp\/v2\/posts\/2238","targetHints":{"allow":["GET"]}}],"collection":[{"href":"https:\/\/blogs.lyceecfadumene.fr\/animalerie\/wp-json\/wp\/v2\/posts"}],"about":[{"href":"https:\/\/blogs.lyceecfadumene.fr\/animalerie\/wp-json\/wp\/v2\/types\/post"}],"author":[{"embeddable":true,"href":"https:\/\/blogs.lyceecfadumene.fr\/animalerie\/wp-json\/wp\/v2\/users\/43"}],"replies":[{"embeddable":true,"href":"https:\/\/blogs.lyceecfadumene.fr\/animalerie\/wp-json\/wp\/v2\/comments?post=2238"}],"version-history":[{"count":1,"href":"https:\/\/blogs.lyceecfadumene.fr\/animalerie\/wp-json\/wp\/v2\/posts\/2238\/revisions"}],"predecessor-version":[{"id":2254,"href":"https:\/\/blogs.lyceecfadumene.fr\/animalerie\/wp-json\/wp\/v2\/posts\/2238\/revisions\/2254"}],"wp:attachment":[{"href":"https:\/\/blogs.lyceecfadumene.fr\/animalerie\/wp-json\/wp\/v2\/media?parent=2238"}],"wp:term":[{"taxonomy":"category","embeddable":true,"href":"https:\/\/blogs.lyceecfadumene.fr\/animalerie\/wp-json\/wp\/v2\/categories?post=2238"},{"taxonomy":"post_tag","embeddable":true,"href":"https:\/\/blogs.lyceecfadumene.fr\/animalerie\/wp-json\/wp\/v2\/tags?post=2238"}],"curies":[{"name":"wp","href":"https:\/\/api.w.org\/{rel}","templated":true}]}}