{"id":2115,"date":"2020-01-17T11:14:26","date_gmt":"2020-01-17T10:14:26","guid":{"rendered":"https:\/\/blogs.lyceecfadumene.fr\/animalerie\/?p=2115"},"modified":"2020-02-06T22:13:20","modified_gmt":"2020-02-06T21:13:20","slug":"foire-aux-oiseaux-de-pontivy","status":"publish","type":"post","link":"https:\/\/blogs.lyceecfadumene.fr\/animalerie\/2020\/01\/17\/foire-aux-oiseaux-de-pontivy\/","title":{"rendered":"Foire aux oiseaux de Pontivy"},"content":{"rendered":"<p>Bonjour, comme vous le savez le lyc\u00e9e participe chaque ann\u00e9e \u00e0 la <a href=\"https:\/\/www.oiseauclubpontivy.fr\/\" target=\"_blank\" rel=\"noopener noreferrer\">foire aux oiseaux de Pontivy<\/a> (56). Nous vous informons que la foire se situe \u00e0 la salle Safire ce dimanche 19 janvier et que vous pourrez y retrouver des \u00e9tudiants du lyc\u00e9e pouvant r\u00e9pondre \u00e0 vos questions.<\/p>\n<p><a href=\"https:\/\/i0.wp.com\/blogs.lyceecfadumene.fr\/animalerie\/files\/2020\/01\/Foire_aux_oiseaux_pontivy2020.png?ssl=1\"><img data-recalc-dims=\"1\" loading=\"lazy\" decoding=\"async\" data-attachment-id=\"2118\" data-permalink=\"https:\/\/blogs.lyceecfadumene.fr\/animalerie\/2020\/01\/17\/foire-aux-oiseaux-de-pontivy\/foire_aux_oiseaux_pontivy2020\/\" data-orig-file=\"https:\/\/i0.wp.com\/blogs.lyceecfadumene.fr\/animalerie\/files\/2020\/01\/Foire_aux_oiseaux_pontivy2020.png?fit=458%2C640&amp;ssl=1\" data-orig-size=\"458,640\" data-comments-opened=\"1\" data-image-meta=\"{&quot;aperture&quot;:&quot;0&quot;,&quot;credit&quot;:&quot;&quot;,&quot;camera&quot;:&quot;&quot;,&quot;caption&quot;:&quot;&quot;,&quot;created_timestamp&quot;:&quot;0&quot;,&quot;copyright&quot;:&quot;&quot;,&quot;focal_length&quot;:&quot;0&quot;,&quot;iso&quot;:&quot;0&quot;,&quot;shutter_speed&quot;:&quot;0&quot;,&quot;title&quot;:&quot;&quot;,&quot;orientation&quot;:&quot;0&quot;}\" data-image-title=\"Foire_aux_oiseaux_pontivy2020\" data-image-description=\"\" data-image-caption=\"\" data-large-file=\"https:\/\/i0.wp.com\/blogs.lyceecfadumene.fr\/animalerie\/files\/2020\/01\/Foire_aux_oiseaux_pontivy2020.png?fit=458%2C640&amp;ssl=1\" class=\"aligncenter size-full wp-image-2118\" src=\"https:\/\/i0.wp.com\/blogs.lyceecfadumene.fr\/animalerie\/files\/2020\/01\/Foire_aux_oiseaux_pontivy2020.png?resize=458%2C640&#038;ssl=1\" alt=\"\" width=\"458\" height=\"640\" srcset=\"https:\/\/i0.wp.com\/blogs.lyceecfadumene.fr\/animalerie\/files\/2020\/01\/Foire_aux_oiseaux_pontivy2020.png?w=458&amp;ssl=1 458w, https:\/\/i0.wp.com\/blogs.lyceecfadumene.fr\/animalerie\/files\/2020\/01\/Foire_aux_oiseaux_pontivy2020.png?resize=215%2C300&amp;ssl=1 215w\" sizes=\"auto, (max-width: 458px) 100vw, 458px\" \/><\/a><\/p>\n","protected":false},"excerpt":{"rendered":"<p>Bonjour, comme vous le savez le lyc\u00e9e participe chaque ann\u00e9e \u00e0 la foire aux oiseaux de Pontivy (56). Nous vous informons que la foire se situe \u00e0 la salle Safire ce dimanche 19 janvier et que vous pourrez y retrouver des \u00e9tudiants du lyc\u00e9e pouvant r\u00e9pondre \u00e0 vos questions.<\/p>\n","protected":false},"author":43,"featured_media":0,"comment_status":"open","ping_status":"open","sticky":false,"template":"","format":"standard","meta":{"_jetpack_memberships_contains_paid_content":false,"footnotes":"","jetpack_publicize_message":"","jetpack_publicize_feature_enabled":true,"jetpack_social_post_already_shared":true,"jetpack_social_options":{"image_generator_settings":{"template":"highway","default_image_id":0,"font":"","enabled":false},"version":2}},"categories":[27200,13503],"tags":[14953,27211],"class_list":["post-2115","post","type-post","status-publish","format-standard","hentry","category-animalerie-pedagogique","category-expositions","tag-foire-aux-oiseaux","tag-pontivy"],"aioseo_notices":[],"jetpack_publicize_connections":[],"jetpack_featured_media_url":"","jetpack_shortlink":"https:\/\/wp.me\/p1nc6U-y7","jetpack-related-posts":[],"jetpack_sharing_enabled":true,"_links":{"self":[{"href":"https:\/\/blogs.lyceecfadumene.fr\/animalerie\/wp-json\/wp\/v2\/posts\/2115","targetHints":{"allow":["GET"]}}],"collection":[{"href":"https:\/\/blogs.lyceecfadumene.fr\/animalerie\/wp-json\/wp\/v2\/posts"}],"about":[{"href":"https:\/\/blogs.lyceecfadumene.fr\/animalerie\/wp-json\/wp\/v2\/types\/post"}],"author":[{"embeddable":true,"href":"https:\/\/blogs.lyceecfadumene.fr\/animalerie\/wp-json\/wp\/v2\/users\/43"}],"replies":[{"embeddable":true,"href":"https:\/\/blogs.lyceecfadumene.fr\/animalerie\/wp-json\/wp\/v2\/comments?post=2115"}],"version-history":[{"count":1,"href":"https:\/\/blogs.lyceecfadumene.fr\/animalerie\/wp-json\/wp\/v2\/posts\/2115\/revisions"}],"predecessor-version":[{"id":2119,"href":"https:\/\/blogs.lyceecfadumene.fr\/animalerie\/wp-json\/wp\/v2\/posts\/2115\/revisions\/2119"}],"wp:attachment":[{"href":"https:\/\/blogs.lyceecfadumene.fr\/animalerie\/wp-json\/wp\/v2\/media?parent=2115"}],"wp:term":[{"taxonomy":"category","embeddable":true,"href":"https:\/\/blogs.lyceecfadumene.fr\/animalerie\/wp-json\/wp\/v2\/categories?post=2115"},{"taxonomy":"post_tag","embeddable":true,"href":"https:\/\/blogs.lyceecfadumene.fr\/animalerie\/wp-json\/wp\/v2\/tags?post=2115"}],"curies":[{"name":"wp","href":"https:\/\/api.w.org\/{rel}","templated":true}]}}