{"id":2048,"date":"2019-10-04T09:39:31","date_gmt":"2019-10-04T08:39:31","guid":{"rendered":"https:\/\/blogs.lyceecfadumene.fr\/animalerie\/?p=2048"},"modified":"2022-04-03T16:43:44","modified_gmt":"2022-04-03T15:43:44","slug":"a-la-rencontre-des-entreprises","status":"publish","type":"post","link":"https:\/\/blogs.lyceecfadumene.fr\/animalerie\/2019\/10\/04\/a-la-rencontre-des-entreprises\/","title":{"rendered":"A la rencontre des entreprises"},"content":{"rendered":"<p>Le jeudi 26 septembre 2019, les BTC TC AEC ont visit\u00e9 des jardineries\/animaleries dans le Morbihan.<\/p>\n<p style=\"text-align: left\">La premi\u00e8re entreprise \u00e9tait la Jardinerie du Lac situ\u00e9e \u00e0 Plo\u00ebrmel. Le responsable nous a accueilli dans son magasin afin de nous expliquer son fonctionnement, son organisation et ses valeurs. Dans ce magasin, ils sont 12 salari\u00e9s dont 2 en animalerie.<\/p>\n<p><a href=\"https:\/\/i0.wp.com\/blogs.lyceecfadumene.fr\/animalerie\/files\/2019\/10\/jardineriemodif.jpg?ssl=1\"><img data-recalc-dims=\"1\" loading=\"lazy\" decoding=\"async\" data-attachment-id=\"2050\" data-permalink=\"https:\/\/blogs.lyceecfadumene.fr\/animalerie\/2019\/10\/04\/a-la-rencontre-des-entreprises\/jardineriemodif\/\" data-orig-file=\"https:\/\/i0.wp.com\/blogs.lyceecfadumene.fr\/animalerie\/files\/2019\/10\/jardineriemodif.jpg?fit=689%2C374&amp;ssl=1\" data-orig-size=\"689,374\" data-comments-opened=\"1\" data-image-meta=\"{&quot;aperture&quot;:&quot;0&quot;,&quot;credit&quot;:&quot;&quot;,&quot;camera&quot;:&quot;&quot;,&quot;caption&quot;:&quot;&quot;,&quot;created_timestamp&quot;:&quot;0&quot;,&quot;copyright&quot;:&quot;&quot;,&quot;focal_length&quot;:&quot;0&quot;,&quot;iso&quot;:&quot;0&quot;,&quot;shutter_speed&quot;:&quot;0&quot;,&quot;title&quot;:&quot;&quot;,&quot;orientation&quot;:&quot;0&quot;}\" data-image-title=\"jardineriemodif\" data-image-description=\"\" data-image-caption=\"\" data-large-file=\"https:\/\/i0.wp.com\/blogs.lyceecfadumene.fr\/animalerie\/files\/2019\/10\/jardineriemodif.jpg?fit=525%2C285&amp;ssl=1\" class=\"wp-image-2050  alignleft\" style=\"border: 1px solid #000000\" src=\"https:\/\/i0.wp.com\/blogs.lyceecfadumene.fr\/animalerie\/files\/2019\/10\/jardineriemodif.jpg?resize=493%2C268&#038;ssl=1\" alt=\"\" width=\"493\" height=\"268\" srcset=\"https:\/\/i0.wp.com\/blogs.lyceecfadumene.fr\/animalerie\/files\/2019\/10\/jardineriemodif.jpg?w=689&amp;ssl=1 689w, https:\/\/i0.wp.com\/blogs.lyceecfadumene.fr\/animalerie\/files\/2019\/10\/jardineriemodif.jpg?resize=300%2C163&amp;ssl=1 300w\" sizes=\"auto, (max-width: 493px) 100vw, 493px\" \/><\/a><\/p>\n<p style=\"text-align: left\"><a href=\"https:\/\/blogs.lyceecfadumene.fr\/exploitation\/files\/2019\/09\/jardineriemodif.jpg\" target=\"_blank\" rel=\"noopener noreferrer\">http:\/\/www.e-leclerc.com\/ploermel\/magasins-specialises\/jardin<\/a><\/p>\n<p style=\"text-align: left\">La deuxi\u00e8me entreprise est Jardiplus \u00e0 Theix. On a rencontr\u00e9 le responsable du rayon animalerie. Il nous a pr\u00e9sent\u00e9 son parcours atypique, son rayon et nous a donn\u00e9 des conseils pour r\u00e9ussir dans notre vie professionnelle.<\/p>\n<p><a href=\"https:\/\/i0.wp.com\/blogs.lyceecfadumene.fr\/animalerie\/files\/2019\/10\/jardi.jpg?ssl=1\"><img data-recalc-dims=\"1\" loading=\"lazy\" decoding=\"async\" data-attachment-id=\"2049\" data-permalink=\"https:\/\/blogs.lyceecfadumene.fr\/animalerie\/2019\/10\/04\/a-la-rencontre-des-entreprises\/jardi\/\" data-orig-file=\"https:\/\/i0.wp.com\/blogs.lyceecfadumene.fr\/animalerie\/files\/2019\/10\/jardi.jpg?fit=364%2C138&amp;ssl=1\" data-orig-size=\"364,138\" data-comments-opened=\"1\" data-image-meta=\"{&quot;aperture&quot;:&quot;0&quot;,&quot;credit&quot;:&quot;&quot;,&quot;camera&quot;:&quot;&quot;,&quot;caption&quot;:&quot;&quot;,&quot;created_timestamp&quot;:&quot;0&quot;,&quot;copyright&quot;:&quot;&quot;,&quot;focal_length&quot;:&quot;0&quot;,&quot;iso&quot;:&quot;0&quot;,&quot;shutter_speed&quot;:&quot;0&quot;,&quot;title&quot;:&quot;&quot;,&quot;orientation&quot;:&quot;0&quot;}\" data-image-title=\"jardi\" data-image-description=\"\" data-image-caption=\"\" data-large-file=\"https:\/\/i0.wp.com\/blogs.lyceecfadumene.fr\/animalerie\/files\/2019\/10\/jardi.jpg?fit=364%2C138&amp;ssl=1\" class=\"alignleft wp-image-2049\" style=\"border: 1px solid #000000\" src=\"https:\/\/i0.wp.com\/blogs.lyceecfadumene.fr\/animalerie\/files\/2019\/10\/jardi.jpg?resize=493%2C187&#038;ssl=1\" alt=\"\" width=\"493\" height=\"187\" srcset=\"https:\/\/i0.wp.com\/blogs.lyceecfadumene.fr\/animalerie\/files\/2019\/10\/jardi.jpg?w=364&amp;ssl=1 364w, https:\/\/i0.wp.com\/blogs.lyceecfadumene.fr\/animalerie\/files\/2019\/10\/jardi.jpg?resize=300%2C114&amp;ssl=1 300w\" sizes=\"auto, (max-width: 493px) 100vw, 493px\" \/><\/a><\/p>\n<p style=\"text-align: left\"><a href=\"https:\/\/www.jardiplus56.com\/\" target=\"_blank\" rel=\"noopener noreferrer\">https:\/\/www.jardiplus56.com\/<\/a><\/p>\n<p style=\"text-align: left\">On a fini par le magasin Passion animal, situ\u00e9e dans la zone industrielle de Vannes. Contrairement aux autres, c&rsquo;est une entreprise familiale. On a commenc\u00e9 par regarder l&rsquo;agencement du magasin puis le responsable nous a expliqu\u00e9 les valeurs, l&rsquo;organisation de l&rsquo;entreprise et il nous a donn\u00e9 des conseils de vente.<a href=\"https:\/\/i0.wp.com\/blogs.lyceecfadumene.fr\/animalerie\/files\/2019\/10\/09600022_NV_0001_photo.jpeg?ssl=1\"><img data-recalc-dims=\"1\" loading=\"lazy\" decoding=\"async\" data-attachment-id=\"2051\" data-permalink=\"https:\/\/blogs.lyceecfadumene.fr\/animalerie\/2019\/10\/04\/a-la-rencontre-des-entreprises\/09600022_nv_0001_photo\/\" data-orig-file=\"https:\/\/i0.wp.com\/blogs.lyceecfadumene.fr\/animalerie\/files\/2019\/10\/09600022_NV_0001_photo.jpeg?fit=960%2C492&amp;ssl=1\" data-orig-size=\"960,492\" data-comments-opened=\"1\" data-image-meta=\"{&quot;aperture&quot;:&quot;0&quot;,&quot;credit&quot;:&quot;&quot;,&quot;camera&quot;:&quot;&quot;,&quot;caption&quot;:&quot;&quot;,&quot;created_timestamp&quot;:&quot;0&quot;,&quot;copyright&quot;:&quot;&quot;,&quot;focal_length&quot;:&quot;0&quot;,&quot;iso&quot;:&quot;0&quot;,&quot;shutter_speed&quot;:&quot;0&quot;,&quot;title&quot;:&quot;&quot;,&quot;orientation&quot;:&quot;0&quot;}\" data-image-title=\"09600022_NV_0001_photo\" data-image-description=\"\" data-image-caption=\"\" data-large-file=\"https:\/\/i0.wp.com\/blogs.lyceecfadumene.fr\/animalerie\/files\/2019\/10\/09600022_NV_0001_photo.jpeg?fit=525%2C269&amp;ssl=1\" class=\"alignleft wp-image-2051 \" style=\"border: 1px solid #000000\" src=\"https:\/\/i0.wp.com\/blogs.lyceecfadumene.fr\/animalerie\/files\/2019\/10\/09600022_NV_0001_photo.jpeg?resize=474%2C243&#038;ssl=1\" alt=\"\" width=\"474\" height=\"243\" srcset=\"https:\/\/i0.wp.com\/blogs.lyceecfadumene.fr\/animalerie\/files\/2019\/10\/09600022_NV_0001_photo.jpeg?w=960&amp;ssl=1 960w, https:\/\/i0.wp.com\/blogs.lyceecfadumene.fr\/animalerie\/files\/2019\/10\/09600022_NV_0001_photo.jpeg?resize=300%2C154&amp;ssl=1 300w, https:\/\/i0.wp.com\/blogs.lyceecfadumene.fr\/animalerie\/files\/2019\/10\/09600022_NV_0001_photo.jpeg?resize=768%2C394&amp;ssl=1 768w\" sizes=\"auto, (max-width: 474px) 100vw, 474px\" \/><\/a><\/p>\n<p>&nbsp;<\/p>\n","protected":false},"excerpt":{"rendered":"<p>Le jeudi 26 septembre 2019, les BTC TC AEC ont visit\u00e9 des jardineries\/animaleries dans le Morbihan. La premi\u00e8re entreprise \u00e9tait la Jardinerie du Lac situ\u00e9e \u00e0 Plo\u00ebrmel. Le responsable nous a accueilli dans son magasin afin de nous expliquer son fonctionnement, son organisation et ses valeurs. Dans ce magasin, ils sont 12 salari\u00e9s dont 2 &hellip; <\/p>\n<p class=\"link-more\"><a href=\"https:\/\/blogs.lyceecfadumene.fr\/animalerie\/2019\/10\/04\/a-la-rencontre-des-entreprises\/\" class=\"more-link\">Continuer la lecture<span class=\"screen-reader-text\"> de &laquo;&nbsp;A la rencontre des entreprises&nbsp;&raquo;<\/span><\/a><\/p>\n","protected":false},"author":43,"featured_media":0,"comment_status":"open","ping_status":"open","sticky":false,"template":"","format":"standard","meta":{"_jetpack_memberships_contains_paid_content":false,"footnotes":"","jetpack_publicize_message":"","jetpack_publicize_feature_enabled":true,"jetpack_social_post_already_shared":true,"jetpack_social_options":{"image_generator_settings":{"template":"highway","default_image_id":0,"font":"","enabled":false},"version":2}},"categories":[7658],"tags":[14941,25276,60],"class_list":["post-2048","post","type-post","status-publish","format-standard","hentry","category-sorties-pedagogiques","tag-bts-tc-aec","tag-entreprises","tag-visites"],"aioseo_notices":[],"jetpack_publicize_connections":[],"jetpack_featured_media_url":"","jetpack_shortlink":"https:\/\/wp.me\/p1nc6U-x2","jetpack-related-posts":[],"jetpack_sharing_enabled":true,"_links":{"self":[{"href":"https:\/\/blogs.lyceecfadumene.fr\/animalerie\/wp-json\/wp\/v2\/posts\/2048","targetHints":{"allow":["GET"]}}],"collection":[{"href":"https:\/\/blogs.lyceecfadumene.fr\/animalerie\/wp-json\/wp\/v2\/posts"}],"about":[{"href":"https:\/\/blogs.lyceecfadumene.fr\/animalerie\/wp-json\/wp\/v2\/types\/post"}],"author":[{"embeddable":true,"href":"https:\/\/blogs.lyceecfadumene.fr\/animalerie\/wp-json\/wp\/v2\/users\/43"}],"replies":[{"embeddable":true,"href":"https:\/\/blogs.lyceecfadumene.fr\/animalerie\/wp-json\/wp\/v2\/comments?post=2048"}],"version-history":[{"count":1,"href":"https:\/\/blogs.lyceecfadumene.fr\/animalerie\/wp-json\/wp\/v2\/posts\/2048\/revisions"}],"predecessor-version":[{"id":2052,"href":"https:\/\/blogs.lyceecfadumene.fr\/animalerie\/wp-json\/wp\/v2\/posts\/2048\/revisions\/2052"}],"wp:attachment":[{"href":"https:\/\/blogs.lyceecfadumene.fr\/animalerie\/wp-json\/wp\/v2\/media?parent=2048"}],"wp:term":[{"taxonomy":"category","embeddable":true,"href":"https:\/\/blogs.lyceecfadumene.fr\/animalerie\/wp-json\/wp\/v2\/categories?post=2048"},{"taxonomy":"post_tag","embeddable":true,"href":"https:\/\/blogs.lyceecfadumene.fr\/animalerie\/wp-json\/wp\/v2\/tags?post=2048"}],"curies":[{"name":"wp","href":"https:\/\/api.w.org\/{rel}","templated":true}]}}