{"id":187,"date":"2011-09-11T22:59:31","date_gmt":"2011-09-11T20:59:31","guid":{"rendered":"http:\/\/blogs.lyceecfadumene.fr\/animalerie\/?p=187"},"modified":"2011-11-22T17:04:20","modified_gmt":"2011-11-22T15:04:20","slug":"visites-danimaleries-remarquables","status":"publish","type":"post","link":"https:\/\/blogs.lyceecfadumene.fr\/animalerie\/2011\/09\/11\/visites-danimaleries-remarquables\/","title":{"rendered":"Visites d&rsquo;animaleries remarquables"},"content":{"rendered":"<p style=\"text-align: justify;\">A l&rsquo;occasion du salon professionnel EXPOZOO, la classe de 1\u00e8re TCVA du CFA s&rsquo;est rendue sur Paris pendant 2 jours.<\/p>\n<figure id=\"attachment_244\" aria-describedby=\"caption-attachment-244\" style=\"width: 480px\" class=\"wp-caption alignnone\"><a href=\"https:\/\/i0.wp.com\/blogs.lyceecfadumene.fr\/wp-content\/blogs.dir\/83\/files\/2011\/09\/P1060982.jpg?ssl=1\"><img data-recalc-dims=\"1\" loading=\"lazy\" decoding=\"async\" data-attachment-id=\"244\" data-permalink=\"https:\/\/blogs.lyceecfadumene.fr\/animalerie\/2011\/09\/11\/visites-danimaleries-remarquables\/p1060982\/\" data-orig-file=\"https:\/\/i0.wp.com\/blogs.lyceecfadumene.fr\/animalerie\/files\/2011\/09\/P1060982.jpg?fit=800%2C450&amp;ssl=1\" data-orig-size=\"800,450\" data-comments-opened=\"1\" data-image-meta=\"{&quot;aperture&quot;:&quot;5.6&quot;,&quot;credit&quot;:&quot;&quot;,&quot;camera&quot;:&quot;DMC-FZ38&quot;,&quot;caption&quot;:&quot;&quot;,&quot;created_timestamp&quot;:&quot;1306338471&quot;,&quot;copyright&quot;:&quot;&quot;,&quot;focal_length&quot;:&quot;5.1&quot;,&quot;iso&quot;:&quot;80&quot;,&quot;shutter_speed&quot;:&quot;0.005&quot;,&quot;title&quot;:&quot;&quot;}\" data-image-title=\"P1060982\" data-image-description=\"\" data-image-caption=\"&lt;p&gt;Les apprentis et leurs professeurs&lt;\/p&gt;\n\" data-large-file=\"https:\/\/i0.wp.com\/blogs.lyceecfadumene.fr\/animalerie\/files\/2011\/09\/P1060982.jpg?fit=525%2C295&amp;ssl=1\" class=\"size-full wp-image-244 \" src=\"https:\/\/i0.wp.com\/blogs.lyceecfadumene.fr\/wp-content\/blogs.dir\/83\/files\/2011\/09\/P1060982.jpg?resize=480%2C270&#038;ssl=1\" alt=\"\" width=\"480\" height=\"270\" srcset=\"https:\/\/i0.wp.com\/blogs.lyceecfadumene.fr\/animalerie\/files\/2011\/09\/P1060982.jpg?w=800&amp;ssl=1 800w, https:\/\/i0.wp.com\/blogs.lyceecfadumene.fr\/animalerie\/files\/2011\/09\/P1060982.jpg?resize=300%2C168&amp;ssl=1 300w\" sizes=\"auto, (max-width: 480px) 100vw, 480px\" \/><\/a><figcaption id=\"caption-attachment-244\" class=\"wp-caption-text\">Les apprentis et leurs professeurs<\/figcaption><\/figure>\n<p style=\"text-align: justify;\">En plus de rencontrer les professionnels du secteur, l&rsquo;id\u00e9e \u00e9tait de visiter des animaleries diff\u00e9rentes de celles fr\u00e9quent\u00e9es par les apprentis.<\/p>\n<h3 style=\"text-align: justify;\"><!--more-->Animalerie &#8211; jardinerie du Bois Paris<\/h3>\n<figure id=\"attachment_221\" aria-describedby=\"caption-attachment-221\" style=\"width: 480px\" class=\"wp-caption alignnone\"><a href=\"https:\/\/i0.wp.com\/blogs.lyceecfadumene.fr\/wp-content\/blogs.dir\/83\/files\/2011\/09\/P1060889.jpg?ssl=1\"><img data-recalc-dims=\"1\" loading=\"lazy\" decoding=\"async\" data-attachment-id=\"221\" data-permalink=\"https:\/\/blogs.lyceecfadumene.fr\/animalerie\/2011\/09\/11\/visites-danimaleries-remarquables\/p1060889\/\" data-orig-file=\"https:\/\/i0.wp.com\/blogs.lyceecfadumene.fr\/animalerie\/files\/2011\/09\/P1060889.jpg?fit=800%2C449&amp;ssl=1\" data-orig-size=\"800,449\" data-comments-opened=\"1\" data-image-meta=\"{&quot;aperture&quot;:&quot;5.6&quot;,&quot;credit&quot;:&quot;&quot;,&quot;camera&quot;:&quot;DMC-FZ38&quot;,&quot;caption&quot;:&quot;&quot;,&quot;created_timestamp&quot;:&quot;1306325019&quot;,&quot;copyright&quot;:&quot;&quot;,&quot;focal_length&quot;:&quot;4.8&quot;,&quot;iso&quot;:&quot;80&quot;,&quot;shutter_speed&quot;:&quot;0.004&quot;,&quot;title&quot;:&quot;&quot;}\" data-image-title=\"P1060889\" data-image-description=\"\" data-image-caption=\"&lt;p&gt;Entr\u00e9e du potager&lt;\/p&gt;\n\" data-large-file=\"https:\/\/i0.wp.com\/blogs.lyceecfadumene.fr\/animalerie\/files\/2011\/09\/P1060889.jpg?fit=525%2C295&amp;ssl=1\" class=\"size-full wp-image-221 \" src=\"https:\/\/i0.wp.com\/blogs.lyceecfadumene.fr\/wp-content\/blogs.dir\/83\/files\/2011\/09\/P1060889.jpg?resize=480%2C269&#038;ssl=1\" alt=\"\" width=\"480\" height=\"269\" srcset=\"https:\/\/i0.wp.com\/blogs.lyceecfadumene.fr\/animalerie\/files\/2011\/09\/P1060889.jpg?w=800&amp;ssl=1 800w, https:\/\/i0.wp.com\/blogs.lyceecfadumene.fr\/animalerie\/files\/2011\/09\/P1060889.jpg?resize=300%2C168&amp;ssl=1 300w\" sizes=\"auto, (max-width: 480px) 100vw, 480px\" \/><\/a><figcaption id=\"caption-attachment-221\" class=\"wp-caption-text\">Entr\u00e9e du potager<\/figcaption><\/figure>\n<p style=\"text-align: justify;\">Cette animalerie se situe\u00a0 tout \u00e0 c\u00f4t\u00e9 de CHARTRES, au bord de l&rsquo;A11 sur la commune de NOGENT le PHAYE.\u00a0 Si son assortiment est des plus classiques en\u00a0 oiseaux, poissons et petits mammif\u00e8res, elle se d\u00e9marque par une offre en animaux de parcs et voli\u00e8res, plut\u00f4t originale.<\/p>\n<p style=\"text-align: justify;\">Sur le parc, il est possible de voir des \u00e2nes, lamas, ch\u00e8vres naines, moutons, poneys, chevaux.<\/p>\n<figure id=\"attachment_225\" aria-describedby=\"caption-attachment-225\" style=\"width: 480px\" class=\"wp-caption alignnone\"><a href=\"https:\/\/i0.wp.com\/blogs.lyceecfadumene.fr\/wp-content\/blogs.dir\/83\/files\/2011\/09\/P1060948.jpg?ssl=1\"><img data-recalc-dims=\"1\" loading=\"lazy\" decoding=\"async\" data-attachment-id=\"225\" data-permalink=\"https:\/\/blogs.lyceecfadumene.fr\/animalerie\/2011\/09\/11\/visites-danimaleries-remarquables\/p1060948\/\" data-orig-file=\"https:\/\/i0.wp.com\/blogs.lyceecfadumene.fr\/animalerie\/files\/2011\/09\/P1060948.jpg?fit=800%2C449&amp;ssl=1\" data-orig-size=\"800,449\" data-comments-opened=\"1\" data-image-meta=\"{&quot;aperture&quot;:&quot;5.6&quot;,&quot;credit&quot;:&quot;&quot;,&quot;camera&quot;:&quot;DMC-FZ38&quot;,&quot;caption&quot;:&quot;&quot;,&quot;created_timestamp&quot;:&quot;1306326390&quot;,&quot;copyright&quot;:&quot;&quot;,&quot;focal_length&quot;:&quot;4.8&quot;,&quot;iso&quot;:&quot;80&quot;,&quot;shutter_speed&quot;:&quot;0.004&quot;,&quot;title&quot;:&quot;&quot;}\" data-image-title=\"P1060948\" data-image-description=\"\" data-image-caption=\"&lt;p&gt;Les animaux de prairie&lt;\/p&gt;\n\" data-large-file=\"https:\/\/i0.wp.com\/blogs.lyceecfadumene.fr\/animalerie\/files\/2011\/09\/P1060948.jpg?fit=525%2C295&amp;ssl=1\" class=\"size-full wp-image-225 \" src=\"https:\/\/i0.wp.com\/blogs.lyceecfadumene.fr\/wp-content\/blogs.dir\/83\/files\/2011\/09\/P1060948.jpg?resize=480%2C269&#038;ssl=1\" alt=\"\" width=\"480\" height=\"269\" srcset=\"https:\/\/i0.wp.com\/blogs.lyceecfadumene.fr\/animalerie\/files\/2011\/09\/P1060948.jpg?w=800&amp;ssl=1 800w, https:\/\/i0.wp.com\/blogs.lyceecfadumene.fr\/animalerie\/files\/2011\/09\/P1060948.jpg?resize=300%2C168&amp;ssl=1 300w\" sizes=\"auto, (max-width: 480px) 100vw, 480px\" \/><\/a><figcaption id=\"caption-attachment-225\" class=\"wp-caption-text\">Les animaux de prairie<\/figcaption><\/figure>\n<p style=\"text-align: justify;\">Une mare permet \u00e0 un groupe de palmip\u00e8des de pr\u00e9senter\u00a0 ses plus belles couleurs : colverts, mignons, sarcelles, oies tadornes&#8230;.<\/p>\n<figure id=\"attachment_229\" aria-describedby=\"caption-attachment-229\" style=\"width: 480px\" class=\"wp-caption alignnone\"><a href=\"https:\/\/i0.wp.com\/blogs.lyceecfadumene.fr\/wp-content\/blogs.dir\/83\/files\/2011\/09\/P1060891.jpg?ssl=1\"><img data-recalc-dims=\"1\" loading=\"lazy\" decoding=\"async\" data-attachment-id=\"229\" data-permalink=\"https:\/\/blogs.lyceecfadumene.fr\/animalerie\/2011\/09\/11\/visites-danimaleries-remarquables\/p1060891\/\" data-orig-file=\"https:\/\/i0.wp.com\/blogs.lyceecfadumene.fr\/animalerie\/files\/2011\/09\/P1060891.jpg?fit=800%2C449&amp;ssl=1\" data-orig-size=\"800,449\" data-comments-opened=\"1\" data-image-meta=\"{&quot;aperture&quot;:&quot;5.6&quot;,&quot;credit&quot;:&quot;&quot;,&quot;camera&quot;:&quot;DMC-FZ38&quot;,&quot;caption&quot;:&quot;&quot;,&quot;created_timestamp&quot;:&quot;1306325094&quot;,&quot;copyright&quot;:&quot;&quot;,&quot;focal_length&quot;:&quot;83.2&quot;,&quot;iso&quot;:&quot;80&quot;,&quot;shutter_speed&quot;:&quot;0.003125&quot;,&quot;title&quot;:&quot;&quot;}\" data-image-title=\"P1060891\" data-image-description=\"\" data-image-caption=\"&lt;p&gt;Tadorne et oie&lt;\/p&gt;\n\" data-large-file=\"https:\/\/i0.wp.com\/blogs.lyceecfadumene.fr\/animalerie\/files\/2011\/09\/P1060891.jpg?fit=525%2C295&amp;ssl=1\" class=\"size-full wp-image-229  \" src=\"https:\/\/i0.wp.com\/blogs.lyceecfadumene.fr\/wp-content\/blogs.dir\/83\/files\/2011\/09\/P1060891.jpg?resize=480%2C269&#038;ssl=1\" alt=\"\" width=\"480\" height=\"269\" srcset=\"https:\/\/i0.wp.com\/blogs.lyceecfadumene.fr\/animalerie\/files\/2011\/09\/P1060891.jpg?w=800&amp;ssl=1 800w, https:\/\/i0.wp.com\/blogs.lyceecfadumene.fr\/animalerie\/files\/2011\/09\/P1060891.jpg?resize=300%2C168&amp;ssl=1 300w\" sizes=\"auto, (max-width: 480px) 100vw, 480px\" \/><\/a><figcaption id=\"caption-attachment-229\" class=\"wp-caption-text\">Tadorne et oie d&#39;Egypte<\/figcaption><\/figure>\n<figure id=\"attachment_230\" aria-describedby=\"caption-attachment-230\" style=\"width: 480px\" class=\"wp-caption alignnone\"><a href=\"https:\/\/i0.wp.com\/blogs.lyceecfadumene.fr\/wp-content\/blogs.dir\/83\/files\/2011\/09\/P1060893.jpg?ssl=1\"><img data-recalc-dims=\"1\" loading=\"lazy\" decoding=\"async\" data-attachment-id=\"230\" data-permalink=\"https:\/\/blogs.lyceecfadumene.fr\/animalerie\/2011\/09\/11\/visites-danimaleries-remarquables\/p1060893\/\" data-orig-file=\"https:\/\/i0.wp.com\/blogs.lyceecfadumene.fr\/animalerie\/files\/2011\/09\/P1060893.jpg?fit=800%2C449&amp;ssl=1\" data-orig-size=\"800,449\" data-comments-opened=\"1\" data-image-meta=\"{&quot;aperture&quot;:&quot;5.6&quot;,&quot;credit&quot;:&quot;&quot;,&quot;camera&quot;:&quot;DMC-FZ38&quot;,&quot;caption&quot;:&quot;&quot;,&quot;created_timestamp&quot;:&quot;1306325196&quot;,&quot;copyright&quot;:&quot;&quot;,&quot;focal_length&quot;:&quot;40.5&quot;,&quot;iso&quot;:&quot;80&quot;,&quot;shutter_speed&quot;:&quot;0.0025&quot;,&quot;title&quot;:&quot;&quot;}\" data-image-title=\"P1060893\" data-image-description=\"\" data-image-caption=\"\" data-large-file=\"https:\/\/i0.wp.com\/blogs.lyceecfadumene.fr\/animalerie\/files\/2011\/09\/P1060893.jpg?fit=525%2C295&amp;ssl=1\" class=\"size-full wp-image-230 \" src=\"https:\/\/i0.wp.com\/blogs.lyceecfadumene.fr\/wp-content\/blogs.dir\/83\/files\/2011\/09\/P1060893.jpg?resize=480%2C269&#038;ssl=1\" alt=\"\" width=\"480\" height=\"269\" srcset=\"https:\/\/i0.wp.com\/blogs.lyceecfadumene.fr\/animalerie\/files\/2011\/09\/P1060893.jpg?w=800&amp;ssl=1 800w, https:\/\/i0.wp.com\/blogs.lyceecfadumene.fr\/animalerie\/files\/2011\/09\/P1060893.jpg?resize=300%2C168&amp;ssl=1 300w\" sizes=\"auto, (max-width: 480px) 100vw, 480px\" \/><\/a><figcaption id=\"caption-attachment-230\" class=\"wp-caption-text\">D&#39;indon d&#39;Europe<\/figcaption><\/figure>\n<p style=\"text-align: justify;\">La basse-cour n&rsquo;est pas en reste , des poules naines ou grandes, un superbe dindon mais aussi diff\u00e9rentes races de pigeons.<\/p>\n<p style=\"text-align: justify;\">Et enfin, bien int\u00e9gr\u00e9 parmi tout ce petit monde, un kangourou de Bennett !<\/p>\n<p style=\"text-align: justify;\"><a href=\"https:\/\/i0.wp.com\/blogs.lyceecfadumene.fr\/wp-content\/blogs.dir\/83\/files\/2011\/09\/P1060902.jpg?ssl=1\"><img data-recalc-dims=\"1\" loading=\"lazy\" decoding=\"async\" data-attachment-id=\"231\" data-permalink=\"https:\/\/blogs.lyceecfadumene.fr\/animalerie\/2011\/09\/11\/visites-danimaleries-remarquables\/p1060902\/\" data-orig-file=\"https:\/\/i0.wp.com\/blogs.lyceecfadumene.fr\/animalerie\/files\/2011\/09\/P1060902.jpg?fit=800%2C449&amp;ssl=1\" data-orig-size=\"800,449\" data-comments-opened=\"1\" data-image-meta=\"{&quot;aperture&quot;:&quot;4&quot;,&quot;credit&quot;:&quot;&quot;,&quot;camera&quot;:&quot;DMC-FZ38&quot;,&quot;caption&quot;:&quot;&quot;,&quot;created_timestamp&quot;:&quot;1306325330&quot;,&quot;copyright&quot;:&quot;&quot;,&quot;focal_length&quot;:&quot;14.4&quot;,&quot;iso&quot;:&quot;200&quot;,&quot;shutter_speed&quot;:&quot;0.003125&quot;,&quot;title&quot;:&quot;&quot;}\" data-image-title=\"P1060902\" data-image-description=\"\" data-image-caption=\"\" data-large-file=\"https:\/\/i0.wp.com\/blogs.lyceecfadumene.fr\/animalerie\/files\/2011\/09\/P1060902.jpg?fit=525%2C295&amp;ssl=1\" class=\"size-full wp-image-231 alignnone\" src=\"https:\/\/i0.wp.com\/blogs.lyceecfadumene.fr\/wp-content\/blogs.dir\/83\/files\/2011\/09\/P1060902.jpg?resize=480%2C269&#038;ssl=1\" alt=\"\" width=\"480\" height=\"269\" srcset=\"https:\/\/i0.wp.com\/blogs.lyceecfadumene.fr\/animalerie\/files\/2011\/09\/P1060902.jpg?w=800&amp;ssl=1 800w, https:\/\/i0.wp.com\/blogs.lyceecfadumene.fr\/animalerie\/files\/2011\/09\/P1060902.jpg?resize=300%2C168&amp;ssl=1 300w\" sizes=\"auto, (max-width: 480px) 100vw, 480px\" \/><\/a><\/p>\n<p style=\"text-align: justify;\">Une autre sp\u00e9cificit\u00e9 de cette jardinerie : le jardin potager !<\/p>\n<p style=\"text-align: justify;\">Gr\u00e2ce \u00e0 une mise en sc\u00e8ne esth\u00e9tique, tous les l\u00e9gumes de saisons<\/p>\n<p style=\"text-align: justify;\">sont en v\u00e9g\u00e9tation sans oublier les fruits du verger.<\/p>\n<p style=\"text-align: justify;\"><a href=\"https:\/\/i0.wp.com\/blogs.lyceecfadumene.fr\/wp-content\/blogs.dir\/83\/files\/2011\/09\/P1060884.jpg?ssl=1\"><img data-recalc-dims=\"1\" loading=\"lazy\" decoding=\"async\" data-attachment-id=\"232\" data-permalink=\"https:\/\/blogs.lyceecfadumene.fr\/animalerie\/2011\/09\/11\/visites-danimaleries-remarquables\/p1060884\/\" data-orig-file=\"https:\/\/i0.wp.com\/blogs.lyceecfadumene.fr\/animalerie\/files\/2011\/09\/P1060884.jpg?fit=800%2C449&amp;ssl=1\" data-orig-size=\"800,449\" data-comments-opened=\"1\" data-image-meta=\"{&quot;aperture&quot;:&quot;5&quot;,&quot;credit&quot;:&quot;&quot;,&quot;camera&quot;:&quot;DMC-FZ38&quot;,&quot;caption&quot;:&quot;&quot;,&quot;created_timestamp&quot;:&quot;1306324886&quot;,&quot;copyright&quot;:&quot;&quot;,&quot;focal_length&quot;:&quot;4.8&quot;,&quot;iso&quot;:&quot;80&quot;,&quot;shutter_speed&quot;:&quot;0.005&quot;,&quot;title&quot;:&quot;&quot;}\" data-image-title=\"P1060884\" data-image-description=\"\" data-image-caption=\"\" data-large-file=\"https:\/\/i0.wp.com\/blogs.lyceecfadumene.fr\/animalerie\/files\/2011\/09\/P1060884.jpg?fit=525%2C295&amp;ssl=1\" class=\"size-full wp-image-232 alignnone\" src=\"https:\/\/i0.wp.com\/blogs.lyceecfadumene.fr\/wp-content\/blogs.dir\/83\/files\/2011\/09\/P1060884.jpg?resize=480%2C269&#038;ssl=1\" alt=\"\" width=\"480\" height=\"269\" srcset=\"https:\/\/i0.wp.com\/blogs.lyceecfadumene.fr\/animalerie\/files\/2011\/09\/P1060884.jpg?w=800&amp;ssl=1 800w, https:\/\/i0.wp.com\/blogs.lyceecfadumene.fr\/animalerie\/files\/2011\/09\/P1060884.jpg?resize=300%2C168&amp;ssl=1 300w\" sizes=\"auto, (max-width: 480px) 100vw, 480px\" \/><\/a><\/p>\n<p style=\"text-align: justify;\"><strong>Animaleries sur les quais de la M\u00e9gisserie<\/strong><\/p>\n<figure id=\"attachment_247\" aria-describedby=\"caption-attachment-247\" style=\"width: 150px\" class=\"wp-caption alignleft\"><a href=\"https:\/\/i0.wp.com\/blogs.lyceecfadumene.fr\/wp-content\/blogs.dir\/83\/files\/2011\/09\/images2.jpeg?ssl=1\"><img data-recalc-dims=\"1\" loading=\"lazy\" decoding=\"async\" data-attachment-id=\"247\" data-permalink=\"https:\/\/blogs.lyceecfadumene.fr\/animalerie\/2011\/09\/11\/visites-danimaleries-remarquables\/images2\/\" data-orig-file=\"https:\/\/i0.wp.com\/blogs.lyceecfadumene.fr\/animalerie\/files\/2011\/09\/images2.jpeg?fit=275%2C183&amp;ssl=1\" data-orig-size=\"275,183\" data-comments-opened=\"1\" data-image-meta=\"{&quot;aperture&quot;:&quot;0&quot;,&quot;credit&quot;:&quot;&quot;,&quot;camera&quot;:&quot;&quot;,&quot;caption&quot;:&quot;&quot;,&quot;created_timestamp&quot;:&quot;0&quot;,&quot;copyright&quot;:&quot;&quot;,&quot;focal_length&quot;:&quot;0&quot;,&quot;iso&quot;:&quot;0&quot;,&quot;shutter_speed&quot;:&quot;0&quot;,&quot;title&quot;:&quot;&quot;}\" data-image-title=\"images2\" data-image-description=\"\" data-image-caption=\"&lt;p&gt;Quais de la M\u00e9gisserie &amp;#8211; Paris 1er&lt;\/p&gt;\n\" data-large-file=\"https:\/\/i0.wp.com\/blogs.lyceecfadumene.fr\/animalerie\/files\/2011\/09\/images2.jpeg?fit=275%2C183&amp;ssl=1\" class=\"size-thumbnail wp-image-247 \" src=\"https:\/\/i0.wp.com\/blogs.lyceecfadumene.fr\/wp-content\/blogs.dir\/83\/files\/2011\/09\/images2-150x150.jpg?resize=150%2C150&#038;ssl=1\" alt=\"\" width=\"150\" height=\"150\" \/><\/a><a href=\"https:\/\/i0.wp.com\/blogs.lyceecfadumene.fr\/wp-content\/blogs.dir\/83\/files\/2011\/09\/20060604051800_04-juin-2006-img_8476.jpg?ssl=1\"><img data-recalc-dims=\"1\" loading=\"lazy\" decoding=\"async\" data-attachment-id=\"248\" data-permalink=\"https:\/\/blogs.lyceecfadumene.fr\/animalerie\/2011\/09\/11\/visites-danimaleries-remarquables\/20060604051800_04-juin-2006-img_8476\/\" data-orig-file=\"https:\/\/i0.wp.com\/blogs.lyceecfadumene.fr\/animalerie\/files\/2011\/09\/20060604051800_04-juin-2006-img_8476.jpg?fit=800%2C533&amp;ssl=1\" data-orig-size=\"800,533\" data-comments-opened=\"1\" data-image-meta=\"{&quot;aperture&quot;:&quot;7.1&quot;,&quot;credit&quot;:&quot;&quot;,&quot;camera&quot;:&quot;Canon EOS 20D&quot;,&quot;caption&quot;:&quot;&quot;,&quot;created_timestamp&quot;:&quot;1149349339&quot;,&quot;copyright&quot;:&quot;&quot;,&quot;focal_length&quot;:&quot;17&quot;,&quot;iso&quot;:&quot;100&quot;,&quot;shutter_speed&quot;:&quot;0.01&quot;,&quot;title&quot;:&quot;&quot;}\" data-image-title=\"20060604051800_04-juin-2006-img_8476\" data-image-description=\"\" data-image-caption=\"\" data-large-file=\"https:\/\/i0.wp.com\/blogs.lyceecfadumene.fr\/animalerie\/files\/2011\/09\/20060604051800_04-juin-2006-img_8476.jpg?fit=525%2C350&amp;ssl=1\" class=\"alignleft size-thumbnail wp-image-248\" src=\"https:\/\/i0.wp.com\/blogs.lyceecfadumene.fr\/wp-content\/blogs.dir\/83\/files\/2011\/09\/20060604051800_04-juin-2006-img_8476-150x150.jpg?resize=150%2C150&#038;ssl=1\" alt=\"\" width=\"150\" height=\"150\" srcset=\"https:\/\/i0.wp.com\/blogs.lyceecfadumene.fr\/animalerie\/files\/2011\/09\/20060604051800_04-juin-2006-img_8476.jpg?resize=150%2C150&amp;ssl=1 150w, https:\/\/i0.wp.com\/blogs.lyceecfadumene.fr\/animalerie\/files\/2011\/09\/20060604051800_04-juin-2006-img_8476.jpg?zoom=2&amp;resize=150%2C150 300w, https:\/\/i0.wp.com\/blogs.lyceecfadumene.fr\/animalerie\/files\/2011\/09\/20060604051800_04-juin-2006-img_8476.jpg?zoom=3&amp;resize=150%2C150 450w\" sizes=\"auto, (max-width: 150px) 100vw, 150px\" \/><\/a><figcaption id=\"caption-attachment-247\" class=\"wp-caption-text\">Quais de la M\u00e9gisserie - Paris 1er<\/figcaption><\/figure>\n<p style=\"text-align: justify;\">Situ\u00e9s en bord de Seine, au centre historique de <a href=\"https:\/\/i0.wp.com\/blogs.lyceecfadumene.fr\/wp-content\/blogs.dir\/83\/files\/2011\/09\/vogelmann.jpg?ssl=1\"><img data-recalc-dims=\"1\" loading=\"lazy\" decoding=\"async\" data-attachment-id=\"268\" data-permalink=\"https:\/\/blogs.lyceecfadumene.fr\/animalerie\/2011\/09\/11\/visites-danimaleries-remarquables\/vogelmann\/\" data-orig-file=\"https:\/\/i0.wp.com\/blogs.lyceecfadumene.fr\/animalerie\/files\/2011\/09\/vogelmann.jpg?fit=263%2C400&amp;ssl=1\" data-orig-size=\"263,400\" data-comments-opened=\"1\" data-image-meta=\"{&quot;aperture&quot;:&quot;0&quot;,&quot;credit&quot;:&quot;&quot;,&quot;camera&quot;:&quot;&quot;,&quot;caption&quot;:&quot;&quot;,&quot;created_timestamp&quot;:&quot;0&quot;,&quot;copyright&quot;:&quot;&quot;,&quot;focal_length&quot;:&quot;0&quot;,&quot;iso&quot;:&quot;0&quot;,&quot;shutter_speed&quot;:&quot;0&quot;,&quot;title&quot;:&quot;&quot;}\" data-image-title=\"vogelmann\" data-image-description=\"\" data-image-caption=\"\" data-large-file=\"https:\/\/i0.wp.com\/blogs.lyceecfadumene.fr\/animalerie\/files\/2011\/09\/vogelmann.jpg?fit=263%2C400&amp;ssl=1\" class=\"alignright size-thumbnail wp-image-268\" src=\"https:\/\/i0.wp.com\/blogs.lyceecfadumene.fr\/wp-content\/blogs.dir\/83\/files\/2011\/09\/vogelmann-150x150.jpg?resize=150%2C150&#038;ssl=1\" alt=\"\" width=\"150\" height=\"150\" \/><\/a>Paris,\u00a0 les quais de la \u00a0 M\u00e9gisserie\u00a0 sont un lieu de promenade\u00a0 incontournable . Fr\u00e9quent\u00e9s par \u00a0 les nombreux touristes en transit entre le Louvre et Notre Dame ils sont \u00a0 bord\u00e9s par les \u00e9choppes des bouquinistes.\u00a0\u00a0 Depuis de nombreuses \u00a0 d\u00e9cennies, plusieurs animaleries ind\u00e9pendantes y ont \u00e9lu domicile et \u00a0 pratiquent le commerce des animaux de compagnie.<\/p>\n<p style=\"text-align: justify;\">Elles sont remarquables par leur fonctionnement, mais de qualit\u00e9s tr\u00e8s \u00a0 in\u00e9gales&#8230;\u00a0 (Pr\u00e9sentation, organisation, hygi\u00e8ne&#8230;) Elles peuvent \u00eatre\u00a0 sp\u00e9cialis\u00e9es dans un domaine : soit chiens \/ chats ou\u00a0 <a href=\"https:\/\/i0.wp.com\/blogs.lyceecfadumene.fr\/wp-content\/blogs.dir\/83\/files\/2011\/09\/images.jpeg?ssl=1\"><img data-recalc-dims=\"1\" loading=\"lazy\" decoding=\"async\" data-attachment-id=\"267\" data-permalink=\"https:\/\/blogs.lyceecfadumene.fr\/animalerie\/2011\/09\/11\/visites-danimaleries-remarquables\/images\/\" data-orig-file=\"https:\/\/i0.wp.com\/blogs.lyceecfadumene.fr\/animalerie\/files\/2011\/09\/images.jpeg?fit=275%2C183&amp;ssl=1\" data-orig-size=\"275,183\" data-comments-opened=\"1\" data-image-meta=\"{&quot;aperture&quot;:&quot;0&quot;,&quot;credit&quot;:&quot;&quot;,&quot;camera&quot;:&quot;&quot;,&quot;caption&quot;:&quot;&quot;,&quot;created_timestamp&quot;:&quot;0&quot;,&quot;copyright&quot;:&quot;&quot;,&quot;focal_length&quot;:&quot;0&quot;,&quot;iso&quot;:&quot;0&quot;,&quot;shutter_speed&quot;:&quot;0&quot;,&quot;title&quot;:&quot;&quot;}\" data-image-title=\"images\" data-image-description=\"\" data-image-caption=\"\" data-large-file=\"https:\/\/i0.wp.com\/blogs.lyceecfadumene.fr\/animalerie\/files\/2011\/09\/images.jpeg?fit=275%2C183&amp;ssl=1\" class=\"alignright size-full wp-image-267\" src=\"https:\/\/i0.wp.com\/blogs.lyceecfadumene.fr\/wp-content\/blogs.dir\/83\/files\/2011\/09\/images.jpeg?resize=275%2C183&#038;ssl=1\" alt=\"\" width=\"275\" height=\"183\" \/><\/a>reptiles, ou bien\u00a0 pr\u00e9senter l&rsquo;ensemble des animaux\u00a0 du march\u00e9 professionnel. Plusieurs d&rsquo;entre elles offraient un choix important d&rsquo;oiseaux de basse cour.<\/p>\n<p style=\"text-align: left;\">L&rsquo;offre canine s&rsquo;appuie, principalement sur les chiens de petites races.<\/p>\n<figure id=\"attachment_254\" aria-describedby=\"caption-attachment-254\" style=\"width: 480px\" class=\"wp-caption alignnone\"><a href=\"https:\/\/i0.wp.com\/blogs.lyceecfadumene.fr\/wp-content\/blogs.dir\/83\/files\/2011\/09\/2008_0404paris00082.jpg?ssl=1\"><img data-recalc-dims=\"1\" loading=\"lazy\" decoding=\"async\" data-attachment-id=\"254\" data-permalink=\"https:\/\/blogs.lyceecfadumene.fr\/animalerie\/2011\/09\/11\/visites-danimaleries-remarquables\/attachment\/254\/\" data-orig-file=\"https:\/\/i0.wp.com\/blogs.lyceecfadumene.fr\/animalerie\/files\/2011\/09\/2008_0404paris00082.jpg?fit=800%2C600&amp;ssl=1\" data-orig-size=\"800,600\" data-comments-opened=\"1\" data-image-meta=\"{&quot;aperture&quot;:&quot;2.8&quot;,&quot;credit&quot;:&quot;&quot;,&quot;camera&quot;:&quot;&lt;Samsung D70 \/ D75 \/ S730 \/ S750&gt;&quot;,&quot;caption&quot;:&quot;&quot;,&quot;created_timestamp&quot;:&quot;1206952435&quot;,&quot;copyright&quot;:&quot;COPYRIGHT, 2007&quot;,&quot;focal_length&quot;:&quot;5.8&quot;,&quot;iso&quot;:&quot;80&quot;,&quot;shutter_speed&quot;:&quot;0.0111111111111&quot;,&quot;title&quot;:&quot;&lt;Samsung D70 \/ D75 \/ S730 \/ S750&gt;&quot;}\" data-image-title=\"2008_0404paris00082\" data-image-description=\"\" data-image-caption=\"\" data-large-file=\"https:\/\/i0.wp.com\/blogs.lyceecfadumene.fr\/animalerie\/files\/2011\/09\/2008_0404paris00082.jpg?fit=525%2C394&amp;ssl=1\" class=\"size-full wp-image-254\" src=\"https:\/\/i0.wp.com\/blogs.lyceecfadumene.fr\/wp-content\/blogs.dir\/83\/files\/2011\/09\/2008_0404paris00082.jpg?resize=480%2C360&#038;ssl=1\" alt=\"\" width=\"480\" height=\"360\" srcset=\"https:\/\/i0.wp.com\/blogs.lyceecfadumene.fr\/animalerie\/files\/2011\/09\/2008_0404paris00082.jpg?w=800&amp;ssl=1 800w, https:\/\/i0.wp.com\/blogs.lyceecfadumene.fr\/animalerie\/files\/2011\/09\/2008_0404paris00082.jpg?resize=300%2C225&amp;ssl=1 300w\" sizes=\"auto, (max-width: 480px) 100vw, 480px\" \/><\/a><figcaption id=\"caption-attachment-254\" class=\"wp-caption-text\">bouledogue fran\u00e7ais<\/figcaption><\/figure>\n<p style=\"text-align: justify;\">La plus petite boutique est sp\u00e9cialis\u00e9e en reptiles de tous genres avec parfois certains sp\u00e9cimens surprenant par leur taille !<\/p>\n<figure id=\"attachment_275\" aria-describedby=\"caption-attachment-275\" style=\"width: 480px\" class=\"wp-caption alignnone\"><a href=\"https:\/\/i0.wp.com\/blogs.lyceecfadumene.fr\/wp-content\/blogs.dir\/83\/files\/2011\/09\/2008_0404paris0072.jpg?ssl=1\"><img data-recalc-dims=\"1\" loading=\"lazy\" decoding=\"async\" data-attachment-id=\"275\" data-permalink=\"https:\/\/blogs.lyceecfadumene.fr\/animalerie\/2011\/09\/11\/visites-danimaleries-remarquables\/attachment\/275\/\" data-orig-file=\"https:\/\/i0.wp.com\/blogs.lyceecfadumene.fr\/animalerie\/files\/2011\/09\/2008_0404paris0072.jpg?fit=800%2C533&amp;ssl=1\" data-orig-size=\"800,533\" data-comments-opened=\"1\" data-image-meta=\"{&quot;aperture&quot;:&quot;4.9&quot;,&quot;credit&quot;:&quot;&quot;,&quot;camera&quot;:&quot;&lt;Samsung D70 \/ D75 \/ S730 \/ S750&gt;&quot;,&quot;caption&quot;:&quot;&quot;,&quot;created_timestamp&quot;:&quot;1207106112&quot;,&quot;copyright&quot;:&quot;COPYRIGHT, 2007&quot;,&quot;focal_length&quot;:&quot;17.4&quot;,&quot;iso&quot;:&quot;200&quot;,&quot;shutter_speed&quot;:&quot;0.0166666666667&quot;,&quot;title&quot;:&quot;&lt;Samsung D70 \/ D75 \/ S730 \/ S750&gt;&quot;}\" data-image-title=\"2008_0404paris0072\" data-image-description=\"\" data-image-caption=\"\" data-large-file=\"https:\/\/i0.wp.com\/blogs.lyceecfadumene.fr\/animalerie\/files\/2011\/09\/2008_0404paris0072.jpg?fit=525%2C350&amp;ssl=1\" class=\"size-full wp-image-275 \" src=\"https:\/\/i0.wp.com\/blogs.lyceecfadumene.fr\/wp-content\/blogs.dir\/83\/files\/2011\/09\/2008_0404paris0072.jpg?resize=480%2C320&#038;ssl=1\" alt=\"\" width=\"480\" height=\"320\" srcset=\"https:\/\/i0.wp.com\/blogs.lyceecfadumene.fr\/animalerie\/files\/2011\/09\/2008_0404paris0072.jpg?w=800&amp;ssl=1 800w, https:\/\/i0.wp.com\/blogs.lyceecfadumene.fr\/animalerie\/files\/2011\/09\/2008_0404paris0072.jpg?resize=300%2C199&amp;ssl=1 300w\" sizes=\"auto, (max-width: 480px) 100vw, 480px\" \/><\/a><figcaption id=\"caption-attachment-275\" class=\"wp-caption-text\">Iguane vert<\/figcaption><\/figure>\n<p style=\"text-align: justify;\">Une curiosit\u00e9 au centre de Paris,\u00a0 c&rsquo;est de trouver des poules !<\/p>\n<p style=\"text-align: justify;\"><a href=\"https:\/\/i0.wp.com\/blogs.lyceecfadumene.fr\/wp-content\/blogs.dir\/83\/files\/2011\/09\/P10609882.jpg?ssl=1\"><img data-recalc-dims=\"1\" loading=\"lazy\" decoding=\"async\" data-attachment-id=\"256\" data-permalink=\"https:\/\/blogs.lyceecfadumene.fr\/animalerie\/2011\/09\/11\/visites-danimaleries-remarquables\/p1060988-3\/\" data-orig-file=\"https:\/\/i0.wp.com\/blogs.lyceecfadumene.fr\/animalerie\/files\/2011\/09\/P10609882.jpg?fit=800%2C450&amp;ssl=1\" data-orig-size=\"800,450\" data-comments-opened=\"1\" data-image-meta=\"{&quot;aperture&quot;:&quot;2.8&quot;,&quot;credit&quot;:&quot;&quot;,&quot;camera&quot;:&quot;DMC-FZ38&quot;,&quot;caption&quot;:&quot;&quot;,&quot;created_timestamp&quot;:&quot;1306339083&quot;,&quot;copyright&quot;:&quot;&quot;,&quot;focal_length&quot;:&quot;4.8&quot;,&quot;iso&quot;:&quot;800&quot;,&quot;shutter_speed&quot;:&quot;0.05&quot;,&quot;title&quot;:&quot;&quot;}\" data-image-title=\"P1060988\" data-image-description=\"\" data-image-caption=\"\" data-large-file=\"https:\/\/i0.wp.com\/blogs.lyceecfadumene.fr\/animalerie\/files\/2011\/09\/P10609882.jpg?fit=525%2C295&amp;ssl=1\" class=\"alignnone size-full wp-image-256\" src=\"https:\/\/i0.wp.com\/blogs.lyceecfadumene.fr\/wp-content\/blogs.dir\/83\/files\/2011\/09\/P10609882.jpg?resize=480%2C270&#038;ssl=1\" alt=\"\" width=\"480\" height=\"270\" srcset=\"https:\/\/i0.wp.com\/blogs.lyceecfadumene.fr\/animalerie\/files\/2011\/09\/P10609882.jpg?w=800&amp;ssl=1 800w, https:\/\/i0.wp.com\/blogs.lyceecfadumene.fr\/animalerie\/files\/2011\/09\/P10609882.jpg?resize=300%2C168&amp;ssl=1 300w\" sizes=\"auto, (max-width: 480px) 100vw, 480px\" \/><\/a><\/p>\n<p style=\"text-align: justify;\">Bon nombre d&rsquo;enseignes proposaient une offre large et profonde en petits mammif\u00e8res.<\/p>\n<figure id=\"attachment_253\" aria-describedby=\"caption-attachment-253\" style=\"width: 480px\" class=\"wp-caption alignnone\"><a href=\"https:\/\/i0.wp.com\/blogs.lyceecfadumene.fr\/wp-content\/blogs.dir\/83\/files\/2011\/09\/P1060989.jpg?ssl=1\"><img data-recalc-dims=\"1\" loading=\"lazy\" decoding=\"async\" data-attachment-id=\"253\" data-permalink=\"https:\/\/blogs.lyceecfadumene.fr\/animalerie\/2011\/09\/11\/visites-danimaleries-remarquables\/p1060989\/\" data-orig-file=\"https:\/\/i0.wp.com\/blogs.lyceecfadumene.fr\/animalerie\/files\/2011\/09\/P1060989.jpg?fit=800%2C450&amp;ssl=1\" data-orig-size=\"800,450\" data-comments-opened=\"1\" data-image-meta=\"{&quot;aperture&quot;:&quot;2.8&quot;,&quot;credit&quot;:&quot;&quot;,&quot;camera&quot;:&quot;DMC-FZ38&quot;,&quot;caption&quot;:&quot;&quot;,&quot;created_timestamp&quot;:&quot;1306339376&quot;,&quot;copyright&quot;:&quot;&quot;,&quot;focal_length&quot;:&quot;5.2&quot;,&quot;iso&quot;:&quot;250&quot;,&quot;shutter_speed&quot;:&quot;0.0333333333333&quot;,&quot;title&quot;:&quot;&quot;}\" data-image-title=\"P1060989\" data-image-description=\"\" data-image-caption=\"\" data-large-file=\"https:\/\/i0.wp.com\/blogs.lyceecfadumene.fr\/animalerie\/files\/2011\/09\/P1060989.jpg?fit=525%2C295&amp;ssl=1\" class=\"size-full wp-image-253 \" src=\"https:\/\/i0.wp.com\/blogs.lyceecfadumene.fr\/wp-content\/blogs.dir\/83\/files\/2011\/09\/P1060989.jpg?resize=480%2C270&#038;ssl=1\" alt=\"\" width=\"480\" height=\"270\" srcset=\"https:\/\/i0.wp.com\/blogs.lyceecfadumene.fr\/animalerie\/files\/2011\/09\/P1060989.jpg?w=800&amp;ssl=1 800w, https:\/\/i0.wp.com\/blogs.lyceecfadumene.fr\/animalerie\/files\/2011\/09\/P1060989.jpg?resize=300%2C168&amp;ssl=1 300w\" sizes=\"auto, (max-width: 480px) 100vw, 480px\" \/><\/a><figcaption id=\"caption-attachment-253\" class=\"wp-caption-text\">Personnage de la guerre des \u00e9toiles ?.... non, tout simplement un rat nu !<\/figcaption><\/figure>\n<p style=\"text-align: justify;\">Les gammes sont concentr\u00e9es sur le vivant\u00a0 et assez pauvres en produits inertes. Cette sp\u00e9cialisation \u00e9tant certainement contrainte par l&rsquo; exigu\u00eft\u00e9 des boutiques.\u00a0 Certaines surfaces de vente n&rsquo;exc\u00e9dant pas 30m\u00b2 !<\/p>\n<p style=\"text-align: justify;\"><a href=\"https:\/\/i0.wp.com\/blogs.lyceecfadumene.fr\/wp-content\/blogs.dir\/83\/files\/2011\/09\/P1060994.jpg?ssl=1\"><img data-recalc-dims=\"1\" loading=\"lazy\" decoding=\"async\" data-attachment-id=\"257\" data-permalink=\"https:\/\/blogs.lyceecfadumene.fr\/animalerie\/2011\/09\/11\/visites-danimaleries-remarquables\/p1060994\/\" data-orig-file=\"https:\/\/i0.wp.com\/blogs.lyceecfadumene.fr\/animalerie\/files\/2011\/09\/P1060994.jpg?fit=800%2C450&amp;ssl=1\" data-orig-size=\"800,450\" data-comments-opened=\"1\" data-image-meta=\"{&quot;aperture&quot;:&quot;2.8&quot;,&quot;credit&quot;:&quot;&quot;,&quot;camera&quot;:&quot;DMC-FZ38&quot;,&quot;caption&quot;:&quot;&quot;,&quot;created_timestamp&quot;:&quot;1306339911&quot;,&quot;copyright&quot;:&quot;&quot;,&quot;focal_length&quot;:&quot;4.8&quot;,&quot;iso&quot;:&quot;250&quot;,&quot;shutter_speed&quot;:&quot;0.0333333333333&quot;,&quot;title&quot;:&quot;&quot;}\" data-image-title=\"P1060994\" data-image-description=\"\" data-image-caption=\"\" data-large-file=\"https:\/\/i0.wp.com\/blogs.lyceecfadumene.fr\/animalerie\/files\/2011\/09\/P1060994.jpg?fit=525%2C295&amp;ssl=1\" class=\"alignnone size-full wp-image-257\" src=\"https:\/\/i0.wp.com\/blogs.lyceecfadumene.fr\/wp-content\/blogs.dir\/83\/files\/2011\/09\/P1060994.jpg?resize=480%2C270&#038;ssl=1\" alt=\"\" width=\"480\" height=\"270\" srcset=\"https:\/\/i0.wp.com\/blogs.lyceecfadumene.fr\/animalerie\/files\/2011\/09\/P1060994.jpg?w=800&amp;ssl=1 800w, https:\/\/i0.wp.com\/blogs.lyceecfadumene.fr\/animalerie\/files\/2011\/09\/P1060994.jpg?resize=300%2C168&amp;ssl=1 300w\" sizes=\"auto, (max-width: 480px) 100vw, 480px\" \/><\/a><\/p>\n<p style=\"text-align: justify;\"><a href=\"https:\/\/i0.wp.com\/blogs.lyceecfadumene.fr\/wp-content\/blogs.dir\/83\/files\/2011\/09\/P1060996.jpg?ssl=1\"><img data-recalc-dims=\"1\" loading=\"lazy\" decoding=\"async\" data-attachment-id=\"258\" data-permalink=\"https:\/\/blogs.lyceecfadumene.fr\/animalerie\/2011\/09\/11\/visites-danimaleries-remarquables\/p1060996\/\" data-orig-file=\"https:\/\/i0.wp.com\/blogs.lyceecfadumene.fr\/animalerie\/files\/2011\/09\/P1060996.jpg?fit=800%2C450&amp;ssl=1\" data-orig-size=\"800,450\" data-comments-opened=\"1\" data-image-meta=\"{&quot;aperture&quot;:&quot;2.8&quot;,&quot;credit&quot;:&quot;&quot;,&quot;camera&quot;:&quot;DMC-FZ38&quot;,&quot;caption&quot;:&quot;&quot;,&quot;created_timestamp&quot;:&quot;1306339930&quot;,&quot;copyright&quot;:&quot;&quot;,&quot;focal_length&quot;:&quot;4.8&quot;,&quot;iso&quot;:&quot;800&quot;,&quot;shutter_speed&quot;:&quot;0.0166666666667&quot;,&quot;title&quot;:&quot;&quot;}\" data-image-title=\"P1060996\" data-image-description=\"\" data-image-caption=\"\" data-large-file=\"https:\/\/i0.wp.com\/blogs.lyceecfadumene.fr\/animalerie\/files\/2011\/09\/P1060996.jpg?fit=525%2C295&amp;ssl=1\" class=\"alignnone size-full wp-image-258\" src=\"https:\/\/i0.wp.com\/blogs.lyceecfadumene.fr\/wp-content\/blogs.dir\/83\/files\/2011\/09\/P1060996.jpg?resize=480%2C270&#038;ssl=1\" alt=\"\" width=\"480\" height=\"270\" srcset=\"https:\/\/i0.wp.com\/blogs.lyceecfadumene.fr\/animalerie\/files\/2011\/09\/P1060996.jpg?w=800&amp;ssl=1 800w, https:\/\/i0.wp.com\/blogs.lyceecfadumene.fr\/animalerie\/files\/2011\/09\/P1060996.jpg?resize=300%2C168&amp;ssl=1 300w\" sizes=\"auto, (max-width: 480px) 100vw, 480px\" \/><\/a><\/p>\n<p style=\"text-align: justify;\">Les apprentis ont pu\u00a0 faire des comparaisons avec leurs entreprises respectives. Les critiques ont \u00e9t\u00e9 nombreuses, tant\u00f4t justifi\u00e9es, parfois s\u00e9v\u00e8res mais toujours pertinentes.<\/p>\n<p style=\"text-align: justify;\"><a href=\"https:\/\/i0.wp.com\/blogs.lyceecfadumene.fr\/wp-content\/blogs.dir\/83\/files\/2011\/09\/P1060993.jpg?ssl=1\"><img data-recalc-dims=\"1\" loading=\"lazy\" decoding=\"async\" data-attachment-id=\"259\" data-permalink=\"https:\/\/blogs.lyceecfadumene.fr\/animalerie\/2011\/09\/11\/visites-danimaleries-remarquables\/p1060993\/\" data-orig-file=\"https:\/\/i0.wp.com\/blogs.lyceecfadumene.fr\/animalerie\/files\/2011\/09\/P1060993.jpg?fit=800%2C450&amp;ssl=1\" data-orig-size=\"800,450\" data-comments-opened=\"1\" data-image-meta=\"{&quot;aperture&quot;:&quot;2.8&quot;,&quot;credit&quot;:&quot;&quot;,&quot;camera&quot;:&quot;DMC-FZ38&quot;,&quot;caption&quot;:&quot;&quot;,&quot;created_timestamp&quot;:&quot;1306339906&quot;,&quot;copyright&quot;:&quot;&quot;,&quot;focal_length&quot;:&quot;4.8&quot;,&quot;iso&quot;:&quot;640&quot;,&quot;shutter_speed&quot;:&quot;0.0166666666667&quot;,&quot;title&quot;:&quot;&quot;}\" data-image-title=\"P1060993\" data-image-description=\"\" data-image-caption=\"\" data-large-file=\"https:\/\/i0.wp.com\/blogs.lyceecfadumene.fr\/animalerie\/files\/2011\/09\/P1060993.jpg?fit=525%2C295&amp;ssl=1\" class=\"alignnone size-full wp-image-259\" src=\"https:\/\/i0.wp.com\/blogs.lyceecfadumene.fr\/wp-content\/blogs.dir\/83\/files\/2011\/09\/P1060993.jpg?resize=480%2C270&#038;ssl=1\" alt=\"\" width=\"480\" height=\"270\" srcset=\"https:\/\/i0.wp.com\/blogs.lyceecfadumene.fr\/animalerie\/files\/2011\/09\/P1060993.jpg?w=800&amp;ssl=1 800w, https:\/\/i0.wp.com\/blogs.lyceecfadumene.fr\/animalerie\/files\/2011\/09\/P1060993.jpg?resize=300%2C168&amp;ssl=1 300w\" sizes=\"auto, (max-width: 480px) 100vw, 480px\" \/><\/a><\/p>\n<p style=\"text-align: justify;\"><strong>Le Louvre<\/strong><\/p>\n<p style=\"text-align: justify;\">Etant tout proche de ce lieu historique,\u00a0 une promenade au milieu des vieilles pierres s&rsquo;imposait. Sans visiter les galeries, le groupe a pu profiter de cette ancienne forteresse transform\u00e9e en mus\u00e9e et c&rsquo;est \u00ab\u00a0Aux restaurants du monde \u00ab\u00a0, du carrousel, qu&rsquo;il a\u00a0 termin\u00e9 sa soir\u00e9e.<\/p>\n<p style=\"text-align: justify;\"><a href=\"https:\/\/i0.wp.com\/blogs.lyceecfadumene.fr\/wp-content\/blogs.dir\/83\/files\/2011\/09\/P1060977.jpg?ssl=1\"><img data-recalc-dims=\"1\" loading=\"lazy\" decoding=\"async\" data-attachment-id=\"260\" data-permalink=\"https:\/\/blogs.lyceecfadumene.fr\/animalerie\/2011\/09\/11\/visites-danimaleries-remarquables\/p1060977\/\" data-orig-file=\"https:\/\/i0.wp.com\/blogs.lyceecfadumene.fr\/animalerie\/files\/2011\/09\/P1060977.jpg?fit=800%2C600&amp;ssl=1\" data-orig-size=\"800,600\" data-comments-opened=\"1\" data-image-meta=\"{&quot;aperture&quot;:&quot;4.5&quot;,&quot;credit&quot;:&quot;&quot;,&quot;camera&quot;:&quot;DMC-FZ38&quot;,&quot;caption&quot;:&quot;&quot;,&quot;created_timestamp&quot;:&quot;1306338430&quot;,&quot;copyright&quot;:&quot;&quot;,&quot;focal_length&quot;:&quot;4.8&quot;,&quot;iso&quot;:&quot;80&quot;,&quot;shutter_speed&quot;:&quot;0.005&quot;,&quot;title&quot;:&quot;&quot;}\" data-image-title=\"P1060977\" data-image-description=\"\" data-image-caption=\"\" data-large-file=\"https:\/\/i0.wp.com\/blogs.lyceecfadumene.fr\/animalerie\/files\/2011\/09\/P1060977.jpg?fit=525%2C394&amp;ssl=1\" class=\"alignnone size-full wp-image-260\" src=\"https:\/\/i0.wp.com\/blogs.lyceecfadumene.fr\/wp-content\/blogs.dir\/83\/files\/2011\/09\/P1060977.jpg?resize=480%2C360&#038;ssl=1\" alt=\"\" width=\"480\" height=\"360\" srcset=\"https:\/\/i0.wp.com\/blogs.lyceecfadumene.fr\/animalerie\/files\/2011\/09\/P1060977.jpg?w=800&amp;ssl=1 800w, https:\/\/i0.wp.com\/blogs.lyceecfadumene.fr\/animalerie\/files\/2011\/09\/P1060977.jpg?resize=300%2C225&amp;ssl=1 300w\" sizes=\"auto, (max-width: 480px) 100vw, 480px\" \/><\/a><\/p>\n<h2 style=\"text-align: justify;\"><strong>Expozoo 2011<\/strong><\/h2>\n<p style=\"text-align: justify;\">Jeudi matin, apr\u00e8s le petit d\u00e9j&rsquo; pris \u00e0 l&rsquo;h\u00f4tel F1 de Bagnolet, direction le p\u00e9riph&rsquo; &amp; ses embouteillages pour rejoindre le salon <a href=\"http:\/\/www.expozoo.fr\/\">EXPOZOO<\/a> de la porte de Versailles.<\/p>\n<p style=\"text-align: justify;\">Nous sommes attendus par la soci\u00e9t\u00e9 TETRA qui nous pr\u00e9sente alors trois nouveaut\u00e9s de sa gamme :<\/p>\n<ul>\n<li>Un conditionneur d&rsquo;eau<\/li>\n<li>Un aliment g\u00e9lifi\u00e9<\/li>\n<li>Un traitement \u00e0 large spectre<\/li>\n<\/ul>\n<figure id=\"attachment_197\" aria-describedby=\"caption-attachment-197\" style=\"width: 563px\" class=\"wp-caption alignnone\"><a href=\"https:\/\/i0.wp.com\/blogs.lyceecfadumene.fr\/wp-content\/blogs.dir\/83\/files\/2011\/06\/20110526_expozoo_tetra.jpg?ssl=1\"><img data-recalc-dims=\"1\" loading=\"lazy\" decoding=\"async\" data-attachment-id=\"197\" data-permalink=\"https:\/\/blogs.lyceecfadumene.fr\/animalerie\/2011\/09\/11\/visites-danimaleries-remarquables\/20110526_expozoo_tetra\/\" data-orig-file=\"https:\/\/i0.wp.com\/blogs.lyceecfadumene.fr\/animalerie\/files\/2011\/06\/20110526_expozoo_tetra.jpg?fit=939%2C518&amp;ssl=1\" data-orig-size=\"939,518\" data-comments-opened=\"1\" data-image-meta=\"{&quot;aperture&quot;:&quot;0&quot;,&quot;credit&quot;:&quot;&quot;,&quot;camera&quot;:&quot;&quot;,&quot;caption&quot;:&quot;&quot;,&quot;created_timestamp&quot;:&quot;0&quot;,&quot;copyright&quot;:&quot;&quot;,&quot;focal_length&quot;:&quot;0&quot;,&quot;iso&quot;:&quot;0&quot;,&quot;shutter_speed&quot;:&quot;0&quot;,&quot;title&quot;:&quot;&quot;}\" data-image-title=\"20110526_expozoo_tetra\" data-image-description=\"\" data-image-caption=\"&lt;p&gt;Conf\u00e9rence TETRA&lt;\/p&gt;\n\" data-large-file=\"https:\/\/i0.wp.com\/blogs.lyceecfadumene.fr\/animalerie\/files\/2011\/06\/20110526_expozoo_tetra.jpg?fit=525%2C290&amp;ssl=1\" class=\"size-full wp-image-197 \" src=\"https:\/\/i0.wp.com\/blogs.lyceecfadumene.fr\/wp-content\/blogs.dir\/83\/files\/2011\/06\/20110526_expozoo_tetra.jpg?resize=525%2C290&#038;ssl=1\" alt=\"\" width=\"525\" height=\"290\" srcset=\"https:\/\/i0.wp.com\/blogs.lyceecfadumene.fr\/animalerie\/files\/2011\/06\/20110526_expozoo_tetra.jpg?w=939&amp;ssl=1 939w, https:\/\/i0.wp.com\/blogs.lyceecfadumene.fr\/animalerie\/files\/2011\/06\/20110526_expozoo_tetra.jpg?resize=300%2C165&amp;ssl=1 300w\" sizes=\"auto, (max-width: 525px) 100vw, 525px\" \/><\/a><figcaption id=\"caption-attachment-197\" class=\"wp-caption-text\">Conf\u00e9rence TETRA<\/figcaption><\/figure>\n<p>Les apprentis passionn\u00e9s d&rsquo;aquariophilie sont attentifs, les questions fusent, les \u00e9changes de pratiques sont nombreux..<br \/>\nL&rsquo;intervention se termine par l&rsquo;observation microscopique de protozoaires pr\u00e9lev\u00e9s sur des \u00e9cailles de poissons malades.<\/p>\n<figure id=\"attachment_193\" aria-describedby=\"caption-attachment-193\" style=\"width: 536px\" class=\"wp-caption alignnone\"><a href=\"https:\/\/i0.wp.com\/blogs.lyceecfadumene.fr\/wp-content\/blogs.dir\/83\/files\/2011\/06\/20110526_expozoo_tetra_2.jpg?ssl=1\"><img data-recalc-dims=\"1\" loading=\"lazy\" decoding=\"async\" data-attachment-id=\"193\" data-permalink=\"https:\/\/blogs.lyceecfadumene.fr\/animalerie\/2011\/09\/11\/visites-danimaleries-remarquables\/20110526_expozoo_tetra_2\/\" data-orig-file=\"https:\/\/i0.wp.com\/blogs.lyceecfadumene.fr\/animalerie\/files\/2011\/06\/20110526_expozoo_tetra_2.jpg?fit=994%2C590&amp;ssl=1\" data-orig-size=\"994,590\" data-comments-opened=\"1\" data-image-meta=\"{&quot;aperture&quot;:&quot;0&quot;,&quot;credit&quot;:&quot;&quot;,&quot;camera&quot;:&quot;&quot;,&quot;caption&quot;:&quot;&quot;,&quot;created_timestamp&quot;:&quot;0&quot;,&quot;copyright&quot;:&quot;&quot;,&quot;focal_length&quot;:&quot;0&quot;,&quot;iso&quot;:&quot;0&quot;,&quot;shutter_speed&quot;:&quot;0&quot;,&quot;title&quot;:&quot;&quot;}\" data-image-title=\"20110526_expozoo_tetra_2\" data-image-description=\"\" data-image-caption=\"&lt;p&gt;S\u00e9ance de travaux pratiques pour Lorraine &amp;amp; Alicia&lt;\/p&gt;\n\" data-large-file=\"https:\/\/i0.wp.com\/blogs.lyceecfadumene.fr\/animalerie\/files\/2011\/06\/20110526_expozoo_tetra_2.jpg?fit=525%2C312&amp;ssl=1\" class=\"size-full wp-image-193  \" src=\"https:\/\/i0.wp.com\/blogs.lyceecfadumene.fr\/wp-content\/blogs.dir\/83\/files\/2011\/06\/20110526_expozoo_tetra_2.jpg?resize=525%2C312&#038;ssl=1\" alt=\"\" width=\"525\" height=\"312\" srcset=\"https:\/\/i0.wp.com\/blogs.lyceecfadumene.fr\/animalerie\/files\/2011\/06\/20110526_expozoo_tetra_2.jpg?w=994&amp;ssl=1 994w, https:\/\/i0.wp.com\/blogs.lyceecfadumene.fr\/animalerie\/files\/2011\/06\/20110526_expozoo_tetra_2.jpg?resize=300%2C178&amp;ssl=1 300w\" sizes=\"auto, (max-width: 525px) 100vw, 525px\" \/><\/a><figcaption id=\"caption-attachment-193\" class=\"wp-caption-text\">S\u00e9ance de travaux pratiques pour Lorraine &amp; Alicia<\/figcaption><\/figure>\n<p>A l&rsquo;issue de cette d\u00e9monstration, nous acc\u00e9dons au salon professionnel : sur une surface de 4 800 m2, les apprentis ont la possibilit\u00e9 de rencontrer d\u00e9taillants, fabricants, distributeurs &amp; coll\u00e8gues de travail.<\/p>\n<p>En effet, Expozoo est le rendez-vous des professionnels du secteur de l&rsquo;animalerie.<a href=\"https:\/\/i0.wp.com\/blogs.lyceecfadumene.fr\/wp-content\/blogs.dir\/83\/files\/2011\/06\/expozoo_logo.jpg?ssl=1\"><img data-recalc-dims=\"1\" loading=\"lazy\" decoding=\"async\" data-attachment-id=\"194\" data-permalink=\"https:\/\/blogs.lyceecfadumene.fr\/animalerie\/2011\/09\/11\/visites-danimaleries-remarquables\/expozoo_logo\/\" data-orig-file=\"https:\/\/i0.wp.com\/blogs.lyceecfadumene.fr\/animalerie\/files\/2011\/06\/expozoo_logo.jpg?fit=459%2C193&amp;ssl=1\" data-orig-size=\"459,193\" data-comments-opened=\"1\" data-image-meta=\"{&quot;aperture&quot;:&quot;0&quot;,&quot;credit&quot;:&quot;&quot;,&quot;camera&quot;:&quot;&quot;,&quot;caption&quot;:&quot;&quot;,&quot;created_timestamp&quot;:&quot;0&quot;,&quot;copyright&quot;:&quot;&quot;,&quot;focal_length&quot;:&quot;0&quot;,&quot;iso&quot;:&quot;0&quot;,&quot;shutter_speed&quot;:&quot;0&quot;,&quot;title&quot;:&quot;&quot;}\" data-image-title=\"expozoo_logo\" data-image-description=\"\" data-image-caption=\"\" data-large-file=\"https:\/\/i0.wp.com\/blogs.lyceecfadumene.fr\/animalerie\/files\/2011\/06\/expozoo_logo.jpg?fit=459%2C193&amp;ssl=1\" class=\"alignright size-full wp-image-194\" src=\"https:\/\/i0.wp.com\/blogs.lyceecfadumene.fr\/wp-content\/blogs.dir\/83\/files\/2011\/06\/expozoo_logo.jpg?resize=165%2C70&#038;ssl=1\" alt=\"\" width=\"165\" height=\"70\" srcset=\"https:\/\/i0.wp.com\/blogs.lyceecfadumene.fr\/animalerie\/files\/2011\/06\/expozoo_logo.jpg?w=459&amp;ssl=1 459w, https:\/\/i0.wp.com\/blogs.lyceecfadumene.fr\/animalerie\/files\/2011\/06\/expozoo_logo.jpg?resize=300%2C126&amp;ssl=1 300w\" sizes=\"auto, (max-width: 165px) 100vw, 165px\" \/><\/a><\/p>\n<p>C&rsquo;est donc l&rsquo;occasion d&rsquo;identifier les nouveaut\u00e9s et de s&rsquo;int\u00e9resser \u00e0 l&rsquo;ensemble des segments du march\u00e9 de l&rsquo;animalerie \u00e0 savoir : les chiens, les chats, les oiseaux, l&rsquo;aquariophilie &#8230;; mais aussi les producteurs, grossistes &amp; syndicats professionnels ainsi que les aliments, l&rsquo;hygi\u00e8ne et les accessoires.<\/p>\n<figure id=\"attachment_198\" aria-describedby=\"caption-attachment-198\" style=\"width: 480px\" class=\"wp-caption alignnone\"><a href=\"https:\/\/i0.wp.com\/blogs.lyceecfadumene.fr\/wp-content\/blogs.dir\/83\/files\/2011\/06\/20110526_expozoo-9_1.jpg?ssl=1\"><img data-recalc-dims=\"1\" loading=\"lazy\" decoding=\"async\" data-attachment-id=\"198\" data-permalink=\"https:\/\/blogs.lyceecfadumene.fr\/animalerie\/2011\/09\/11\/visites-danimaleries-remarquables\/20110526_expozoo-9_1\/\" data-orig-file=\"https:\/\/i0.wp.com\/blogs.lyceecfadumene.fr\/animalerie\/files\/2011\/06\/20110526_expozoo-9_1.jpg?fit=800%2C600&amp;ssl=1\" data-orig-size=\"800,600\" data-comments-opened=\"1\" data-image-meta=\"{&quot;aperture&quot;:&quot;2.7&quot;,&quot;credit&quot;:&quot;&quot;,&quot;camera&quot;:&quot;EX-Z500&quot;,&quot;caption&quot;:&quot;&quot;,&quot;created_timestamp&quot;:&quot;1306415239&quot;,&quot;copyright&quot;:&quot;&quot;,&quot;focal_length&quot;:&quot;6.2&quot;,&quot;iso&quot;:&quot;0&quot;,&quot;shutter_speed&quot;:&quot;0.0166666666667&quot;,&quot;title&quot;:&quot;&quot;}\" data-image-title=\"20110526_expozoo (9)_1\" data-image-description=\"\" data-image-caption=\"&lt;p&gt;Le co-branding avec Hello Kitty&lt;\/p&gt;\n\" data-large-file=\"https:\/\/i0.wp.com\/blogs.lyceecfadumene.fr\/animalerie\/files\/2011\/06\/20110526_expozoo-9_1.jpg?fit=525%2C394&amp;ssl=1\" class=\"size-full wp-image-198 \" src=\"https:\/\/i0.wp.com\/blogs.lyceecfadumene.fr\/wp-content\/blogs.dir\/83\/files\/2011\/06\/20110526_expozoo-9_1.jpg?resize=480%2C360&#038;ssl=1\" alt=\"\" width=\"480\" height=\"360\" srcset=\"https:\/\/i0.wp.com\/blogs.lyceecfadumene.fr\/animalerie\/files\/2011\/06\/20110526_expozoo-9_1.jpg?w=800&amp;ssl=1 800w, https:\/\/i0.wp.com\/blogs.lyceecfadumene.fr\/animalerie\/files\/2011\/06\/20110526_expozoo-9_1.jpg?resize=300%2C225&amp;ssl=1 300w\" sizes=\"auto, (max-width: 480px) 100vw, 480px\" \/><\/a><figcaption id=\"caption-attachment-198\" class=\"wp-caption-text\">Le co-branding avec Hello Kitty<\/figcaption><\/figure>\n<p style=\"text-align: justify;\">Tout est fait pour revenir en entreprise avec plein de nouvelles id\u00e9es de mise en sc\u00e8ne pour le magasin.<\/p>\n<figure id=\"attachment_199\" aria-describedby=\"caption-attachment-199\" style=\"width: 464px\" class=\"wp-caption alignnone\"><a href=\"https:\/\/i0.wp.com\/blogs.lyceecfadumene.fr\/wp-content\/blogs.dir\/83\/files\/2011\/06\/20110526_expozoo-6_1.jpg?ssl=1\"><img data-recalc-dims=\"1\" loading=\"lazy\" decoding=\"async\" data-attachment-id=\"199\" data-permalink=\"https:\/\/blogs.lyceecfadumene.fr\/animalerie\/2011\/09\/11\/visites-danimaleries-remarquables\/20110526_expozoo-6_1\/\" data-orig-file=\"https:\/\/i0.wp.com\/blogs.lyceecfadumene.fr\/animalerie\/files\/2011\/06\/20110526_expozoo-6_1.jpg?fit=800%2C600&amp;ssl=1\" data-orig-size=\"800,600\" data-comments-opened=\"1\" data-image-meta=\"{&quot;aperture&quot;:&quot;2.7&quot;,&quot;credit&quot;:&quot;&quot;,&quot;camera&quot;:&quot;EX-Z500&quot;,&quot;caption&quot;:&quot;&quot;,&quot;created_timestamp&quot;:&quot;1306414991&quot;,&quot;copyright&quot;:&quot;&quot;,&quot;focal_length&quot;:&quot;6.2&quot;,&quot;iso&quot;:&quot;0&quot;,&quot;shutter_speed&quot;:&quot;0.0166666666667&quot;,&quot;title&quot;:&quot;&quot;}\" data-image-title=\"20110526_expozoo (6)_1\" data-image-description=\"\" data-image-caption=\"&lt;p&gt;Un des poids lourds de l&amp;rsquo;aquariophilie&lt;\/p&gt;\n\" data-large-file=\"https:\/\/i0.wp.com\/blogs.lyceecfadumene.fr\/animalerie\/files\/2011\/06\/20110526_expozoo-6_1.jpg?fit=525%2C394&amp;ssl=1\" class=\"size-full wp-image-199  \" src=\"https:\/\/i0.wp.com\/blogs.lyceecfadumene.fr\/wp-content\/blogs.dir\/83\/files\/2011\/06\/20110526_expozoo-6_1.jpg?resize=464%2C349&#038;ssl=1\" alt=\"\" width=\"464\" height=\"349\" srcset=\"https:\/\/i0.wp.com\/blogs.lyceecfadumene.fr\/animalerie\/files\/2011\/06\/20110526_expozoo-6_1.jpg?w=800&amp;ssl=1 800w, https:\/\/i0.wp.com\/blogs.lyceecfadumene.fr\/animalerie\/files\/2011\/06\/20110526_expozoo-6_1.jpg?resize=300%2C225&amp;ssl=1 300w\" sizes=\"auto, (max-width: 464px) 100vw, 464px\" \/><\/a><figcaption id=\"caption-attachment-199\" class=\"wp-caption-text\">Un des poids lourds de l&#39;aquariophilie<\/figcaption><\/figure>\n<figure id=\"attachment_200\" aria-describedby=\"caption-attachment-200\" style=\"width: 461px\" class=\"wp-caption alignnone\"><a href=\"https:\/\/i0.wp.com\/blogs.lyceecfadumene.fr\/wp-content\/blogs.dir\/83\/files\/2011\/06\/20110526_expozoo-7_1.jpg?ssl=1\"><img data-recalc-dims=\"1\" loading=\"lazy\" decoding=\"async\" data-attachment-id=\"200\" data-permalink=\"https:\/\/blogs.lyceecfadumene.fr\/animalerie\/2011\/09\/11\/visites-danimaleries-remarquables\/20110526_expozoo-7_1\/\" data-orig-file=\"https:\/\/i0.wp.com\/blogs.lyceecfadumene.fr\/animalerie\/files\/2011\/06\/20110526_expozoo-7_1.jpg?fit=800%2C600&amp;ssl=1\" data-orig-size=\"800,600\" data-comments-opened=\"1\" data-image-meta=\"{&quot;aperture&quot;:&quot;2.7&quot;,&quot;credit&quot;:&quot;&quot;,&quot;camera&quot;:&quot;EX-Z500&quot;,&quot;caption&quot;:&quot;&quot;,&quot;created_timestamp&quot;:&quot;1306415101&quot;,&quot;copyright&quot;:&quot;&quot;,&quot;focal_length&quot;:&quot;6.2&quot;,&quot;iso&quot;:&quot;0&quot;,&quot;shutter_speed&quot;:&quot;0.0166666666667&quot;,&quot;title&quot;:&quot;&quot;}\" data-image-title=\"20110526_expozoo (7)_1\" data-image-description=\"\" data-image-caption=\"&lt;p&gt;Un autre segment important&lt;\/p&gt;\n\" data-large-file=\"https:\/\/i0.wp.com\/blogs.lyceecfadumene.fr\/animalerie\/files\/2011\/06\/20110526_expozoo-7_1.jpg?fit=525%2C394&amp;ssl=1\" class=\"size-full wp-image-200 \" src=\"https:\/\/i0.wp.com\/blogs.lyceecfadumene.fr\/wp-content\/blogs.dir\/83\/files\/2011\/06\/20110526_expozoo-7_1.jpg?resize=461%2C346&#038;ssl=1\" alt=\"\" width=\"461\" height=\"346\" srcset=\"https:\/\/i0.wp.com\/blogs.lyceecfadumene.fr\/animalerie\/files\/2011\/06\/20110526_expozoo-7_1.jpg?w=800&amp;ssl=1 800w, https:\/\/i0.wp.com\/blogs.lyceecfadumene.fr\/animalerie\/files\/2011\/06\/20110526_expozoo-7_1.jpg?resize=300%2C225&amp;ssl=1 300w\" sizes=\"auto, (max-width: 461px) 100vw, 461px\" \/><\/a><figcaption id=\"caption-attachment-200\" class=\"wp-caption-text\">Un autre segment important<\/figcaption><\/figure>\n","protected":false},"excerpt":{"rendered":"<p>A l&rsquo;occasion du salon professionnel EXPOZOO, la classe de 1\u00e8re TCVA du CFA s&rsquo;est rendue sur Paris pendant 2 jours. En plus de rencontrer les professionnels du secteur, l&rsquo;id\u00e9e \u00e9tait de visiter des animaleries diff\u00e9rentes de celles fr\u00e9quent\u00e9es par les apprentis.<\/p>\n","protected":false},"author":1,"featured_media":0,"comment_status":"open","ping_status":"open","sticky":false,"template":"","format":"standard","meta":{"_jetpack_memberships_contains_paid_content":false,"footnotes":"","jetpack_publicize_message":"","jetpack_publicize_feature_enabled":true,"jetpack_social_post_already_shared":false,"jetpack_social_options":{"image_generator_settings":{"template":"highway","default_image_id":0,"font":"","enabled":false},"version":2}},"categories":[7658],"tags":[],"class_list":["post-187","post","type-post","status-publish","format-standard","hentry","category-sorties-pedagogiques"],"aioseo_notices":[],"jetpack_publicize_connections":[],"jetpack_featured_media_url":"","jetpack_shortlink":"https:\/\/wp.me\/p1nc6U-31","jetpack-related-posts":[],"jetpack_sharing_enabled":true,"_links":{"self":[{"href":"https:\/\/blogs.lyceecfadumene.fr\/animalerie\/wp-json\/wp\/v2\/posts\/187","targetHints":{"allow":["GET"]}}],"collection":[{"href":"https:\/\/blogs.lyceecfadumene.fr\/animalerie\/wp-json\/wp\/v2\/posts"}],"about":[{"href":"https:\/\/blogs.lyceecfadumene.fr\/animalerie\/wp-json\/wp\/v2\/types\/post"}],"author":[{"embeddable":true,"href":"https:\/\/blogs.lyceecfadumene.fr\/animalerie\/wp-json\/wp\/v2\/users\/1"}],"replies":[{"embeddable":true,"href":"https:\/\/blogs.lyceecfadumene.fr\/animalerie\/wp-json\/wp\/v2\/comments?post=187"}],"version-history":[{"count":0,"href":"https:\/\/blogs.lyceecfadumene.fr\/animalerie\/wp-json\/wp\/v2\/posts\/187\/revisions"}],"wp:attachment":[{"href":"https:\/\/blogs.lyceecfadumene.fr\/animalerie\/wp-json\/wp\/v2\/media?parent=187"}],"wp:term":[{"taxonomy":"category","embeddable":true,"href":"https:\/\/blogs.lyceecfadumene.fr\/animalerie\/wp-json\/wp\/v2\/categories?post=187"},{"taxonomy":"post_tag","embeddable":true,"href":"https:\/\/blogs.lyceecfadumene.fr\/animalerie\/wp-json\/wp\/v2\/tags?post=187"}],"curies":[{"name":"wp","href":"https:\/\/api.w.org\/{rel}","templated":true}]}}