{"id":1477,"date":"2015-02-06T19:23:51","date_gmt":"2015-02-06T18:23:51","guid":{"rendered":"http:\/\/blogs.lyceecfadumene.fr\/animalerie\/?p=1477"},"modified":"2016-01-25T11:55:23","modified_gmt":"2016-01-25T10:55:23","slug":"concours-animalier-edition-2015","status":"publish","type":"post","link":"https:\/\/blogs.lyceecfadumene.fr\/animalerie\/2015\/02\/06\/concours-animalier-edition-2015\/","title":{"rendered":"Concours animalier \u00e9dition 2016"},"content":{"rendered":"<p style=\"text-align: left\">Pour sa <strong>4\u00e8me \u00e9dition<\/strong>, nous convions un maximum d&rsquo;\u00e9l\u00e8ves de <strong>2nd<\/strong>, <strong>1\u00e8re<\/strong> et <strong>terminal TCVA\u00a0<\/strong>\u00e0 venir participer aux \u00e9preuves.<\/p>\n<p style=\"text-align: left\">Ce concours va vous permettre de confronter vos connaissances et votre capacit\u00e9 \u00e0 reconna\u00eetre une esp\u00e8ce et ses caract\u00e9ristiques.<\/p>\n<p>Pour cette ann\u00e9e le concours se d\u00e9roulera au<strong>\u00a0 Lyc\u00e9e du men\u00e9 de Merdrignac le 9 Mars 2016 de 09h00 \u00e0 18h00.<a href=\"https:\/\/blogs.lyceecfadumene.fr\/animalerie\/2015\/02\/06\/concours-animalier-edition-2015\/12552678_967156380037365_8396152894156386186_n\/\" rel=\"attachment wp-att-1495\"><img data-recalc-dims=\"1\" loading=\"lazy\" decoding=\"async\" data-attachment-id=\"1561\" data-permalink=\"https:\/\/blogs.lyceecfadumene.fr\/animalerie\/2015\/02\/06\/concours-animalier-edition-2015\/12552678_967156380037365_8396152894156386186_n\/\" data-orig-file=\"https:\/\/i0.wp.com\/blogs.lyceecfadumene.fr\/animalerie\/files\/2015\/02\/12552678_967156380037365_8396152894156386186_n.png?fit=686%2C960&amp;ssl=1\" data-orig-size=\"686,960\" data-comments-opened=\"1\" data-image-meta=\"{&quot;aperture&quot;:&quot;0&quot;,&quot;credit&quot;:&quot;&quot;,&quot;camera&quot;:&quot;&quot;,&quot;caption&quot;:&quot;&quot;,&quot;created_timestamp&quot;:&quot;0&quot;,&quot;copyright&quot;:&quot;&quot;,&quot;focal_length&quot;:&quot;0&quot;,&quot;iso&quot;:&quot;0&quot;,&quot;shutter_speed&quot;:&quot;0&quot;,&quot;title&quot;:&quot;&quot;,&quot;orientation&quot;:&quot;0&quot;}\" data-image-title=\"12552678_967156380037365_8396152894156386186_n\" data-image-description=\"\" data-image-caption=\"\" data-large-file=\"https:\/\/i0.wp.com\/blogs.lyceecfadumene.fr\/animalerie\/files\/2015\/02\/12552678_967156380037365_8396152894156386186_n.png?fit=525%2C735&amp;ssl=1\" class=\"wp-image-1561 aligncenter\" src=\"https:\/\/i0.wp.com\/blogs.lyceecfadumene.fr\/animalerie\/files\/2015\/02\/12552678_967156380037365_8396152894156386186_n.png?resize=510%2C714&#038;ssl=1\" alt=\"\" width=\"510\" height=\"714\" srcset=\"https:\/\/i0.wp.com\/blogs.lyceecfadumene.fr\/animalerie\/files\/2015\/02\/12552678_967156380037365_8396152894156386186_n.png?w=686&amp;ssl=1 686w, https:\/\/i0.wp.com\/blogs.lyceecfadumene.fr\/animalerie\/files\/2015\/02\/12552678_967156380037365_8396152894156386186_n.png?resize=214%2C300&amp;ssl=1 214w\" sizes=\"auto, (max-width: 510px) 100vw, 510px\" \/><\/a><a href=\"https:\/\/blogs.lyceecfadumene.fr\/animalerie\/2015\/02\/06\/concours-animalier-edition-2015\/affiche-concoursj\/\" rel=\"attachment wp-att-1481\"><br \/>\n<\/a><\/strong>Mais avant cela une <strong>pr\u00e9-s\u00e9lection<\/strong> sera effectu\u00e9e avec <strong>tous les \u00e9l\u00e8ves de 2nd animalerie<\/strong>\u00a0 voulant y participer <strong>le Mercredi 3 f\u00e9vrier 2016 de 14h10 \u00e0 15h10<\/strong>. (Pour la pr\u00e9-s\u00e9lection <strong>seule une \u00e9preuve de reconnaissance<\/strong> sera r\u00e9alis\u00e9e, il vous faut donc travailler la liste de reconnaissance placer ci-joint)<\/p>\n<p style=\"text-align: center\"><strong>Nous esp\u00e9rons que vous serrez \u00e0 la hauteur !<\/strong><\/p>\n<p>Nous comptons donc sur votre <strong>motivation<\/strong> et votre<strong> envie<\/strong> de participer \u00e0 ce concours !<\/p>\n<p>Vous trouverez donc<strong> ci-joints le r\u00e8glement du concours 2016, la liste de reconnaissance du concours<\/strong> <strong>et la pr\u00e9sentation de l&rsquo;\u00e9valuation :<\/strong><\/p>\n<ul>\n<li><a href=\"https:\/\/blogs.lyceecfadumene.fr\/animalerie\/files\/2015\/02\/R%C3%A8glement-2015.pdf\" target=\"_blank\" rel=\"attachment wp-att-1479\">R\u00e8glement 2015<\/a><\/li>\n<li><a href=\"https:\/\/blogs.lyceecfadumene.fr\/animalerie\/files\/2015\/02\/Liste-des-esp%C3%A8ces-concours-2015.pdf\" target=\"_blank\" rel=\"attachment wp-att-1478\">Liste-des-esp\u00e8ces-concours 2015<\/a><\/li>\n<li><a title=\"\u00c9valuation du concours\" href=\"https:\/\/blogs.lyceecfadumene.fr\/animalerie\/bac-pro-animalerie\/concours\/la-liste-officiel-2014-pour-le-concours-de-reconnaissance\/\">L&rsquo;\u00e9valuation<\/a><\/li>\n<\/ul>\n<p>Si vous avez besoin de renseignements nous sommes joignables sur la page Facebook du concours : <a href=\"https:\/\/www.facebook.com\/pages\/Concours-de-connaissance-et-reconnaissance-animali%C3%A8re\/781783898574615?ref=bookmarks\">Concours-de-connaissance-et-reconnaissance-animalier<\/a><\/p>\n<p>Bonnes r\u00e9visions \u00e0 tous et bonnes vacances.<\/p>\n<p>Cordialement.<\/p>\n<p><strong>Les organisateurs du concours.<\/strong><\/p>\n","protected":false},"excerpt":{"rendered":"<p>Pour sa 4\u00e8me \u00e9dition, nous convions un maximum d&rsquo;\u00e9l\u00e8ves de 2nd, 1\u00e8re et terminal TCVA\u00a0\u00e0 venir participer aux \u00e9preuves. Ce concours va vous permettre de confronter vos connaissances et votre capacit\u00e9 \u00e0 reconna\u00eetre une esp\u00e8ce et ses caract\u00e9ristiques. Pour cette ann\u00e9e le concours se d\u00e9roulera au\u00a0 Lyc\u00e9e du men\u00e9 de Merdrignac le 9 Mars 2016 &hellip; <\/p>\n<p class=\"link-more\"><a href=\"https:\/\/blogs.lyceecfadumene.fr\/animalerie\/2015\/02\/06\/concours-animalier-edition-2015\/\" class=\"more-link\">Continuer la lecture<span class=\"screen-reader-text\"> de &laquo;&nbsp;Concours animalier \u00e9dition 2016&nbsp;&raquo;<\/span><\/a><\/p>\n","protected":false},"author":43,"featured_media":0,"comment_status":"open","ping_status":"open","sticky":false,"template":"","format":"standard","meta":{"_jetpack_memberships_contains_paid_content":false,"footnotes":"","jetpack_publicize_message":"","jetpack_publicize_feature_enabled":true,"jetpack_social_post_already_shared":true,"jetpack_social_options":{"image_generator_settings":{"template":"highway","default_image_id":0,"font":"","enabled":false},"version":2}},"categories":[1],"tags":[7674,14964,20752],"class_list":["post-1477","post","type-post","status-publish","format-standard","hentry","category-non-classe","tag-animalier","tag-concours-2015","tag-reglement"],"aioseo_notices":[],"jetpack_publicize_connections":[],"jetpack_featured_media_url":"","jetpack_shortlink":"https:\/\/wp.me\/p1nc6U-nP","jetpack-related-posts":[],"jetpack_sharing_enabled":true,"_links":{"self":[{"href":"https:\/\/blogs.lyceecfadumene.fr\/animalerie\/wp-json\/wp\/v2\/posts\/1477","targetHints":{"allow":["GET"]}}],"collection":[{"href":"https:\/\/blogs.lyceecfadumene.fr\/animalerie\/wp-json\/wp\/v2\/posts"}],"about":[{"href":"https:\/\/blogs.lyceecfadumene.fr\/animalerie\/wp-json\/wp\/v2\/types\/post"}],"author":[{"embeddable":true,"href":"https:\/\/blogs.lyceecfadumene.fr\/animalerie\/wp-json\/wp\/v2\/users\/43"}],"replies":[{"embeddable":true,"href":"https:\/\/blogs.lyceecfadumene.fr\/animalerie\/wp-json\/wp\/v2\/comments?post=1477"}],"version-history":[{"count":0,"href":"https:\/\/blogs.lyceecfadumene.fr\/animalerie\/wp-json\/wp\/v2\/posts\/1477\/revisions"}],"wp:attachment":[{"href":"https:\/\/blogs.lyceecfadumene.fr\/animalerie\/wp-json\/wp\/v2\/media?parent=1477"}],"wp:term":[{"taxonomy":"category","embeddable":true,"href":"https:\/\/blogs.lyceecfadumene.fr\/animalerie\/wp-json\/wp\/v2\/categories?post=1477"},{"taxonomy":"post_tag","embeddable":true,"href":"https:\/\/blogs.lyceecfadumene.fr\/animalerie\/wp-json\/wp\/v2\/tags?post=1477"}],"curies":[{"name":"wp","href":"https:\/\/api.w.org\/{rel}","templated":true}]}}