{"id":1260,"date":"2014-03-26T14:28:03","date_gmt":"2014-03-26T13:28:03","guid":{"rendered":"http:\/\/blogs.lyceecfadumene.fr\/animalerie\/?p=1260"},"modified":"2014-03-26T17:13:11","modified_gmt":"2014-03-26T16:13:11","slug":"fete-des-animaux","status":"publish","type":"post","link":"https:\/\/blogs.lyceecfadumene.fr\/animalerie\/2014\/03\/26\/fete-des-animaux\/","title":{"rendered":"F\u00eate des Animaux"},"content":{"rendered":"<p>Dimanche 16 mars, les BTS TC \u00ab\u00a0animaux d&rsquo;\u00e9levage et de compagnie\u00a0\u00bb ont organis\u00e9 <strong>la F\u00eate des Animaux\u00a0 au Ch\u00e2teau de la Salle<\/strong> \u00e0 Montpinchon dans la Manche (50).<\/p>\n<p>Durant la journ\u00e9e, <strong>diverses animations<\/strong> se sont d\u00e9roul\u00e9es telles que :<\/p>\n<p>&#8211; des balades \u00e0 dos d&rsquo;\u00e2ne et des balades \u00e0 dos de cheval<\/p>\n<p>&#8211; des balades en cal\u00e8che<\/p>\n<p>&#8211; de l&rsquo;agility<\/p>\n<p>&#8211; des spectacles \u00e9questres<\/p>\n<p>&#8211; du sauvetage aquatique-canin<\/p>\n<p>Ainsi que de nombreux jeux comme le concours de dessins avec des lots \u00e0 gagner, le ch\u00e2teau gonflable, une tombola \u00e0 l&rsquo;entr\u00e9e de la visite&#8230;<\/p>\n<p>Le ch\u00e2teau a accueilli plus de <strong>1300 visiteurs<\/strong> et qu&rsquo;une <strong>trentaine d&rsquo;exposants<\/strong> qui ont fait partager leur passion, avec plus de <strong>400 animaux<\/strong>, tout au long de cette journ\u00e9e ensoleill\u00e9e.<\/p>\n<p><a href=\"https:\/\/i0.wp.com\/blogs.lyceecfadumene.fr\/animalerie\/files\/2014\/03\/02.png?ssl=1\"><img data-recalc-dims=\"1\" loading=\"lazy\" decoding=\"async\" data-attachment-id=\"1262\" data-permalink=\"https:\/\/blogs.lyceecfadumene.fr\/animalerie\/2014\/03\/26\/fete-des-animaux\/attachment\/02\/\" data-orig-file=\"https:\/\/i0.wp.com\/blogs.lyceecfadumene.fr\/animalerie\/files\/2014\/03\/02.png?fit=750%2C499&amp;ssl=1\" data-orig-size=\"750,499\" data-comments-opened=\"1\" data-image-meta=\"{&quot;aperture&quot;:&quot;0&quot;,&quot;credit&quot;:&quot;&quot;,&quot;camera&quot;:&quot;&quot;,&quot;caption&quot;:&quot;&quot;,&quot;created_timestamp&quot;:&quot;0&quot;,&quot;copyright&quot;:&quot;&quot;,&quot;focal_length&quot;:&quot;0&quot;,&quot;iso&quot;:&quot;0&quot;,&quot;shutter_speed&quot;:&quot;0&quot;,&quot;title&quot;:&quot;&quot;}\" data-image-title=\"02\" data-image-description=\"\" data-image-caption=\"\" data-large-file=\"https:\/\/i0.wp.com\/blogs.lyceecfadumene.fr\/animalerie\/files\/2014\/03\/02.png?fit=525%2C349&amp;ssl=1\" class=\"wp-image-1262 alignnone\" style=\"border: 1px solid black;\" alt=\"02\" src=\"https:\/\/i0.wp.com\/blogs.lyceecfadumene.fr\/animalerie\/files\/2014\/03\/02.png?resize=351%2C233&#038;ssl=1\" width=\"351\" height=\"233\" srcset=\"https:\/\/i0.wp.com\/blogs.lyceecfadumene.fr\/animalerie\/files\/2014\/03\/02.png?w=750&amp;ssl=1 750w, https:\/\/i0.wp.com\/blogs.lyceecfadumene.fr\/animalerie\/files\/2014\/03\/02.png?resize=300%2C199&amp;ssl=1 300w, https:\/\/i0.wp.com\/blogs.lyceecfadumene.fr\/animalerie\/files\/2014\/03\/02.png?resize=148%2C98&amp;ssl=1 148w, https:\/\/i0.wp.com\/blogs.lyceecfadumene.fr\/animalerie\/files\/2014\/03\/02.png?resize=31%2C20&amp;ssl=1 31w, https:\/\/i0.wp.com\/blogs.lyceecfadumene.fr\/animalerie\/files\/2014\/03\/02.png?resize=38%2C25&amp;ssl=1 38w, https:\/\/i0.wp.com\/blogs.lyceecfadumene.fr\/animalerie\/files\/2014\/03\/02.png?resize=323%2C215&amp;ssl=1 323w\" sizes=\"auto, (max-width: 351px) 100vw, 351px\" \/><\/a><a href=\"https:\/\/i0.wp.com\/blogs.lyceecfadumene.fr\/animalerie\/files\/2014\/03\/01.png?ssl=1\"><img data-recalc-dims=\"1\" loading=\"lazy\" decoding=\"async\" data-attachment-id=\"1261\" data-permalink=\"https:\/\/blogs.lyceecfadumene.fr\/animalerie\/2014\/03\/26\/fete-des-animaux\/attachment\/01\/\" data-orig-file=\"https:\/\/i0.wp.com\/blogs.lyceecfadumene.fr\/animalerie\/files\/2014\/03\/01.png?fit=800%2C532&amp;ssl=1\" data-orig-size=\"800,532\" data-comments-opened=\"1\" data-image-meta=\"{&quot;aperture&quot;:&quot;0&quot;,&quot;credit&quot;:&quot;&quot;,&quot;camera&quot;:&quot;&quot;,&quot;caption&quot;:&quot;&quot;,&quot;created_timestamp&quot;:&quot;0&quot;,&quot;copyright&quot;:&quot;&quot;,&quot;focal_length&quot;:&quot;0&quot;,&quot;iso&quot;:&quot;0&quot;,&quot;shutter_speed&quot;:&quot;0&quot;,&quot;title&quot;:&quot;&quot;}\" data-image-title=\"01\" data-image-description=\"\" data-image-caption=\"\" data-large-file=\"https:\/\/i0.wp.com\/blogs.lyceecfadumene.fr\/animalerie\/files\/2014\/03\/01.png?fit=525%2C349&amp;ssl=1\" class=\"wp-image-1261 alignright\" style=\"border: 1px solid black;\" alt=\"01\" src=\"https:\/\/i0.wp.com\/blogs.lyceecfadumene.fr\/animalerie\/files\/2014\/03\/01.png?resize=337%2C224&#038;ssl=1\" width=\"337\" height=\"224\" srcset=\"https:\/\/i0.wp.com\/blogs.lyceecfadumene.fr\/animalerie\/files\/2014\/03\/01.png?w=800&amp;ssl=1 800w, https:\/\/i0.wp.com\/blogs.lyceecfadumene.fr\/animalerie\/files\/2014\/03\/01.png?resize=300%2C199&amp;ssl=1 300w, https:\/\/i0.wp.com\/blogs.lyceecfadumene.fr\/animalerie\/files\/2014\/03\/01.png?resize=148%2C98&amp;ssl=1 148w, https:\/\/i0.wp.com\/blogs.lyceecfadumene.fr\/animalerie\/files\/2014\/03\/01.png?resize=31%2C20&amp;ssl=1 31w, https:\/\/i0.wp.com\/blogs.lyceecfadumene.fr\/animalerie\/files\/2014\/03\/01.png?resize=38%2C25&amp;ssl=1 38w, https:\/\/i0.wp.com\/blogs.lyceecfadumene.fr\/animalerie\/files\/2014\/03\/01.png?resize=323%2C215&amp;ssl=1 323w\" sizes=\"auto, (max-width: 337px) 100vw, 337px\" \/><\/a><\/p>\n<p><strong>Les organisatrices :<\/strong> Sabine BOUCHARD, Leslie BOUILLET, Gw\u00e9naelle HENAFF et Ana\u00efs ROBERT.<\/p>\n<p>&nbsp;<\/p>\n<p>&nbsp;<\/p>\n","protected":false},"excerpt":{"rendered":"<p>Dimanche 16 mars, les BTS TC \u00ab\u00a0animaux d&rsquo;\u00e9levage et de compagnie\u00a0\u00bb ont organis\u00e9 la F\u00eate des Animaux\u00a0 au Ch\u00e2teau de la Salle \u00e0 Montpinchon dans la Manche (50). Durant la journ\u00e9e, diverses animations se sont d\u00e9roul\u00e9es telles que : &#8211; des balades \u00e0 dos d&rsquo;\u00e2ne et des balades \u00e0 dos de cheval &#8211; des balades &hellip; <\/p>\n<p class=\"link-more\"><a href=\"https:\/\/blogs.lyceecfadumene.fr\/animalerie\/2014\/03\/26\/fete-des-animaux\/\" class=\"more-link\">Continuer la lecture<span class=\"screen-reader-text\"> de &laquo;&nbsp;F\u00eate des Animaux&nbsp;&raquo;<\/span><\/a><\/p>\n","protected":false},"author":43,"featured_media":0,"comment_status":"open","ping_status":"open","sticky":false,"template":"","format":"standard","meta":{"_jetpack_memberships_contains_paid_content":false,"footnotes":"","jetpack_publicize_message":"","jetpack_publicize_feature_enabled":true,"jetpack_social_post_already_shared":true,"jetpack_social_options":{"image_generator_settings":{"template":"highway","default_image_id":0,"font":"","enabled":false},"version":2}},"categories":[1],"tags":[171,14941,3649,14939],"class_list":["post-1260","post","type-post","status-publish","format-standard","hentry","category-non-classe","tag-animaux","tag-bts-tc-aec","tag-fete","tag-montpinchon"],"aioseo_notices":[],"jetpack_publicize_connections":[],"jetpack_featured_media_url":"","jetpack_shortlink":"https:\/\/wp.me\/p1nc6U-kk","jetpack-related-posts":[],"jetpack_sharing_enabled":true,"_links":{"self":[{"href":"https:\/\/blogs.lyceecfadumene.fr\/animalerie\/wp-json\/wp\/v2\/posts\/1260","targetHints":{"allow":["GET"]}}],"collection":[{"href":"https:\/\/blogs.lyceecfadumene.fr\/animalerie\/wp-json\/wp\/v2\/posts"}],"about":[{"href":"https:\/\/blogs.lyceecfadumene.fr\/animalerie\/wp-json\/wp\/v2\/types\/post"}],"author":[{"embeddable":true,"href":"https:\/\/blogs.lyceecfadumene.fr\/animalerie\/wp-json\/wp\/v2\/users\/43"}],"replies":[{"embeddable":true,"href":"https:\/\/blogs.lyceecfadumene.fr\/animalerie\/wp-json\/wp\/v2\/comments?post=1260"}],"version-history":[{"count":0,"href":"https:\/\/blogs.lyceecfadumene.fr\/animalerie\/wp-json\/wp\/v2\/posts\/1260\/revisions"}],"wp:attachment":[{"href":"https:\/\/blogs.lyceecfadumene.fr\/animalerie\/wp-json\/wp\/v2\/media?parent=1260"}],"wp:term":[{"taxonomy":"category","embeddable":true,"href":"https:\/\/blogs.lyceecfadumene.fr\/animalerie\/wp-json\/wp\/v2\/categories?post=1260"},{"taxonomy":"post_tag","embeddable":true,"href":"https:\/\/blogs.lyceecfadumene.fr\/animalerie\/wp-json\/wp\/v2\/tags?post=1260"}],"curies":[{"name":"wp","href":"https:\/\/api.w.org\/{rel}","templated":true}]}}