{"id":945,"date":"2014-01-15T14:48:38","date_gmt":"2014-01-15T12:48:38","guid":{"rendered":"http:\/\/blogs.lyceecfadumene.fr\/tyanheol\/?p=945"},"modified":"2014-01-16T16:35:46","modified_gmt":"2014-01-16T14:35:46","slug":"classement-des-12-final-cadet-masculine-de-futsal","status":"publish","type":"post","link":"http:\/\/blogs.lyceecfadumene.fr\/tyanheol\/2014\/01\/15\/classement-des-12-final-cadet-masculine-de-futsal\/","title":{"rendered":"Classement des 1\/2 finales cadet masculine de futsal"},"content":{"rendered":"<p><strong>Mercredi 9 janvier 2013<\/strong>, l&rsquo;\u00e9quipe cadet masculine de<strong> futsal<\/strong> a termin\u00e9 seconde de son groupe lors des 1\/2 finales d\u00e9partementales \u00e0 Saint-Brieuc.<\/p>\n<ol>\n<li>Rabelais<\/li>\n<li><strong>Merdrignac<\/strong><\/li>\n<li>Dinan<\/li>\n<li>Lamballe<\/li>\n<\/ol>\n<p>De ce fait, ils sont qualifi\u00e9s pour la finale d\u00e9partementale UNSS le <strong>mercredi 22 janvier.<\/strong><\/p>\n<p>L&rsquo;\u00e9quipe <strong>cadette f\u00e9minine de futsal<\/strong> s&rsquo;est \u00e9galement qualifi\u00e9e.<\/p>\n<p>F\u00e9licitations \u00e0 vous !<\/p>\n<p><strong>Jean-Fran\u00e7ois Eveno.<\/strong><\/p>\n","protected":false},"excerpt":{"rendered":"<p>Mercredi 9 janvier 2013, l&rsquo;\u00e9quipe cadet masculine de futsal a termin\u00e9 seconde de son groupe lors des 1\/2 finales d\u00e9partementales \u00e0 Saint-Brieuc. Rabelais Merdrignac Dinan Lamballe De ce fait, ils sont qualifi\u00e9s pour la finale d\u00e9partementale UNSS le mercredi 22 janvier. L&rsquo;\u00e9quipe cadette f\u00e9minine de futsal s&rsquo;est \u00e9galement qualifi\u00e9e. F\u00e9licitations \u00e0 vous ! Jean-Fran\u00e7ois Eveno.<\/p>\n","protected":false},"author":43,"featured_media":0,"comment_status":"open","ping_status":"open","sticky":false,"template":"","format":"standard","meta":{"_jetpack_memberships_contains_paid_content":false,"footnotes":"","jetpack_publicize_message":"","jetpack_publicize_feature_enabled":true,"jetpack_social_post_already_shared":true,"jetpack_social_options":{"image_generator_settings":{"template":"highway","default_image_id":0,"font":"","enabled":false},"version":2}},"categories":[15105],"tags":[15111,15112,8521],"class_list":["post-945","post","type-post","status-publish","format-standard","hentry","category-association-sportive","tag-association-sportive-2","tag-classement","tag-futsal"],"aioseo_notices":[],"jetpack_publicize_connections":[],"jetpack_featured_media_url":"","jetpack_shortlink":"https:\/\/wp.me\/p1SrOO-ff","jetpack_sharing_enabled":true,"_links":{"self":[{"href":"http:\/\/blogs.lyceecfadumene.fr\/tyanheol\/wp-json\/wp\/v2\/posts\/945","targetHints":{"allow":["GET"]}}],"collection":[{"href":"http:\/\/blogs.lyceecfadumene.fr\/tyanheol\/wp-json\/wp\/v2\/posts"}],"about":[{"href":"http:\/\/blogs.lyceecfadumene.fr\/tyanheol\/wp-json\/wp\/v2\/types\/post"}],"author":[{"embeddable":true,"href":"http:\/\/blogs.lyceecfadumene.fr\/tyanheol\/wp-json\/wp\/v2\/users\/43"}],"replies":[{"embeddable":true,"href":"http:\/\/blogs.lyceecfadumene.fr\/tyanheol\/wp-json\/wp\/v2\/comments?post=945"}],"version-history":[{"count":0,"href":"http:\/\/blogs.lyceecfadumene.fr\/tyanheol\/wp-json\/wp\/v2\/posts\/945\/revisions"}],"wp:attachment":[{"href":"http:\/\/blogs.lyceecfadumene.fr\/tyanheol\/wp-json\/wp\/v2\/media?parent=945"}],"wp:term":[{"taxonomy":"category","embeddable":true,"href":"http:\/\/blogs.lyceecfadumene.fr\/tyanheol\/wp-json\/wp\/v2\/categories?post=945"},{"taxonomy":"post_tag","embeddable":true,"href":"http:\/\/blogs.lyceecfadumene.fr\/tyanheol\/wp-json\/wp\/v2\/tags?post=945"}],"curies":[{"name":"wp","href":"https:\/\/api.w.org\/{rel}","templated":true}]}}