{"id":944,"date":"2014-01-15T15:19:53","date_gmt":"2014-01-15T13:19:53","guid":{"rendered":"http:\/\/blogs.lyceecfadumene.fr\/tyanheol\/?p=944"},"modified":"2022-04-03T16:24:54","modified_gmt":"2022-04-03T14:24:54","slug":"soiree-de-noel-2013","status":"publish","type":"post","link":"http:\/\/blogs.lyceecfadumene.fr\/tyanheol\/2014\/01\/15\/soiree-de-noel-2013\/","title":{"rendered":"Soir\u00e9e De No\u00ebl 2013"},"content":{"rendered":"<p><strong>Jeudi 16 d\u00e9cembre,<\/strong> un spectacle r\u00e9alis\u00e9 et organis\u00e9 par les \u00e9l\u00e8ves s&rsquo;est d\u00e9roul\u00e9 \u00e0 la salle des f\u00eates de Merdrignac.<\/p>\n<p><a href=\"https:\/\/i0.wp.com\/blogs.lyceecfadumene.fr\/tyanheol\/files\/2014\/01\/soiree_noel.png?ssl=1\"><img data-recalc-dims=\"1\" loading=\"lazy\" decoding=\"async\" data-attachment-id=\"986\" data-permalink=\"http:\/\/blogs.lyceecfadumene.fr\/tyanheol\/2014\/01\/15\/soiree-de-noel-2013\/soiree_noel\/\" data-orig-file=\"https:\/\/i0.wp.com\/blogs.lyceecfadumene.fr\/tyanheol\/files\/2014\/01\/soiree_noel.png?fit=615%2C485\" data-orig-size=\"615,485\" data-comments-opened=\"1\" data-image-meta=\"{&quot;aperture&quot;:&quot;0&quot;,&quot;credit&quot;:&quot;&quot;,&quot;camera&quot;:&quot;&quot;,&quot;caption&quot;:&quot;&quot;,&quot;created_timestamp&quot;:&quot;0&quot;,&quot;copyright&quot;:&quot;&quot;,&quot;focal_length&quot;:&quot;0&quot;,&quot;iso&quot;:&quot;0&quot;,&quot;shutter_speed&quot;:&quot;0&quot;,&quot;title&quot;:&quot;&quot;}\" data-image-title=\"soiree_noel\" data-image-description=\"\" data-image-caption=\"\" data-large-file=\"https:\/\/i0.wp.com\/blogs.lyceecfadumene.fr\/tyanheol\/files\/2014\/01\/soiree_noel.png?fit=604%2C476\" class=\"alignnone  wp-image-986\" style=\"border: 1px solid black;\" alt=\"soiree_noel\" src=\"https:\/\/i0.wp.com\/blogs.lyceecfadumene.fr\/tyanheol\/files\/2014\/01\/soiree_noel.png?resize=604%2C476&#038;ssl=1\" width=\"604\" height=\"476\" srcset=\"https:\/\/i0.wp.com\/blogs.lyceecfadumene.fr\/tyanheol\/files\/2014\/01\/soiree_noel.png?w=615 615w, https:\/\/i0.wp.com\/blogs.lyceecfadumene.fr\/tyanheol\/files\/2014\/01\/soiree_noel.png?resize=300%2C236 300w, https:\/\/i0.wp.com\/blogs.lyceecfadumene.fr\/tyanheol\/files\/2014\/01\/soiree_noel.png?resize=380%2C300 380w\" sizes=\"auto, (max-width: 604px) 100vw, 604px\" \/><\/a><\/p>\n<p>Il a \u00e9t\u00e9 suivi d&rsquo;un repas de No\u00ebl. La soir\u00e9e s&rsquo;est achev\u00e9e par une soir\u00e9e dansante dans le gymnase anim\u00e9 par un DJ.<\/p>\n<p><strong>Suite au spectacle des prix ont \u00e9t\u00e9 d\u00e9cern\u00e9s :<\/strong><\/p>\n<p><strong>\u00ab\u00a0PRIX SPECTACLE\u00a0\u00bb\u00a0 \u00a0<\/strong><\/p>\n<ul>\n<li><strong>1er Prix :<\/strong> Sc\u00e8nes de m\u00e9nage &#8211; Projet classe <strong>50 \u20ac<\/strong><\/li>\n<li><strong>2\u00e8me Prix :<\/strong> BTS &#8211; Pr\u00e9sentateur + Musiciens <strong>50 \u20ac<\/strong><\/li>\n<li><strong>3\u00e8me Prix :<\/strong> Danses + Musique (Cor) <strong>50 \u20ac<\/strong><\/li>\n<\/ul>\n<p><strong>\u00ab\u00a0PRIX D&rsquo;ENCOURAGEMENT\u00a0\u00bb<\/strong><\/p>\n<ul>\n<li>2nde PH &#8211; TCVPJ (Nolwen &#8211; Nicolas) <strong>50 \u20ac<\/strong><\/li>\n<\/ul>\n<p><strong>\u00ab\u00a0PRIX DE LA CR\u00c9ATION\u00a0\u00bb<\/strong><\/p>\n<ul>\n<li>1\u00e8re PH &#8211; TCVPJ (Solenn pour petit pet) <strong>50 \u20ac<\/strong><\/li>\n<\/ul>\n<p><strong>F\u00e9licitations \u00e0 tous les participants !<\/strong><\/p>\n","protected":false},"excerpt":{"rendered":"<p>Jeudi 16 d\u00e9cembre un spectacle r\u00e9alis\u00e9 et organis\u00e9 par les \u00e9l\u00e8ves s&rsquo;est d\u00e9roul\u00e9 suivi d&rsquo;un repas personnalis\u00e9, finalis\u00e9 par une soir\u00e9e dansante dans le gymnase anim\u00e9 par un DJ.<br \/>\n Suite au spectacle r\u00e9alis\u00e9 des prix ont \u00e9t\u00e9 d\u00e9cern\u00e9 les voici ci-dessous:<\/p>\n","protected":false},"author":43,"featured_media":0,"comment_status":"open","ping_status":"open","sticky":false,"template":"","format":"standard","meta":{"_jetpack_memberships_contains_paid_content":false,"footnotes":"","jetpack_publicize_message":"","jetpack_publicize_feature_enabled":true,"jetpack_social_post_already_shared":true,"jetpack_social_options":{"image_generator_settings":{"template":"highway","default_image_id":0,"font":"","enabled":false},"version":2}},"categories":[1],"tags":[11710,15115],"class_list":["post-944","post","type-post","status-publish","format-standard","hentry","category-non-classe","tag-noel","tag-spectacle"],"aioseo_notices":[],"jetpack_publicize_connections":[],"jetpack_featured_media_url":"","jetpack_shortlink":"https:\/\/wp.me\/p1SrOO-fe","jetpack_sharing_enabled":true,"_links":{"self":[{"href":"http:\/\/blogs.lyceecfadumene.fr\/tyanheol\/wp-json\/wp\/v2\/posts\/944","targetHints":{"allow":["GET"]}}],"collection":[{"href":"http:\/\/blogs.lyceecfadumene.fr\/tyanheol\/wp-json\/wp\/v2\/posts"}],"about":[{"href":"http:\/\/blogs.lyceecfadumene.fr\/tyanheol\/wp-json\/wp\/v2\/types\/post"}],"author":[{"embeddable":true,"href":"http:\/\/blogs.lyceecfadumene.fr\/tyanheol\/wp-json\/wp\/v2\/users\/43"}],"replies":[{"embeddable":true,"href":"http:\/\/blogs.lyceecfadumene.fr\/tyanheol\/wp-json\/wp\/v2\/comments?post=944"}],"version-history":[{"count":1,"href":"http:\/\/blogs.lyceecfadumene.fr\/tyanheol\/wp-json\/wp\/v2\/posts\/944\/revisions"}],"predecessor-version":[{"id":3188,"href":"http:\/\/blogs.lyceecfadumene.fr\/tyanheol\/wp-json\/wp\/v2\/posts\/944\/revisions\/3188"}],"wp:attachment":[{"href":"http:\/\/blogs.lyceecfadumene.fr\/tyanheol\/wp-json\/wp\/v2\/media?parent=944"}],"wp:term":[{"taxonomy":"category","embeddable":true,"href":"http:\/\/blogs.lyceecfadumene.fr\/tyanheol\/wp-json\/wp\/v2\/categories?post=944"},{"taxonomy":"post_tag","embeddable":true,"href":"http:\/\/blogs.lyceecfadumene.fr\/tyanheol\/wp-json\/wp\/v2\/tags?post=944"}],"curies":[{"name":"wp","href":"https:\/\/api.w.org\/{rel}","templated":true}]}}