{"id":937,"date":"2013-12-18T19:01:41","date_gmt":"2013-12-18T17:01:41","guid":{"rendered":"http:\/\/blogs.lyceecfadumene.fr\/tyanheol\/?p=937"},"modified":"2013-12-18T19:01:41","modified_gmt":"2013-12-18T17:01:41","slug":"competitions-de-futsal","status":"publish","type":"post","link":"http:\/\/blogs.lyceecfadumene.fr\/tyanheol\/2013\/12\/18\/competitions-de-futsal\/","title":{"rendered":"Comp\u00e9titions de Futsal"},"content":{"rendered":"<p><strong>Inscription \u00e0 ce jour de deux \u00e9quipes\u00a0:<\/strong><\/p>\n<ul>\n<li>Masculins cadets et f\u00e9minines cadettes<\/li>\n<\/ul>\n<p>N\u2019h\u00e9sitez \u00e0 compl\u00e9ter notre \u00e9quipe f\u00e9minine et pourquoi pas \u00e0 cr\u00e9er une seconde \u00e9quipe cadets masculins.<\/p>\n<p><strong>Les prochaines comp\u00e9titions d\u00e9partementales UNSS : les mercredis 8 et 22 janvier de 12h30 \u00e0 17h30 (d\u00e9placement \u00e0 Saint-Brieuc)<\/strong>.<\/p>\n<p>Pour vous inscrire, il vous suffit d\u2019amener votre certificat m\u00e9dical d\u2019aptitude au sport de comp\u00e9tition et d\u2019en avertir votre enseignant EPS.<\/p>\n","protected":false},"excerpt":{"rendered":"<p>Inscription \u00e0 ce jour de deux \u00e9quipes\u00a0: Masculins cadets et f\u00e9minines cadettes N\u2019h\u00e9sitez \u00e0 compl\u00e9ter notre \u00e9quipe f\u00e9minine et pourquoi pas \u00e0 cr\u00e9er une seconde \u00e9quipe cadets masculins. Les prochaines comp\u00e9titions d\u00e9partementales UNSS : les mercredis 8 et 22 janvier de 12h30 \u00e0 17h30 (d\u00e9placement \u00e0 Saint-Brieuc). Pour vous inscrire, il vous suffit d\u2019amener votre &hellip; <a href=\"http:\/\/blogs.lyceecfadumene.fr\/tyanheol\/2013\/12\/18\/competitions-de-futsal\/\" class=\"more-link\">Continuer la lecture de <span class=\"screen-reader-text\">Comp\u00e9titions de Futsal<\/span> <span class=\"meta-nav\">&rarr;<\/span><\/a><\/p>\n","protected":false},"author":1,"featured_media":0,"comment_status":"open","ping_status":"open","sticky":false,"template":"","format":"standard","meta":{"_jetpack_memberships_contains_paid_content":false,"footnotes":"","jetpack_publicize_message":"","jetpack_publicize_feature_enabled":true,"jetpack_social_post_already_shared":true,"jetpack_social_options":{"image_generator_settings":{"template":"highway","default_image_id":0,"font":"","enabled":false},"version":2}},"categories":[15105],"tags":[15109,8544,8521],"class_list":["post-937","post","type-post","status-publish","format-standard","hentry","category-association-sportive","tag-competition","tag-equipe","tag-futsal"],"aioseo_notices":[],"jetpack_publicize_connections":[],"jetpack_featured_media_url":"","jetpack_shortlink":"https:\/\/wp.me\/p1SrOO-f7","jetpack_sharing_enabled":true,"_links":{"self":[{"href":"http:\/\/blogs.lyceecfadumene.fr\/tyanheol\/wp-json\/wp\/v2\/posts\/937","targetHints":{"allow":["GET"]}}],"collection":[{"href":"http:\/\/blogs.lyceecfadumene.fr\/tyanheol\/wp-json\/wp\/v2\/posts"}],"about":[{"href":"http:\/\/blogs.lyceecfadumene.fr\/tyanheol\/wp-json\/wp\/v2\/types\/post"}],"author":[{"embeddable":true,"href":"http:\/\/blogs.lyceecfadumene.fr\/tyanheol\/wp-json\/wp\/v2\/users\/1"}],"replies":[{"embeddable":true,"href":"http:\/\/blogs.lyceecfadumene.fr\/tyanheol\/wp-json\/wp\/v2\/comments?post=937"}],"version-history":[{"count":0,"href":"http:\/\/blogs.lyceecfadumene.fr\/tyanheol\/wp-json\/wp\/v2\/posts\/937\/revisions"}],"wp:attachment":[{"href":"http:\/\/blogs.lyceecfadumene.fr\/tyanheol\/wp-json\/wp\/v2\/media?parent=937"}],"wp:term":[{"taxonomy":"category","embeddable":true,"href":"http:\/\/blogs.lyceecfadumene.fr\/tyanheol\/wp-json\/wp\/v2\/categories?post=937"},{"taxonomy":"post_tag","embeddable":true,"href":"http:\/\/blogs.lyceecfadumene.fr\/tyanheol\/wp-json\/wp\/v2\/tags?post=937"}],"curies":[{"name":"wp","href":"https:\/\/api.w.org\/{rel}","templated":true}]}}