{"id":658,"date":"2012-04-26T23:27:11","date_gmt":"2012-04-26T21:27:11","guid":{"rendered":"http:\/\/blogs.lyceecfadumene.fr\/bacproap\/?p=183"},"modified":"2012-04-26T23:27:11","modified_gmt":"2012-04-26T21:27:11","slug":"183","status":"publish","type":"post","link":"http:\/\/blogs.lyceecfadumene.fr\/tyanheol\/2012\/04\/26\/183\/","title":{"rendered":"D\u00e9couverte du pays des fleurs"},"content":{"rendered":"<p>Aujourd&rsquo;hui nous sommes all\u00e9s au march\u00e9 aux fleurs d&rsquo;Aalmeer, le plus grand march\u00e9 du monde. On a pu d\u00e9couvrir le d\u00e9roulement des transactions et la rotation des chariots.<\/p>\n<p><a href=\"https:\/\/i0.wp.com\/blogs.lyceecfadumene.fr\/tyanheol\/files\/2012\/04\/SAM_0210.jpg?ssl=1\"><img data-recalc-dims=\"1\" loading=\"lazy\" decoding=\"async\" data-attachment-id=\"193\" data-permalink=\"http:\/\/blogs.lyceecfadumene.fr\/tyanheol\/2011\/11\/25\/un-apres-midi-a-la-patinoire\/document-1-page1-4\/\" data-orig-file=\"https:\/\/i0.wp.com\/blogs.lyceecfadumene.fr\/tyanheol\/files\/2011\/11\/Document-1-page13.jpeg?fit=506%2C716\" data-orig-size=\"506,716\" data-comments-opened=\"1\" data-image-meta=\"{&quot;aperture&quot;:&quot;0&quot;,&quot;credit&quot;:&quot;&quot;,&quot;camera&quot;:&quot;&quot;,&quot;caption&quot;:&quot;&quot;,&quot;created_timestamp&quot;:&quot;0&quot;,&quot;copyright&quot;:&quot;&quot;,&quot;focal_length&quot;:&quot;0&quot;,&quot;iso&quot;:&quot;0&quot;,&quot;shutter_speed&quot;:&quot;0&quot;,&quot;title&quot;:&quot;&quot;}\" data-image-title=\"Document-1-page1\" data-image-description=\"\" data-image-caption=\"\" data-large-file=\"https:\/\/i0.wp.com\/blogs.lyceecfadumene.fr\/tyanheol\/files\/2011\/11\/Document-1-page13.jpeg?fit=506%2C716\" class=\"aligncenter size-medium wp-image-193\" src=\"https:\/\/i0.wp.com\/blogs.lyceecfadumene.fr\/tyanheol\/files\/2012\/04\/SAM_0210-300x225.jpg?resize=300%2C225&#038;ssl=1\" alt=\"\" width=\"300\" height=\"225\" \/><\/a><!--more--><\/p>\n<p>Nous sommes ensuite all\u00e9s au parc de Keukenhof, parc o\u00f9 les tulipes sont reines. Les couleurs et les formes des massifs de ce jardin sont merveilleuses. On a \u00e9galement pu d\u00e9couvrir des sc\u00e8nes paysag\u00e8res.<\/p>\n<p><a href=\"https:\/\/i0.wp.com\/blogs.lyceecfadumene.fr\/tyanheol\/files\/2012\/04\/SAM_0241.jpg?ssl=1\"><img data-recalc-dims=\"1\" loading=\"lazy\" decoding=\"async\" data-attachment-id=\"194\" data-permalink=\"http:\/\/blogs.lyceecfadumene.fr\/tyanheol\/2011\/11\/25\/un-apres-midi-a-la-patinoire\/document-1-page1-5\/\" data-orig-file=\"https:\/\/i0.wp.com\/blogs.lyceecfadumene.fr\/tyanheol\/files\/2011\/11\/Document-1-page14.jpeg?fit=506%2C716\" data-orig-size=\"506,716\" data-comments-opened=\"1\" data-image-meta=\"{&quot;aperture&quot;:&quot;0&quot;,&quot;credit&quot;:&quot;&quot;,&quot;camera&quot;:&quot;&quot;,&quot;caption&quot;:&quot;&quot;,&quot;created_timestamp&quot;:&quot;0&quot;,&quot;copyright&quot;:&quot;&quot;,&quot;focal_length&quot;:&quot;0&quot;,&quot;iso&quot;:&quot;0&quot;,&quot;shutter_speed&quot;:&quot;0&quot;,&quot;title&quot;:&quot;&quot;}\" data-image-title=\"Document-1-page1\" data-image-description=\"\" data-image-caption=\"\" data-large-file=\"https:\/\/i0.wp.com\/blogs.lyceecfadumene.fr\/tyanheol\/files\/2011\/11\/Document-1-page14.jpeg?fit=506%2C716\" class=\"aligncenter size-medium wp-image-194\" src=\"https:\/\/i0.wp.com\/blogs.lyceecfadumene.fr\/tyanheol\/files\/2012\/04\/SAM_0241-300x225.jpg?resize=300%2C225&#038;ssl=1\" alt=\"\" width=\"300\" height=\"225\" \/><\/a><\/p>\n<p>Pour finir notre journ\u00e9e, direction Amsterdam, la ville la plus\u00a0 importante des Pays-Bas o\u00f9 nous avons d\u00e9couvert la pr\u00e9sence de canaux et o\u00f9 les v\u00e9los sont l&#8217;embl\u00e8me. Enfin, on a visit\u00e9 la maison d&rsquo;Anne Franck, maison dans laquelle la famille Franck a v\u00e9cu clandestinement jusqu&rsquo;\u00e0 son arrestation par les allemands. Le journal raconte cette histoire.<\/p>\n<p><a href=\"https:\/\/i0.wp.com\/blogs.lyceecfadumene.fr\/tyanheol\/files\/2012\/04\/SAM_0263.jpg?ssl=1\"><img data-recalc-dims=\"1\" loading=\"lazy\" decoding=\"async\" data-attachment-id=\"195\" data-permalink=\"http:\/\/blogs.lyceecfadumene.fr\/tyanheol\/2012\/04\/26\/183\/sam_0263\/\" data-orig-file=\"https:\/\/i0.wp.com\/blogs.lyceecfadumene.fr\/tyanheol\/files\/2012\/04\/SAM_0263.jpg?fit=3000%2C4000\" data-orig-size=\"3000,4000\" data-comments-opened=\"1\" data-image-meta=\"{&quot;aperture&quot;:&quot;3&quot;,&quot;credit&quot;:&quot;&quot;,&quot;camera&quot;:&quot;SAMSUNG PL100 \/ SAMSUNG TL205 \/ VLUU PL100 \/ SAMSUNG PL101&quot;,&quot;caption&quot;:&quot;&quot;,&quot;created_timestamp&quot;:&quot;1303918770&quot;,&quot;copyright&quot;:&quot;COPYRIGHT, 2009&quot;,&quot;focal_length&quot;:&quot;6.3&quot;,&quot;iso&quot;:&quot;80&quot;,&quot;shutter_speed&quot;:&quot;0.00285714285714&quot;,&quot;title&quot;:&quot;&quot;}\" data-image-title=\"SAM_0263\" data-image-description=\"\" data-image-caption=\"\" data-large-file=\"https:\/\/i0.wp.com\/blogs.lyceecfadumene.fr\/tyanheol\/files\/2012\/04\/SAM_0263.jpg?fit=604%2C805\" class=\"aligncenter size-medium wp-image-195\" src=\"https:\/\/i0.wp.com\/blogs.lyceecfadumene.fr\/tyanheol\/files\/2012\/04\/SAM_0263-225x300.jpg?resize=225%2C300&#038;ssl=1\" alt=\"\" width=\"225\" height=\"300\" srcset=\"https:\/\/i0.wp.com\/blogs.lyceecfadumene.fr\/tyanheol\/files\/2012\/04\/SAM_0263.jpg?resize=225%2C300 225w, https:\/\/i0.wp.com\/blogs.lyceecfadumene.fr\/tyanheol\/files\/2012\/04\/SAM_0263.jpg?resize=768%2C1024 768w, https:\/\/i0.wp.com\/blogs.lyceecfadumene.fr\/tyanheol\/files\/2012\/04\/SAM_0263.jpg?resize=600%2C800 600w, https:\/\/i0.wp.com\/blogs.lyceecfadumene.fr\/tyanheol\/files\/2012\/04\/SAM_0263.jpg?w=1208 1208w, https:\/\/i0.wp.com\/blogs.lyceecfadumene.fr\/tyanheol\/files\/2012\/04\/SAM_0263.jpg?w=1812 1812w\" sizes=\"auto, (max-width: 225px) 100vw, 225px\" \/><\/a><\/p>\n<p>Demain visite du port de Rotterdam.<\/p>\n<p>&nbsp;<\/p>\n","protected":false},"excerpt":{"rendered":"<p>Aujourd&rsquo;hui nous sommes all\u00e9s au march\u00e9 aux fleurs d&rsquo;Aalmeer, le plus grand march\u00e9 du monde. On a pu d\u00e9couvrir le d\u00e9roulement des transactions et la rotation des chariots.<\/p>\n","protected":false},"author":43,"featured_media":0,"comment_status":"open","ping_status":"open","sticky":false,"template":"","format":"standard","meta":{"_jetpack_memberships_contains_paid_content":false,"footnotes":"","jetpack_publicize_message":"","jetpack_publicize_feature_enabled":true,"jetpack_social_post_already_shared":true,"jetpack_social_options":{"image_generator_settings":{"template":"highway","default_image_id":0,"font":"","enabled":false},"version":2}},"categories":[79],"tags":[],"class_list":["post-658","post","type-post","status-publish","format-standard","hentry","category-hollande"],"aioseo_notices":[],"jetpack_publicize_connections":[],"jetpack_featured_media_url":"","jetpack_shortlink":"https:\/\/wp.me\/s1SrOO-183","jetpack_sharing_enabled":true,"_links":{"self":[{"href":"http:\/\/blogs.lyceecfadumene.fr\/tyanheol\/wp-json\/wp\/v2\/posts\/658","targetHints":{"allow":["GET"]}}],"collection":[{"href":"http:\/\/blogs.lyceecfadumene.fr\/tyanheol\/wp-json\/wp\/v2\/posts"}],"about":[{"href":"http:\/\/blogs.lyceecfadumene.fr\/tyanheol\/wp-json\/wp\/v2\/types\/post"}],"author":[{"embeddable":true,"href":"http:\/\/blogs.lyceecfadumene.fr\/tyanheol\/wp-json\/wp\/v2\/users\/43"}],"replies":[{"embeddable":true,"href":"http:\/\/blogs.lyceecfadumene.fr\/tyanheol\/wp-json\/wp\/v2\/comments?post=658"}],"version-history":[{"count":0,"href":"http:\/\/blogs.lyceecfadumene.fr\/tyanheol\/wp-json\/wp\/v2\/posts\/658\/revisions"}],"wp:attachment":[{"href":"http:\/\/blogs.lyceecfadumene.fr\/tyanheol\/wp-json\/wp\/v2\/media?parent=658"}],"wp:term":[{"taxonomy":"category","embeddable":true,"href":"http:\/\/blogs.lyceecfadumene.fr\/tyanheol\/wp-json\/wp\/v2\/categories?post=658"},{"taxonomy":"post_tag","embeddable":true,"href":"http:\/\/blogs.lyceecfadumene.fr\/tyanheol\/wp-json\/wp\/v2\/tags?post=658"}],"curies":[{"name":"wp","href":"https:\/\/api.w.org\/{rel}","templated":true}]}}