{"id":648,"date":"2012-04-20T12:13:33","date_gmt":"2012-04-20T10:13:33","guid":{"rendered":"http:\/\/blogs.lyceecfadumene.fr\/bacproap\/?p=216"},"modified":"2012-04-20T12:13:33","modified_gmt":"2012-04-20T10:13:33","slug":"voyage-en-hollande-avril-2012","status":"publish","type":"post","link":"http:\/\/blogs.lyceecfadumene.fr\/tyanheol\/2012\/04\/20\/voyage-en-hollande-avril-2012\/","title":{"rendered":"Voyage en Hollande &#8211; Avril 2012"},"content":{"rendered":"<h1>Avril 2012 &#8211; Voyage d&rsquo;\u00e9tude<\/h1>\n<p>Les terminales Am\u00e9nagement Paysager partent en Hollande cette ann\u00e9e. Vous retrouverez sur ce blog les comptes rendus de leurs visites !! Alors bonne lecture !!<\/p>\n<p><a href=\"https:\/\/i0.wp.com\/blogs.lyceecfadumene.fr\/tyanheol\/files\/2012\/04\/hollande.gif?ssl=1\"><img data-recalc-dims=\"1\" loading=\"lazy\" decoding=\"async\" data-attachment-id=\"217\" data-permalink=\"http:\/\/blogs.lyceecfadumene.fr\/tyanheol\/2012\/04\/20\/voyage-en-hollande-avril-2012\/hollande\/\" data-orig-file=\"https:\/\/i0.wp.com\/blogs.lyceecfadumene.fr\/tyanheol\/files\/2012\/04\/hollande.gif?fit=426%2C508\" data-orig-size=\"426,508\" data-comments-opened=\"1\" data-image-meta=\"{&quot;aperture&quot;:&quot;0&quot;,&quot;credit&quot;:&quot;&quot;,&quot;camera&quot;:&quot;&quot;,&quot;caption&quot;:&quot;&quot;,&quot;created_timestamp&quot;:&quot;0&quot;,&quot;copyright&quot;:&quot;&quot;,&quot;focal_length&quot;:&quot;0&quot;,&quot;iso&quot;:&quot;0&quot;,&quot;shutter_speed&quot;:&quot;0&quot;,&quot;title&quot;:&quot;&quot;}\" data-image-title=\"hollande\" data-image-description=\"\" data-image-caption=\"\" data-large-file=\"https:\/\/i0.wp.com\/blogs.lyceecfadumene.fr\/tyanheol\/files\/2012\/04\/hollande.gif?fit=426%2C508\" class=\"alignnone size-full wp-image-217\" style=\"border: 1px solid black\" src=\"https:\/\/i0.wp.com\/blogs.lyceecfadumene.fr\/tyanheol\/files\/2012\/04\/hollande.gif?resize=426%2C508&#038;ssl=1\" alt=\"\" width=\"426\" height=\"508\" \/><\/a><\/p>\n<p>A bient\u00f4t, donc.<\/p>\n","protected":false},"excerpt":{"rendered":"<p>Avril 2012 &#8211; Voyage d&rsquo;\u00e9tude Les terminales Am\u00e9nagement Paysager partent en Hollande cette ann\u00e9e. Vous retrouverez sur ce blog les comptes rendus de leurs visites !! Alors bonne lecture !! A bient\u00f4t, donc.<\/p>\n","protected":false},"author":1,"featured_media":0,"comment_status":"open","ping_status":"open","sticky":false,"template":"","format":"standard","meta":{"_jetpack_memberships_contains_paid_content":false,"footnotes":"","jetpack_publicize_message":"","jetpack_publicize_feature_enabled":true,"jetpack_social_post_already_shared":true,"jetpack_social_options":{"image_generator_settings":{"template":"highway","default_image_id":0,"font":"","enabled":false},"version":2}},"categories":[79],"tags":[25460,8242],"class_list":["post-648","post","type-post","status-publish","format-standard","hentry","category-hollande","tag-hollande","tag-voyage-2"],"aioseo_notices":[],"jetpack_publicize_connections":[],"jetpack_featured_media_url":"","jetpack_shortlink":"https:\/\/wp.me\/p1SrOO-as","jetpack_sharing_enabled":true,"_links":{"self":[{"href":"http:\/\/blogs.lyceecfadumene.fr\/tyanheol\/wp-json\/wp\/v2\/posts\/648","targetHints":{"allow":["GET"]}}],"collection":[{"href":"http:\/\/blogs.lyceecfadumene.fr\/tyanheol\/wp-json\/wp\/v2\/posts"}],"about":[{"href":"http:\/\/blogs.lyceecfadumene.fr\/tyanheol\/wp-json\/wp\/v2\/types\/post"}],"author":[{"embeddable":true,"href":"http:\/\/blogs.lyceecfadumene.fr\/tyanheol\/wp-json\/wp\/v2\/users\/1"}],"replies":[{"embeddable":true,"href":"http:\/\/blogs.lyceecfadumene.fr\/tyanheol\/wp-json\/wp\/v2\/comments?post=648"}],"version-history":[{"count":0,"href":"http:\/\/blogs.lyceecfadumene.fr\/tyanheol\/wp-json\/wp\/v2\/posts\/648\/revisions"}],"wp:attachment":[{"href":"http:\/\/blogs.lyceecfadumene.fr\/tyanheol\/wp-json\/wp\/v2\/media?parent=648"}],"wp:term":[{"taxonomy":"category","embeddable":true,"href":"http:\/\/blogs.lyceecfadumene.fr\/tyanheol\/wp-json\/wp\/v2\/categories?post=648"},{"taxonomy":"post_tag","embeddable":true,"href":"http:\/\/blogs.lyceecfadumene.fr\/tyanheol\/wp-json\/wp\/v2\/tags?post=648"}],"curies":[{"name":"wp","href":"https:\/\/api.w.org\/{rel}","templated":true}]}}