{"id":638,"date":"2008-03-19T13:44:43","date_gmt":"2008-03-19T11:44:43","guid":{"rendered":"http:\/\/blogs.lyceecfadumene.fr\/bacproap\/?p=118"},"modified":"2008-03-19T13:44:43","modified_gmt":"2008-03-19T11:44:43","slug":"lundi-17-mars-2008","status":"publish","type":"post","link":"http:\/\/blogs.lyceecfadumene.fr\/tyanheol\/2008\/03\/19\/lundi-17-mars-2008\/","title":{"rendered":"Lundi 17 mars 2008"},"content":{"rendered":"<p>Apr\u00e8s une bonne nuit de sommeil, nous sommes all\u00e9s visiter le quartier juif de Cracovie, Kazimierz . Nous avons pu observer et visiter des synagogues &#8211; il y en a 7 au total.- des b\u00e2timents, un cimeti\u00e8re et des logements. Le ghetto de Cracovie, moins c\u00e9l\u00e8bre que celui de Varsovie dans lequel furent emm\u00fbr\u00e9s (mur en forme de pierre tombale juive) plusieurs milliers d&rsquo;hommes, de femmes et d&rsquo;enfants, dont le c\u00e9l\u00e8bre r\u00e9alisateur Roman Polanski. les seules traces existantes sont : un pan de mur, la place d&rsquo;appel r\u00e9cemment r\u00e9nov\u00e9e o\u00f9 des chaises sculpt\u00e9es, scell\u00e9es figurant l&rsquo;attente vers les camps d&rsquo;extermination ont \u00e9t\u00e9 plac\u00e9es. Au cours de notre balade nous avons pu voir l\u2019usine d\u2019Oskar Schindler, c\u00e9l\u00e8bre Allemand qui a sauv\u00e9 1200 juifs lors de la seconde Guerre Mondiale en les achetant au camp d\u2019Auschwitz- Birkenau pour travailler dans son usine de casseroles \u00e9maill\u00e9es. Oskar Schindler fut l\u2019un des premiers justes honor\u00e9s, dans les ann\u00e9es 60, par Isra\u00ebl et le c\u00e9l\u00e8bre metteur en sc\u00e8ne am\u00e9ricain Steven Spielberg en a fait un film intitul\u00e9 \u00ab\u00a0La liste de Schindler\u00a0\u00bb. Nous avons march\u00e9&nbsp;sur les pas de Schindler.<\/p>\n<p>A Cracovie, il ne reste qu\u2019 environ 200 juifs contre 150 000 dans les ann\u00e9es 30. A l\u2019\u00e9poque, au milieu du quartier, est situ\u00e9e une place comportant un b\u00e2timent circulaire qui abritait l\u2019abattoir commun de viande kasher (animal tu\u00e9 rituellement de trois coups port\u00e9s au maximum pour que la viande soit d\u00e9clar\u00e9e pure pour les juifs).<\/p>\n<p>Ensuite, nous nous&nbsp;sommes&nbsp;dirig\u00e9s vers le zoo de Cracovie mais les conditions climatiques ne nous ont pas permis d\u2019y aller. Nous avons donc visiter un centre commercial et pu faire quelques emplettes.<\/p>\n<p>Vers 15 h 30 nous nous sommes dirig\u00e9s vers la mine de sel de Wieliczka. Cette mine de sel est la plus vieille mine encore en activit\u00e9 et visitable au monde. Un guide parlant fran\u00e7ais et ayant un humour appr\u00e9ci\u00e9 de tous nous a fait d\u00e9couvrir ce lieu. Cette mine est immense, elle descend \u00e0 315 m\u00e8tres de profondeur et s\u2019\u00e9tend sur 300 km. Mais rassurez\u2013vous, nous ne sommes descendus qu\u2019\u00e0 environ 135 m\u00e8tres (380 marches) et avons parcouru 3 km (\u00e0 pied bien entendu).<\/p>\n<p>Cette mine comporte plusieurs salles, chapelle, et autres statues ainsi que plusieurs anciens instruments utilis\u00e9s au cours des si\u00e8cles, depuis l\u2019ouverture de la mine. A la fin de la visite nous avons rejoint le restaurant Gosciniec o\u00f9 nous avons pris tous nos petits-d\u00e9jeuners et d\u00eeners durant notre s\u00e9jour cracovien&nbsp;.<\/p>\n<p><a href=\"https:\/\/i0.wp.com\/blogs.lyceecfadumene.fr\/tyanheol\/files\/2012\/02\/DSCF5496.jpg?ssl=1\"><img data-recalc-dims=\"1\" loading=\"lazy\" decoding=\"async\" data-attachment-id=\"119\" data-permalink=\"http:\/\/blogs.lyceecfadumene.fr\/tyanheol\/2011\/10\/12\/jeudi-14-octobre-la-guerre-des-boutons-au-cinema\/affiche-la-guerre-des-boutons-10493987kyqyo_2041modif\/\" data-orig-file=\"https:\/\/i0.wp.com\/blogs.lyceecfadumene.fr\/tyanheol\/files\/2011\/10\/affiche-la-guerre-des-boutons-10493987kyqyo_2041modif.jpg?fit=276%2C369\" data-orig-size=\"276,369\" data-comments-opened=\"1\" data-image-meta=\"{&quot;aperture&quot;:&quot;0&quot;,&quot;credit&quot;:&quot;&quot;,&quot;camera&quot;:&quot;&quot;,&quot;caption&quot;:&quot;&quot;,&quot;created_timestamp&quot;:&quot;0&quot;,&quot;copyright&quot;:&quot;&quot;,&quot;focal_length&quot;:&quot;0&quot;,&quot;iso&quot;:&quot;0&quot;,&quot;shutter_speed&quot;:&quot;0&quot;,&quot;title&quot;:&quot;&quot;}\" data-image-title=\"affiche-la-guerre-des-boutons-10493987kyqyo_2041modif\" data-image-description=\"\" data-image-caption=\"\" data-large-file=\"https:\/\/i0.wp.com\/blogs.lyceecfadumene.fr\/tyanheol\/files\/2011\/10\/affiche-la-guerre-des-boutons-10493987kyqyo_2041modif.jpg?fit=276%2C369\" class=\"alignnone size-full wp-image-119\" style=\"border: 1px solid black\" src=\"https:\/\/i0.wp.com\/blogs.lyceecfadumene.fr\/tyanheol\/files\/2012\/02\/DSCF5496.jpg?resize=300%2C225&#038;ssl=1\" alt=\"\" width=\"300\" height=\"225\" \/><\/a><\/p>\n<p>Une synagogue<\/p>\n<p><a href=\"https:\/\/i0.wp.com\/blogs.lyceecfadumene.fr\/tyanheol\/files\/2012\/02\/DSCF5498.jpg?ssl=1\"><img data-recalc-dims=\"1\" loading=\"lazy\" decoding=\"async\" data-attachment-id=\"120\" data-permalink=\"http:\/\/blogs.lyceecfadumene.fr\/tyanheol\/2008\/03\/19\/lundi-17-mars-2008\/dscf5498\/\" data-orig-file=\"https:\/\/i0.wp.com\/blogs.lyceecfadumene.fr\/tyanheol\/files\/2012\/02\/DSCF5498.jpg?fit=300%2C225\" data-orig-size=\"300,225\" data-comments-opened=\"1\" data-image-meta=\"{&quot;aperture&quot;:&quot;4.5&quot;,&quot;credit&quot;:&quot;&quot;,&quot;camera&quot;:&quot;FinePix S7000&quot;,&quot;caption&quot;:&quot;&quot;,&quot;created_timestamp&quot;:&quot;1046044698&quot;,&quot;copyright&quot;:&quot;&quot;,&quot;focal_length&quot;:&quot;9&quot;,&quot;iso&quot;:&quot;160&quot;,&quot;shutter_speed&quot;:&quot;0.00416666666667&quot;,&quot;title&quot;:&quot;&quot;}\" data-image-title=\"DSCF5498\" data-image-description=\"\" data-image-caption=\"\" data-large-file=\"https:\/\/i0.wp.com\/blogs.lyceecfadumene.fr\/tyanheol\/files\/2012\/02\/DSCF5498.jpg?fit=300%2C225\" class=\"alignnone  wp-image-120\" style=\"border: 1px solid black\" src=\"https:\/\/i0.wp.com\/blogs.lyceecfadumene.fr\/tyanheol\/files\/2012\/02\/DSCF5498.jpg?resize=300%2C225&#038;ssl=1\" alt=\"\" width=\"300\" height=\"225\" \/><\/a><\/p>\n<p>L&rsquo;ancien abattoir<\/p>\n<p><a href=\"https:\/\/i0.wp.com\/blogs.lyceecfadumene.fr\/tyanheol\/files\/2012\/02\/DSCF5517.jpg?ssl=1\"><img data-recalc-dims=\"1\" loading=\"lazy\" decoding=\"async\" data-attachment-id=\"121\" data-permalink=\"http:\/\/blogs.lyceecfadumene.fr\/tyanheol\/2008\/03\/19\/lundi-17-mars-2008\/dscf5517\/\" data-orig-file=\"https:\/\/i0.wp.com\/blogs.lyceecfadumene.fr\/tyanheol\/files\/2012\/02\/DSCF5517.jpg?fit=300%2C225\" data-orig-size=\"300,225\" data-comments-opened=\"1\" data-image-meta=\"{&quot;aperture&quot;:&quot;2.8&quot;,&quot;credit&quot;:&quot;&quot;,&quot;camera&quot;:&quot;FinePix S7000&quot;,&quot;caption&quot;:&quot;&quot;,&quot;created_timestamp&quot;:&quot;1046046513&quot;,&quot;copyright&quot;:&quot;&quot;,&quot;focal_length&quot;:&quot;7.8&quot;,&quot;iso&quot;:&quot;200&quot;,&quot;shutter_speed&quot;:&quot;0.00454545454545&quot;,&quot;title&quot;:&quot;&quot;}\" data-image-title=\"DSCF5517\" data-image-description=\"\" data-image-caption=\"\" data-large-file=\"https:\/\/i0.wp.com\/blogs.lyceecfadumene.fr\/tyanheol\/files\/2012\/02\/DSCF5517.jpg?fit=300%2C225\" class=\"alignnone size-full wp-image-121\" style=\"border: 1px solid black\" src=\"https:\/\/i0.wp.com\/blogs.lyceecfadumene.fr\/tyanheol\/files\/2012\/02\/DSCF5517.jpg?resize=300%2C225&#038;ssl=1\" alt=\"\" width=\"300\" height=\"225\" \/><\/a><\/p>\n<p>Le mur des lamentations de Cracovie<\/p>\n<p><a href=\"https:\/\/i0.wp.com\/blogs.lyceecfadumene.fr\/tyanheol\/files\/2012\/02\/DSCF5522.jpg?ssl=1\"><img data-recalc-dims=\"1\" loading=\"lazy\" decoding=\"async\" data-attachment-id=\"122\" data-permalink=\"http:\/\/blogs.lyceecfadumene.fr\/tyanheol\/2008\/03\/19\/lundi-17-mars-2008\/dscf5522\/\" data-orig-file=\"https:\/\/i0.wp.com\/blogs.lyceecfadumene.fr\/tyanheol\/files\/2012\/02\/DSCF5522.jpg?fit=300%2C225\" data-orig-size=\"300,225\" data-comments-opened=\"1\" data-image-meta=\"{&quot;aperture&quot;:&quot;4&quot;,&quot;credit&quot;:&quot;&quot;,&quot;camera&quot;:&quot;FinePix S7000&quot;,&quot;caption&quot;:&quot;&quot;,&quot;created_timestamp&quot;:&quot;1046046562&quot;,&quot;copyright&quot;:&quot;&quot;,&quot;focal_length&quot;:&quot;9&quot;,&quot;iso&quot;:&quot;200&quot;,&quot;shutter_speed&quot;:&quot;0.00714285714286&quot;,&quot;title&quot;:&quot;&quot;}\" data-image-title=\"DSCF5522\" data-image-description=\"\" data-image-caption=\"\" data-large-file=\"https:\/\/i0.wp.com\/blogs.lyceecfadumene.fr\/tyanheol\/files\/2012\/02\/DSCF5522.jpg?fit=300%2C225\" class=\"alignnone  wp-image-122\" style=\"border: 1px solid black\" src=\"https:\/\/i0.wp.com\/blogs.lyceecfadumene.fr\/tyanheol\/files\/2012\/02\/DSCF5522.jpg?resize=300%2C225&#038;ssl=1\" alt=\"\" width=\"300\" height=\"225\" \/><\/a><\/p>\n<p>Un cimeti\u00e8re juif<\/p>\n<p><a href=\"https:\/\/i0.wp.com\/blogs.lyceecfadumene.fr\/tyanheol\/files\/2012\/02\/DSCF5551.jpg?ssl=1\"><img data-recalc-dims=\"1\" loading=\"lazy\" decoding=\"async\" data-attachment-id=\"123\" data-permalink=\"http:\/\/blogs.lyceecfadumene.fr\/tyanheol\/2008\/03\/19\/lundi-17-mars-2008\/dscf5551\/\" data-orig-file=\"https:\/\/i0.wp.com\/blogs.lyceecfadumene.fr\/tyanheol\/files\/2012\/02\/DSCF5551.jpg?fit=300%2C225\" data-orig-size=\"300,225\" data-comments-opened=\"1\" data-image-meta=\"{&quot;aperture&quot;:&quot;5&quot;,&quot;credit&quot;:&quot;&quot;,&quot;camera&quot;:&quot;FinePix S7000&quot;,&quot;caption&quot;:&quot;&quot;,&quot;created_timestamp&quot;:&quot;1046051882&quot;,&quot;copyright&quot;:&quot;&quot;,&quot;focal_length&quot;:&quot;7.8&quot;,&quot;iso&quot;:&quot;160&quot;,&quot;shutter_speed&quot;:&quot;0.00416666666667&quot;,&quot;title&quot;:&quot;&quot;}\" data-image-title=\"DSCF5551\" data-image-description=\"\" data-image-caption=\"\" data-large-file=\"https:\/\/i0.wp.com\/blogs.lyceecfadumene.fr\/tyanheol\/files\/2012\/02\/DSCF5551.jpg?fit=300%2C225\" class=\"alignnone  wp-image-123\" style=\"border: 1px solid black\" src=\"https:\/\/i0.wp.com\/blogs.lyceecfadumene.fr\/tyanheol\/files\/2012\/02\/DSCF5551.jpg?resize=300%2C225&#038;ssl=1\" alt=\"\" width=\"300\" height=\"225\" \/><\/a><\/p>\n<p>L&rsquo;usine d\u00b4Oskar Schindler<\/p>\n<p>&nbsp;<\/p>\n","protected":false},"excerpt":{"rendered":"<p>Apr\u00e8s une bonne nuit de sommeil, nous sommes all\u00e9s visiter le quartier juif de Cracovie, Kazimierz . Nous avons pu observer et visiter des synagogues &#8211; il y en a 7 au total.- des b\u00e2timents, un cimeti\u00e8re et des logements. Le ghetto de Cracovie, moins c\u00e9l\u00e8bre que celui de Varsovie dans lequel furent emm\u00fbr\u00e9s (mur &hellip; <a href=\"http:\/\/blogs.lyceecfadumene.fr\/tyanheol\/2008\/03\/19\/lundi-17-mars-2008\/\" class=\"more-link\">Continuer la lecture de <span class=\"screen-reader-text\">Lundi 17 mars 2008<\/span> <span class=\"meta-nav\">&rarr;<\/span><\/a><\/p>\n","protected":false},"author":1,"featured_media":0,"comment_status":"open","ping_status":"open","sticky":false,"template":"","format":"standard","meta":{"_jetpack_memberships_contains_paid_content":false,"footnotes":"","jetpack_publicize_message":"","jetpack_publicize_feature_enabled":true,"jetpack_social_post_already_shared":true,"jetpack_social_options":{"image_generator_settings":{"template":"highway","default_image_id":0,"font":"","enabled":false},"version":2}},"categories":[10746],"tags":[],"class_list":["post-638","post","type-post","status-publish","format-standard","hentry","category-pologne"],"aioseo_notices":[],"jetpack_publicize_connections":[],"jetpack_featured_media_url":"","jetpack_shortlink":"https:\/\/wp.me\/p1SrOO-ai","jetpack_sharing_enabled":true,"_links":{"self":[{"href":"http:\/\/blogs.lyceecfadumene.fr\/tyanheol\/wp-json\/wp\/v2\/posts\/638","targetHints":{"allow":["GET"]}}],"collection":[{"href":"http:\/\/blogs.lyceecfadumene.fr\/tyanheol\/wp-json\/wp\/v2\/posts"}],"about":[{"href":"http:\/\/blogs.lyceecfadumene.fr\/tyanheol\/wp-json\/wp\/v2\/types\/post"}],"author":[{"embeddable":true,"href":"http:\/\/blogs.lyceecfadumene.fr\/tyanheol\/wp-json\/wp\/v2\/users\/1"}],"replies":[{"embeddable":true,"href":"http:\/\/blogs.lyceecfadumene.fr\/tyanheol\/wp-json\/wp\/v2\/comments?post=638"}],"version-history":[{"count":0,"href":"http:\/\/blogs.lyceecfadumene.fr\/tyanheol\/wp-json\/wp\/v2\/posts\/638\/revisions"}],"wp:attachment":[{"href":"http:\/\/blogs.lyceecfadumene.fr\/tyanheol\/wp-json\/wp\/v2\/media?parent=638"}],"wp:term":[{"taxonomy":"category","embeddable":true,"href":"http:\/\/blogs.lyceecfadumene.fr\/tyanheol\/wp-json\/wp\/v2\/categories?post=638"},{"taxonomy":"post_tag","embeddable":true,"href":"http:\/\/blogs.lyceecfadumene.fr\/tyanheol\/wp-json\/wp\/v2\/tags?post=638"}],"curies":[{"name":"wp","href":"https:\/\/api.w.org\/{rel}","templated":true}]}}