{"id":634,"date":"2009-10-23T14:52:51","date_gmt":"2009-10-23T12:52:51","guid":{"rendered":"http:\/\/blogs.lyceecfadumene.fr\/2ndeprovente2009\/?p=14"},"modified":"2013-12-03T17:42:41","modified_gmt":"2013-12-03T15:42:41","slug":"jardin-bio-lart-du-jardinage-naturel","status":"publish","type":"post","link":"http:\/\/blogs.lyceecfadumene.fr\/tyanheol\/2009\/10\/23\/jardin-bio-lart-du-jardinage-naturel\/","title":{"rendered":"Jardin Bio. \u00ab\u00a0L&rsquo;art du jardinage naturel.\u00a0\u00bb"},"content":{"rendered":"<p style=\"margin-bottom: 0cm\">Yves Gillen et sa femme, ont un espace de jardin de 13000 m\u00b2 , qu&rsquo;ils ont am\u00e9nag\u00e9 depuis 35 ans. Yves y travaille \u00e0 temps plein et sa femme au gr\u00e9 de ces disponibilit\u00e9s.<\/p>\n<p style=\"margin-bottom: 0cm\">Dans son jardin Yves fait tout \u00e0 la main. La tonte est faite avec une ancienne tondeuse \u00e0 main pour respecter le silence des v\u00e9g\u00e9taux et pour ne pas les polluer. Toute les tailles des arbres se font selon ces envies, et \u00e0 son regard d&rsquo;artiste. Toutes les branches taill\u00e9es sont remises en composte pour les parterres de fleur afin de bannir tous les produits chimiques dans son jardin.<\/p>\n<p style=\"margin-bottom: 0cm;text-align: right\">Oc\u00e9ane<\/p>\n<p style=\"margin-bottom: 0cm;text-align: right\">\n","protected":false},"excerpt":{"rendered":"<p>Yves Gillen et sa femme, ont un espace de jardin de 13000 m\u00b2 , qu&rsquo;ils ont am\u00e9nag\u00e9 depuis 35 ans. Yves y travaille \u00e0 temps plein et sa femme au gr\u00e9 de ces disponibilit\u00e9s. Dans son jardin Yves fait tout \u00e0 la main. La tonte est faite avec une ancienne tondeuse \u00e0 main pour respecter &hellip; <a href=\"http:\/\/blogs.lyceecfadumene.fr\/tyanheol\/2009\/10\/23\/jardin-bio-lart-du-jardinage-naturel\/\" class=\"more-link\">Continuer la lecture de <span class=\"screen-reader-text\">Jardin Bio. \u00ab\u00a0L&rsquo;art du jardinage naturel.\u00a0\u00bb<\/span> <span class=\"meta-nav\">&rarr;<\/span><\/a><\/p>\n","protected":false},"author":1,"featured_media":0,"comment_status":"open","ping_status":"open","sticky":false,"template":"","format":"standard","meta":{"_jetpack_memberships_contains_paid_content":false,"footnotes":"","jetpack_publicize_message":"","jetpack_publicize_feature_enabled":true,"jetpack_social_post_already_shared":true,"jetpack_social_options":{"image_generator_settings":{"template":"highway","default_image_id":0,"font":"","enabled":false},"version":2}},"categories":[104],"tags":[7959],"class_list":["post-634","post","type-post","status-publish","format-standard","hentry","category-voyage","tag-guerande"],"aioseo_notices":[],"jetpack_publicize_connections":[],"jetpack_featured_media_url":"","jetpack_shortlink":"https:\/\/wp.me\/p1SrOO-ae","jetpack_sharing_enabled":true,"_links":{"self":[{"href":"http:\/\/blogs.lyceecfadumene.fr\/tyanheol\/wp-json\/wp\/v2\/posts\/634","targetHints":{"allow":["GET"]}}],"collection":[{"href":"http:\/\/blogs.lyceecfadumene.fr\/tyanheol\/wp-json\/wp\/v2\/posts"}],"about":[{"href":"http:\/\/blogs.lyceecfadumene.fr\/tyanheol\/wp-json\/wp\/v2\/types\/post"}],"author":[{"embeddable":true,"href":"http:\/\/blogs.lyceecfadumene.fr\/tyanheol\/wp-json\/wp\/v2\/users\/1"}],"replies":[{"embeddable":true,"href":"http:\/\/blogs.lyceecfadumene.fr\/tyanheol\/wp-json\/wp\/v2\/comments?post=634"}],"version-history":[{"count":0,"href":"http:\/\/blogs.lyceecfadumene.fr\/tyanheol\/wp-json\/wp\/v2\/posts\/634\/revisions"}],"wp:attachment":[{"href":"http:\/\/blogs.lyceecfadumene.fr\/tyanheol\/wp-json\/wp\/v2\/media?parent=634"}],"wp:term":[{"taxonomy":"category","embeddable":true,"href":"http:\/\/blogs.lyceecfadumene.fr\/tyanheol\/wp-json\/wp\/v2\/categories?post=634"},{"taxonomy":"post_tag","embeddable":true,"href":"http:\/\/blogs.lyceecfadumene.fr\/tyanheol\/wp-json\/wp\/v2\/tags?post=634"}],"curies":[{"name":"wp","href":"https:\/\/api.w.org\/{rel}","templated":true}]}}