{"id":47,"date":"2012-05-15T09:49:22","date_gmt":"2012-05-15T07:49:22","guid":{"rendered":"http:\/\/blogs.lyceecfadumene.fr\/capfleuriste\/?p=47"},"modified":"2013-12-03T17:37:40","modified_gmt":"2013-12-03T15:37:40","slug":"presentation-du-voyage","status":"publish","type":"post","link":"http:\/\/blogs.lyceecfadumene.fr\/tyanheol\/2012\/05\/15\/presentation-du-voyage\/","title":{"rendered":"Pr\u00e9sentation du voyage"},"content":{"rendered":"<p>Les CAP fleuriste de la session 2011-2012 vont effectuer un s\u00e9jour en Hollande du 24 au 29 juin 2012. Ils seront loger dans un h\u00f4tel en pension compl\u00e8te. Plusieurs visites sont pr\u00e9vues comme le mus\u00e9e Anne Franck ainsi que plusieurs animations comme le bowling. Des quartiers libres seront autoris\u00e9s pour pouvoir acheter des petits souvenirs \u00e0 notre entourage.<\/p>\n<p>Plusieurs actions ont \u00e9t\u00e9 effectu\u00e9es pour financer notre voyage comme les march\u00e9s (Toussaint, No\u00ebl), les ventes de bulbes, chocolats, brioches, gavottes&#8230;<\/p>\n<p>Vivement le d\u00e9part !<\/p>\n<figure id=\"attachment_49\" aria-describedby=\"caption-attachment-49\" style=\"width: 300px\" class=\"wp-caption alignnone\"><a href=\"https:\/\/i0.wp.com\/blogs.lyceecfadumene.fr\/capfleuriste\/files\/2012\/05\/pays-bas-moulin-tulipes.jpg?ssl=1\"><img data-recalc-dims=\"1\" loading=\"lazy\" decoding=\"async\" class=\"size-medium wp-image-49\" style=\"border: 1px solid black\" title=\"Tulipe \" src=\"https:\/\/i0.wp.com\/blogs.lyceecfadumene.fr\/capfleuriste\/files\/2012\/05\/pays-bas-moulin-tulipes-300x200.jpg?resize=300%2C200&#038;ssl=1\" alt=\"\" width=\"300\" height=\"200\" \/><\/a><figcaption id=\"caption-attachment-49\" class=\"wp-caption-text\">Tulipes en Hollande<\/figcaption><\/figure>\n<figure id=\"attachment_48\" aria-describedby=\"caption-attachment-48\" style=\"width: 300px\" class=\"wp-caption alignnone\"><a href=\"https:\/\/i0.wp.com\/blogs.lyceecfadumene.fr\/capfleuriste\/files\/2012\/05\/drapeau-hollande.gif?ssl=1\"><img data-recalc-dims=\"1\" loading=\"lazy\" decoding=\"async\" class=\"size-medium wp-image-48\" title=\"drapeau-hollande\" src=\"https:\/\/i0.wp.com\/blogs.lyceecfadumene.fr\/capfleuriste\/files\/2012\/05\/drapeau-hollande-300x199.gif?resize=300%2C199&#038;ssl=1\" alt=\"\" width=\"300\" height=\"199\" \/><\/a><figcaption id=\"caption-attachment-48\" class=\"wp-caption-text\">Drapeau hollandais<\/figcaption><\/figure>\n","protected":false},"excerpt":{"rendered":"<p>Les CAP fleuriste de la session 2011-2012 vont effectuer un s\u00e9jour en Hollande du 24 au 29 juin 2012. Ils seront loger dans un h\u00f4tel en pension compl\u00e8te. Plusieurs visites sont pr\u00e9vues comme le mus\u00e9e Anne Franck ainsi que plusieurs animations comme le bowling. Des quartiers libres seront autoris\u00e9s pour pouvoir acheter des petits souvenirs &hellip; <a href=\"http:\/\/blogs.lyceecfadumene.fr\/tyanheol\/2012\/05\/15\/presentation-du-voyage\/\" class=\"more-link\">Continuer la lecture de <span class=\"screen-reader-text\">Pr\u00e9sentation du voyage<\/span> <span class=\"meta-nav\">&rarr;<\/span><\/a><\/p>\n","protected":false},"author":1,"featured_media":0,"comment_status":"open","ping_status":"open","sticky":false,"template":"","format":"standard","meta":{"_jetpack_memberships_contains_paid_content":false,"footnotes":"","jetpack_publicize_message":"","jetpack_publicize_feature_enabled":true,"jetpack_social_post_already_shared":true,"jetpack_social_options":{"image_generator_settings":{"template":"highway","default_image_id":0,"font":"","enabled":false},"version":2}},"categories":[79,104],"tags":[25460,8242],"class_list":["post-47","post","type-post","status-publish","format-standard","hentry","category-hollande","category-voyage","tag-hollande","tag-voyage-2"],"aioseo_notices":[],"jetpack_publicize_connections":[],"jetpack_featured_media_url":"","jetpack_shortlink":"https:\/\/wp.me\/p1SrOO-L","jetpack_sharing_enabled":true,"_links":{"self":[{"href":"http:\/\/blogs.lyceecfadumene.fr\/tyanheol\/wp-json\/wp\/v2\/posts\/47","targetHints":{"allow":["GET"]}}],"collection":[{"href":"http:\/\/blogs.lyceecfadumene.fr\/tyanheol\/wp-json\/wp\/v2\/posts"}],"about":[{"href":"http:\/\/blogs.lyceecfadumene.fr\/tyanheol\/wp-json\/wp\/v2\/types\/post"}],"author":[{"embeddable":true,"href":"http:\/\/blogs.lyceecfadumene.fr\/tyanheol\/wp-json\/wp\/v2\/users\/1"}],"replies":[{"embeddable":true,"href":"http:\/\/blogs.lyceecfadumene.fr\/tyanheol\/wp-json\/wp\/v2\/comments?post=47"}],"version-history":[{"count":0,"href":"http:\/\/blogs.lyceecfadumene.fr\/tyanheol\/wp-json\/wp\/v2\/posts\/47\/revisions"}],"wp:attachment":[{"href":"http:\/\/blogs.lyceecfadumene.fr\/tyanheol\/wp-json\/wp\/v2\/media?parent=47"}],"wp:term":[{"taxonomy":"category","embeddable":true,"href":"http:\/\/blogs.lyceecfadumene.fr\/tyanheol\/wp-json\/wp\/v2\/categories?post=47"},{"taxonomy":"post_tag","embeddable":true,"href":"http:\/\/blogs.lyceecfadumene.fr\/tyanheol\/wp-json\/wp\/v2\/tags?post=47"}],"curies":[{"name":"wp","href":"https:\/\/api.w.org\/{rel}","templated":true}]}}