{"id":3864,"date":"2025-10-24T10:38:41","date_gmt":"2025-10-24T08:38:41","guid":{"rendered":"https:\/\/blogs.lyceecfadumene.fr\/tyanheol\/?p=3864"},"modified":"2025-10-24T10:38:43","modified_gmt":"2025-10-24T08:38:43","slug":"sortie-culturelle-a-la-scene-nationale-theatre-la-passerelle-de-saint-brieuc","status":"publish","type":"post","link":"http:\/\/blogs.lyceecfadumene.fr\/tyanheol\/2025\/10\/24\/sortie-culturelle-a-la-scene-nationale-theatre-la-passerelle-de-saint-brieuc\/","title":{"rendered":"Sortie culturelle \u00e0 la Sc\u00e8ne Nationale, th\u00e9\u00e2tre \u00ab\u00a0La Passerelle\u00a0\u00bb de Saint-Brieuc"},"content":{"rendered":"\n<p>Les \u00e9l\u00e8ves de Terminale Vente en Animalerie et Vente en Jardinerie, dans le cadre de leurs cours d&rsquo;\u00c9ducation Socioculturelle, ont renforc\u00e9 leurs comp\u00e9tences artistiques \u00e9valu\u00e9es au baccalaur\u00e9at, en visitant le th\u00e9\u00e2tre \u00e0 l&rsquo;italienne et en assistant au spectacle DUB.<\/p>\n\n\n\n<p>Le\u00a0<strong>dub<\/strong>\u00a0est un\u00a0<a href=\"https:\/\/fr.wikipedia.org\/wiki\/Genre_musical\">genre musical<\/a>\u00a0issu du\u00a0<a href=\"https:\/\/fr.wikipedia.org\/wiki\/Reggae\">reggae<\/a>\u00a0<a href=\"https:\/\/fr.wikipedia.org\/wiki\/Jama%C3%AFque\">jama\u00efcain<\/a>, un\u00a0<a href=\"https:\/\/fr.wikipedia.org\/wiki\/Remix\">remixage<\/a>\u00a0r\u00e9alis\u00e9 en temps r\u00e9el \u00e0 partir de bandes magn\u00e9tiques par des ing\u00e9nieurs du son. Il est, \u00e0 l&rsquo;origine, un remixage radical qui met en avant le couple rythmique\u00a0<a href=\"https:\/\/fr.wikipedia.org\/wiki\/Guitare_basse\">basse<\/a>\u00a0et\u00a0<a href=\"https:\/\/fr.wikipedia.org\/wiki\/Batterie_(instrument)\">batterie<\/a>\u00a0et des effets de son. Invent\u00e9, d\u00e9velopp\u00e9 et perfectionn\u00e9 par l&rsquo;ing\u00e9nieur du son jama\u00efcain\u00a0<a href=\"https:\/\/fr.wikipedia.org\/wiki\/King_Tubby\">King Tubby<\/a>, il conna\u00eet son \u00e2ge d&rsquo;or dans les\u00a0<a href=\"https:\/\/fr.wikipedia.org\/wiki\/Ann%C3%A9es_1970\">ann\u00e9es 1970<\/a>. \u00c0 partir de 1985 appara\u00eet l&rsquo;utilisation massive d&rsquo;instruments \u00e9lectroniques, puis num\u00e9riques, en Jama\u00efque comme en Grande-Bretagne. D\u00e8s lors, le r\u00f4le de plus en plus important jou\u00e9 par les ing\u00e9nieurs du son dans la musique populaire rend floue la fronti\u00e8re entre dub et autres musiques du m\u00eame type. Diff\u00e9rents styles de musiques num\u00e9riques revendiquent n\u00e9anmoins l&rsquo;\u00e9tiquette dub.<\/p>\n\n\n\n<figure class=\"wp-block-gallery has-nested-images columns-default is-cropped wp-block-gallery-1 is-layout-flex wp-block-gallery-is-layout-flex\">\n<figure class=\"wp-block-image size-large\"><img data-recalc-dims=\"1\" loading=\"lazy\" decoding=\"async\" width=\"604\" height=\"273\" data-attachment-id=\"3866\" data-permalink=\"http:\/\/blogs.lyceecfadumene.fr\/tyanheol\/2025\/10\/24\/sortie-culturelle-a-la-scene-nationale-theatre-la-passerelle-de-saint-brieuc\/attachment\/1000003729\/\" data-orig-file=\"https:\/\/i0.wp.com\/blogs.lyceecfadumene.fr\/tyanheol\/files\/2025\/10\/1000003729-scaled.jpg?fit=2560%2C1155\" data-orig-size=\"2560,1155\" data-comments-opened=\"1\" data-image-meta=\"{&quot;aperture&quot;:&quot;1.65&quot;,&quot;credit&quot;:&quot;&quot;,&quot;camera&quot;:&quot;Redmi Note 13 Pro+ 5G&quot;,&quot;caption&quot;:&quot;&quot;,&quot;created_timestamp&quot;:&quot;1760639505&quot;,&quot;copyright&quot;:&quot;&quot;,&quot;focal_length&quot;:&quot;6.14&quot;,&quot;iso&quot;:&quot;2500&quot;,&quot;shutter_speed&quot;:&quot;0.07000344&quot;,&quot;title&quot;:&quot;&quot;,&quot;orientation&quot;:&quot;1&quot;}\" data-image-title=\"1000003729\" data-image-description=\"\" data-image-caption=\"\" data-large-file=\"https:\/\/i0.wp.com\/blogs.lyceecfadumene.fr\/tyanheol\/files\/2025\/10\/1000003729-scaled.jpg?fit=604%2C273\" data-id=\"3866\" src=\"https:\/\/i0.wp.com\/blogs.lyceecfadumene.fr\/tyanheol\/files\/2025\/10\/1000003729-1024x462.jpg?resize=604%2C273&#038;ssl=1\" alt=\"\" class=\"wp-image-3866\" srcset=\"https:\/\/i0.wp.com\/blogs.lyceecfadumene.fr\/tyanheol\/files\/2025\/10\/1000003729-scaled.jpg?resize=1024%2C462 1024w, https:\/\/i0.wp.com\/blogs.lyceecfadumene.fr\/tyanheol\/files\/2025\/10\/1000003729-scaled.jpg?resize=300%2C135 300w, https:\/\/i0.wp.com\/blogs.lyceecfadumene.fr\/tyanheol\/files\/2025\/10\/1000003729-scaled.jpg?resize=768%2C346 768w, https:\/\/i0.wp.com\/blogs.lyceecfadumene.fr\/tyanheol\/files\/2025\/10\/1000003729-scaled.jpg?resize=1536%2C693 1536w, https:\/\/i0.wp.com\/blogs.lyceecfadumene.fr\/tyanheol\/files\/2025\/10\/1000003729-scaled.jpg?resize=2048%2C924 2048w, https:\/\/i0.wp.com\/blogs.lyceecfadumene.fr\/tyanheol\/files\/2025\/10\/1000003729-scaled.jpg?w=1208 1208w, https:\/\/i0.wp.com\/blogs.lyceecfadumene.fr\/tyanheol\/files\/2025\/10\/1000003729-scaled.jpg?w=1812 1812w\" sizes=\"auto, (max-width: 604px) 100vw, 604px\" \/><\/figure>\n\n\n\n<figure class=\"wp-block-image size-large\"><img data-recalc-dims=\"1\" loading=\"lazy\" decoding=\"async\" width=\"604\" height=\"340\" data-attachment-id=\"3869\" data-permalink=\"http:\/\/blogs.lyceecfadumene.fr\/tyanheol\/2025\/10\/24\/sortie-culturelle-a-la-scene-nationale-theatre-la-passerelle-de-saint-brieuc\/attachment\/1000003724\/\" data-orig-file=\"https:\/\/i0.wp.com\/blogs.lyceecfadumene.fr\/tyanheol\/files\/2025\/10\/1000003724-scaled.jpg?fit=2560%2C1441\" data-orig-size=\"2560,1441\" data-comments-opened=\"1\" data-image-meta=\"{&quot;aperture&quot;:&quot;1.65&quot;,&quot;credit&quot;:&quot;&quot;,&quot;camera&quot;:&quot;Redmi Note 13 Pro+ 5G&quot;,&quot;caption&quot;:&quot;&quot;,&quot;created_timestamp&quot;:&quot;1760637919&quot;,&quot;copyright&quot;:&quot;&quot;,&quot;focal_length&quot;:&quot;6.14&quot;,&quot;iso&quot;:&quot;800&quot;,&quot;shutter_speed&quot;:&quot;0.019998576&quot;,&quot;title&quot;:&quot;&quot;,&quot;orientation&quot;:&quot;1&quot;}\" data-image-title=\"1000003724\" data-image-description=\"\" data-image-caption=\"\" data-large-file=\"https:\/\/i0.wp.com\/blogs.lyceecfadumene.fr\/tyanheol\/files\/2025\/10\/1000003724-scaled.jpg?fit=604%2C340\" data-id=\"3869\" src=\"https:\/\/i0.wp.com\/blogs.lyceecfadumene.fr\/tyanheol\/files\/2025\/10\/1000003724-1024x576.jpg?resize=604%2C340&#038;ssl=1\" alt=\"\" class=\"wp-image-3869\" srcset=\"https:\/\/i0.wp.com\/blogs.lyceecfadumene.fr\/tyanheol\/files\/2025\/10\/1000003724-scaled.jpg?resize=1024%2C576 1024w, https:\/\/i0.wp.com\/blogs.lyceecfadumene.fr\/tyanheol\/files\/2025\/10\/1000003724-scaled.jpg?resize=300%2C169 300w, https:\/\/i0.wp.com\/blogs.lyceecfadumene.fr\/tyanheol\/files\/2025\/10\/1000003724-scaled.jpg?resize=768%2C432 768w, https:\/\/i0.wp.com\/blogs.lyceecfadumene.fr\/tyanheol\/files\/2025\/10\/1000003724-scaled.jpg?resize=1536%2C864 1536w, https:\/\/i0.wp.com\/blogs.lyceecfadumene.fr\/tyanheol\/files\/2025\/10\/1000003724-scaled.jpg?resize=2048%2C1153 2048w, https:\/\/i0.wp.com\/blogs.lyceecfadumene.fr\/tyanheol\/files\/2025\/10\/1000003724-scaled.jpg?w=1208 1208w, https:\/\/i0.wp.com\/blogs.lyceecfadumene.fr\/tyanheol\/files\/2025\/10\/1000003724-scaled.jpg?w=1812 1812w\" sizes=\"auto, (max-width: 604px) 100vw, 604px\" \/><\/figure>\n\n\n\n<figure class=\"wp-block-image size-large\"><img data-recalc-dims=\"1\" loading=\"lazy\" decoding=\"async\" width=\"462\" height=\"1024\" data-attachment-id=\"3867\" data-permalink=\"http:\/\/blogs.lyceecfadumene.fr\/tyanheol\/2025\/10\/24\/sortie-culturelle-a-la-scene-nationale-theatre-la-passerelle-de-saint-brieuc\/attachment\/1000003727\/\" data-orig-file=\"https:\/\/i0.wp.com\/blogs.lyceecfadumene.fr\/tyanheol\/files\/2025\/10\/1000003727-scaled.jpg?fit=1155%2C2560\" data-orig-size=\"1155,2560\" data-comments-opened=\"1\" data-image-meta=\"{&quot;aperture&quot;:&quot;1.65&quot;,&quot;credit&quot;:&quot;&quot;,&quot;camera&quot;:&quot;Redmi Note 13 Pro+ 5G&quot;,&quot;caption&quot;:&quot;&quot;,&quot;created_timestamp&quot;:&quot;1760638071&quot;,&quot;copyright&quot;:&quot;&quot;,&quot;focal_length&quot;:&quot;6.14&quot;,&quot;iso&quot;:&quot;800&quot;,&quot;shutter_speed&quot;:&quot;0.030006288&quot;,&quot;title&quot;:&quot;&quot;,&quot;orientation&quot;:&quot;0&quot;}\" data-image-title=\"1000003727\" data-image-description=\"\" data-image-caption=\"\" data-large-file=\"https:\/\/i0.wp.com\/blogs.lyceecfadumene.fr\/tyanheol\/files\/2025\/10\/1000003727-scaled.jpg?fit=462%2C1024\" data-id=\"3867\" src=\"https:\/\/i0.wp.com\/blogs.lyceecfadumene.fr\/tyanheol\/files\/2025\/10\/1000003727-462x1024.jpg?resize=462%2C1024&#038;ssl=1\" alt=\"\" class=\"wp-image-3867\" srcset=\"https:\/\/i0.wp.com\/blogs.lyceecfadumene.fr\/tyanheol\/files\/2025\/10\/1000003727-scaled.jpg?resize=462%2C1024 462w, https:\/\/i0.wp.com\/blogs.lyceecfadumene.fr\/tyanheol\/files\/2025\/10\/1000003727-scaled.jpg?resize=135%2C300 135w, https:\/\/i0.wp.com\/blogs.lyceecfadumene.fr\/tyanheol\/files\/2025\/10\/1000003727-scaled.jpg?resize=768%2C1703 768w, https:\/\/i0.wp.com\/blogs.lyceecfadumene.fr\/tyanheol\/files\/2025\/10\/1000003727-scaled.jpg?resize=693%2C1536 693w, https:\/\/i0.wp.com\/blogs.lyceecfadumene.fr\/tyanheol\/files\/2025\/10\/1000003727-scaled.jpg?resize=924%2C2048 924w, https:\/\/i0.wp.com\/blogs.lyceecfadumene.fr\/tyanheol\/files\/2025\/10\/1000003727-scaled.jpg?w=1155 1155w\" sizes=\"auto, (max-width: 462px) 100vw, 462px\" \/><\/figure>\n\n\n\n<figure class=\"wp-block-image size-large\"><img data-recalc-dims=\"1\" loading=\"lazy\" decoding=\"async\" width=\"604\" height=\"273\" data-attachment-id=\"3868\" data-permalink=\"http:\/\/blogs.lyceecfadumene.fr\/tyanheol\/2025\/10\/24\/sortie-culturelle-a-la-scene-nationale-theatre-la-passerelle-de-saint-brieuc\/attachment\/1000003726\/\" data-orig-file=\"https:\/\/i0.wp.com\/blogs.lyceecfadumene.fr\/tyanheol\/files\/2025\/10\/1000003726-scaled.jpg?fit=2560%2C1155\" data-orig-size=\"2560,1155\" data-comments-opened=\"1\" data-image-meta=\"{&quot;aperture&quot;:&quot;1.65&quot;,&quot;credit&quot;:&quot;&quot;,&quot;camera&quot;:&quot;Redmi Note 13 Pro+ 5G&quot;,&quot;caption&quot;:&quot;&quot;,&quot;created_timestamp&quot;:&quot;1760638051&quot;,&quot;copyright&quot;:&quot;&quot;,&quot;focal_length&quot;:&quot;6.14&quot;,&quot;iso&quot;:&quot;1600&quot;,&quot;shutter_speed&quot;:&quot;0.04999644&quot;,&quot;title&quot;:&quot;&quot;,&quot;orientation&quot;:&quot;1&quot;}\" data-image-title=\"1000003726\" data-image-description=\"\" data-image-caption=\"\" data-large-file=\"https:\/\/i0.wp.com\/blogs.lyceecfadumene.fr\/tyanheol\/files\/2025\/10\/1000003726-scaled.jpg?fit=604%2C273\" data-id=\"3868\" src=\"https:\/\/i0.wp.com\/blogs.lyceecfadumene.fr\/tyanheol\/files\/2025\/10\/1000003726-1024x462.jpg?resize=604%2C273&#038;ssl=1\" alt=\"\" class=\"wp-image-3868\" srcset=\"https:\/\/i0.wp.com\/blogs.lyceecfadumene.fr\/tyanheol\/files\/2025\/10\/1000003726-scaled.jpg?resize=1024%2C462 1024w, https:\/\/i0.wp.com\/blogs.lyceecfadumene.fr\/tyanheol\/files\/2025\/10\/1000003726-scaled.jpg?resize=300%2C135 300w, https:\/\/i0.wp.com\/blogs.lyceecfadumene.fr\/tyanheol\/files\/2025\/10\/1000003726-scaled.jpg?resize=768%2C346 768w, https:\/\/i0.wp.com\/blogs.lyceecfadumene.fr\/tyanheol\/files\/2025\/10\/1000003726-scaled.jpg?resize=1536%2C693 1536w, https:\/\/i0.wp.com\/blogs.lyceecfadumene.fr\/tyanheol\/files\/2025\/10\/1000003726-scaled.jpg?resize=2048%2C924 2048w, https:\/\/i0.wp.com\/blogs.lyceecfadumene.fr\/tyanheol\/files\/2025\/10\/1000003726-scaled.jpg?w=1208 1208w, https:\/\/i0.wp.com\/blogs.lyceecfadumene.fr\/tyanheol\/files\/2025\/10\/1000003726-scaled.jpg?w=1812 1812w\" sizes=\"auto, (max-width: 604px) 100vw, 604px\" \/><\/figure>\n\n\n\n<figure class=\"wp-block-image size-large\"><img data-recalc-dims=\"1\" loading=\"lazy\" decoding=\"async\" width=\"604\" height=\"273\" data-attachment-id=\"3865\" data-permalink=\"http:\/\/blogs.lyceecfadumene.fr\/tyanheol\/2025\/10\/24\/sortie-culturelle-a-la-scene-nationale-theatre-la-passerelle-de-saint-brieuc\/attachment\/1000003728\/\" data-orig-file=\"https:\/\/i0.wp.com\/blogs.lyceecfadumene.fr\/tyanheol\/files\/2025\/10\/1000003728-scaled.jpg?fit=2560%2C1155\" data-orig-size=\"2560,1155\" data-comments-opened=\"1\" data-image-meta=\"{&quot;aperture&quot;:&quot;2.2&quot;,&quot;credit&quot;:&quot;&quot;,&quot;camera&quot;:&quot;Redmi Note 13 Pro+ 5G&quot;,&quot;caption&quot;:&quot;&quot;,&quot;created_timestamp&quot;:&quot;1760638217&quot;,&quot;copyright&quot;:&quot;&quot;,&quot;focal_length&quot;:&quot;1.65&quot;,&quot;iso&quot;:&quot;640&quot;,&quot;shutter_speed&quot;:&quot;0.039991968&quot;,&quot;title&quot;:&quot;&quot;,&quot;orientation&quot;:&quot;1&quot;}\" data-image-title=\"1000003728\" data-image-description=\"\" data-image-caption=\"\" data-large-file=\"https:\/\/i0.wp.com\/blogs.lyceecfadumene.fr\/tyanheol\/files\/2025\/10\/1000003728-scaled.jpg?fit=604%2C273\" data-id=\"3865\" src=\"https:\/\/i0.wp.com\/blogs.lyceecfadumene.fr\/tyanheol\/files\/2025\/10\/1000003728-1024x462.jpg?resize=604%2C273&#038;ssl=1\" alt=\"\" class=\"wp-image-3865\" srcset=\"https:\/\/i0.wp.com\/blogs.lyceecfadumene.fr\/tyanheol\/files\/2025\/10\/1000003728-scaled.jpg?resize=1024%2C462 1024w, https:\/\/i0.wp.com\/blogs.lyceecfadumene.fr\/tyanheol\/files\/2025\/10\/1000003728-scaled.jpg?resize=300%2C135 300w, https:\/\/i0.wp.com\/blogs.lyceecfadumene.fr\/tyanheol\/files\/2025\/10\/1000003728-scaled.jpg?resize=768%2C346 768w, https:\/\/i0.wp.com\/blogs.lyceecfadumene.fr\/tyanheol\/files\/2025\/10\/1000003728-scaled.jpg?resize=1536%2C693 1536w, https:\/\/i0.wp.com\/blogs.lyceecfadumene.fr\/tyanheol\/files\/2025\/10\/1000003728-scaled.jpg?resize=2048%2C924 2048w, https:\/\/i0.wp.com\/blogs.lyceecfadumene.fr\/tyanheol\/files\/2025\/10\/1000003728-scaled.jpg?w=1208 1208w, https:\/\/i0.wp.com\/blogs.lyceecfadumene.fr\/tyanheol\/files\/2025\/10\/1000003728-scaled.jpg?w=1812 1812w\" sizes=\"auto, (max-width: 604px) 100vw, 604px\" \/><\/figure>\n<\/figure>\n","protected":false},"excerpt":{"rendered":"<p>Les \u00e9l\u00e8ves de Terminale Vente en Animalerie et Vente en Jardinerie, dans le cadre de leurs cours d&rsquo;\u00c9ducation Socioculturelle, ont renforc\u00e9 leurs comp\u00e9tences artistiques \u00e9valu\u00e9es au baccalaur\u00e9at, en visitant le th\u00e9\u00e2tre \u00e0 l&rsquo;italienne et en assistant au spectacle DUB. Le\u00a0dub\u00a0est un\u00a0genre musical\u00a0issu du\u00a0reggae\u00a0jama\u00efcain, un\u00a0remixage\u00a0r\u00e9alis\u00e9 en temps r\u00e9el \u00e0 partir de bandes magn\u00e9tiques par des ing\u00e9nieurs &hellip; <a href=\"http:\/\/blogs.lyceecfadumene.fr\/tyanheol\/2025\/10\/24\/sortie-culturelle-a-la-scene-nationale-theatre-la-passerelle-de-saint-brieuc\/\" class=\"more-link\">Continuer la lecture de <span class=\"screen-reader-text\">Sortie culturelle \u00e0 la Sc\u00e8ne Nationale, th\u00e9\u00e2tre \u00ab\u00a0La Passerelle\u00a0\u00bb de Saint-Brieuc<\/span> <span class=\"meta-nav\">&rarr;<\/span><\/a><\/p>\n","protected":false},"author":97,"featured_media":0,"comment_status":"open","ping_status":"open","sticky":false,"template":"","format":"standard","meta":{"_jetpack_memberships_contains_paid_content":false,"footnotes":"","jetpack_publicize_message":"","jetpack_publicize_feature_enabled":true,"jetpack_social_post_already_shared":true,"jetpack_social_options":{"image_generator_settings":{"template":"highway","default_image_id":0,"font":"","enabled":false},"version":2}},"categories":[1],"tags":[9190,25464,4,6,3645],"class_list":["post-3864","post","type-post","status-publish","format-standard","hentry","category-non-classe","tag-activites","tag-education-socioculturelle","tag-lycee","tag-merdrignac","tag-sortie"],"aioseo_notices":[],"jetpack_publicize_connections":[],"jetpack_featured_media_url":"","jetpack_shortlink":"https:\/\/wp.me\/p1SrOO-10k","jetpack_sharing_enabled":true,"_links":{"self":[{"href":"http:\/\/blogs.lyceecfadumene.fr\/tyanheol\/wp-json\/wp\/v2\/posts\/3864","targetHints":{"allow":["GET"]}}],"collection":[{"href":"http:\/\/blogs.lyceecfadumene.fr\/tyanheol\/wp-json\/wp\/v2\/posts"}],"about":[{"href":"http:\/\/blogs.lyceecfadumene.fr\/tyanheol\/wp-json\/wp\/v2\/types\/post"}],"author":[{"embeddable":true,"href":"http:\/\/blogs.lyceecfadumene.fr\/tyanheol\/wp-json\/wp\/v2\/users\/97"}],"replies":[{"embeddable":true,"href":"http:\/\/blogs.lyceecfadumene.fr\/tyanheol\/wp-json\/wp\/v2\/comments?post=3864"}],"version-history":[{"count":1,"href":"http:\/\/blogs.lyceecfadumene.fr\/tyanheol\/wp-json\/wp\/v2\/posts\/3864\/revisions"}],"predecessor-version":[{"id":3870,"href":"http:\/\/blogs.lyceecfadumene.fr\/tyanheol\/wp-json\/wp\/v2\/posts\/3864\/revisions\/3870"}],"wp:attachment":[{"href":"http:\/\/blogs.lyceecfadumene.fr\/tyanheol\/wp-json\/wp\/v2\/media?parent=3864"}],"wp:term":[{"taxonomy":"category","embeddable":true,"href":"http:\/\/blogs.lyceecfadumene.fr\/tyanheol\/wp-json\/wp\/v2\/categories?post=3864"},{"taxonomy":"post_tag","embeddable":true,"href":"http:\/\/blogs.lyceecfadumene.fr\/tyanheol\/wp-json\/wp\/v2\/tags?post=3864"}],"curies":[{"name":"wp","href":"https:\/\/api.w.org\/{rel}","templated":true}]}}