{"id":3760,"date":"2025-03-22T10:05:53","date_gmt":"2025-03-22T08:05:53","guid":{"rendered":"https:\/\/blogs.lyceecfadumene.fr\/tyanheol\/?p=3760"},"modified":"2025-03-22T10:05:54","modified_gmt":"2025-03-22T08:05:54","slug":"cest-la-semaine-du-jardinage-a-lecole","status":"publish","type":"post","link":"http:\/\/blogs.lyceecfadumene.fr\/tyanheol\/2025\/03\/22\/cest-la-semaine-du-jardinage-a-lecole\/","title":{"rendered":"C&rsquo;est la Semaine du Jardinage \u00e0 l&rsquo;\u00e9cole"},"content":{"rendered":"\n<figure class=\"wp-block-embed is-type-video is-provider-youtube wp-block-embed-youtube wp-embed-aspect-16-9 wp-has-aspect-ratio\"><div class=\"wp-block-embed__wrapper\">\n<span class=\"embed-youtube\" style=\"text-align:center; display: block;\"><iframe loading=\"lazy\" class=\"youtube-player\" width=\"604\" height=\"340\" src=\"https:\/\/www.youtube.com\/embed\/VngFCNcJ2I4?version=3&#038;rel=1&#038;showsearch=0&#038;showinfo=1&#038;iv_load_policy=1&#038;fs=1&#038;hl=fr-FR&#038;autohide=2&#038;wmode=transparent\" allowfullscreen=\"true\" style=\"border:0;\" sandbox=\"allow-scripts allow-same-origin allow-popups allow-presentation allow-popups-to-escape-sandbox\"><\/iframe><\/span>\n<\/div><\/figure>\n\n\n\n<p>La 26<sup>e<\/sup>\u00a0\u00e9dition de la Semaine du Jardinage pour les \u00e9coles s&rsquo;est d\u00e9roul\u00e9e du 17 au 22 mars, avec pour th\u00e8me \u00ab\u00a0<strong>L\u2019\u00e9veil des 5 sens<\/strong>\u00a0\u00bb. Plus de 550 jardineries et p\u00e9pini\u00e9ristes ont re\u00e7u des classes d\u2019\u00e9coles primaires et maternelles pour des ateliers p\u00e9dagogiques gratuits autour des semis et des plantations. L\u2019occasion pour les enfants d\u2019observer, de manipuler, sentir, \u00e9couter et m\u00eame go\u00fbter, tout en apprenant \u00e0 jardiner et \u00e0 d\u00e9velopper une conscience \u00e9cologique.<\/p>\n\n\n\n<p>Pr\u00e8s de 50\u00a0000 enfants en ont profit\u00e9. Une initiative port\u00e9e par SEMAE, en partenariat avec VALHOR et la F\u00e9d\u00e9ration des Jardineries et Animaleries de France.<\/p>\n\n\n\n<figure class=\"wp-block-image size-large\"><img data-recalc-dims=\"1\" loading=\"lazy\" decoding=\"async\" width=\"604\" height=\"846\" data-attachment-id=\"3762\" data-permalink=\"http:\/\/blogs.lyceecfadumene.fr\/tyanheol\/2025\/03\/22\/cest-la-semaine-du-jardinage-a-lecole\/attachment\/1000001025\/\" data-orig-file=\"https:\/\/i0.wp.com\/blogs.lyceecfadumene.fr\/tyanheol\/files\/2025\/03\/1000001025.jpg?fit=813%2C1139\" data-orig-size=\"813,1139\" data-comments-opened=\"1\" data-image-meta=\"{&quot;aperture&quot;:&quot;0&quot;,&quot;credit&quot;:&quot;&quot;,&quot;camera&quot;:&quot;&quot;,&quot;caption&quot;:&quot;&quot;,&quot;created_timestamp&quot;:&quot;0&quot;,&quot;copyright&quot;:&quot;&quot;,&quot;focal_length&quot;:&quot;0&quot;,&quot;iso&quot;:&quot;0&quot;,&quot;shutter_speed&quot;:&quot;0&quot;,&quot;title&quot;:&quot;&quot;,&quot;orientation&quot;:&quot;1&quot;}\" data-image-title=\"1000001025\" data-image-description=\"\" data-image-caption=\"\" data-large-file=\"https:\/\/i0.wp.com\/blogs.lyceecfadumene.fr\/tyanheol\/files\/2025\/03\/1000001025.jpg?fit=604%2C846\" src=\"https:\/\/i0.wp.com\/blogs.lyceecfadumene.fr\/tyanheol\/files\/2025\/03\/1000001025-731x1024.jpg?resize=604%2C846&#038;ssl=1\" alt=\"\" class=\"wp-image-3762\" srcset=\"https:\/\/i0.wp.com\/blogs.lyceecfadumene.fr\/tyanheol\/files\/2025\/03\/1000001025.jpg?resize=731%2C1024 731w, https:\/\/i0.wp.com\/blogs.lyceecfadumene.fr\/tyanheol\/files\/2025\/03\/1000001025.jpg?resize=214%2C300 214w, https:\/\/i0.wp.com\/blogs.lyceecfadumene.fr\/tyanheol\/files\/2025\/03\/1000001025.jpg?resize=768%2C1076 768w, https:\/\/i0.wp.com\/blogs.lyceecfadumene.fr\/tyanheol\/files\/2025\/03\/1000001025.jpg?w=813 813w\" sizes=\"auto, (max-width: 604px) 100vw, 604px\" \/><\/figure>\n","protected":false},"excerpt":{"rendered":"<p>La 26e\u00a0\u00e9dition de la Semaine du Jardinage pour les \u00e9coles s&rsquo;est d\u00e9roul\u00e9e du 17 au 22 mars, avec pour th\u00e8me \u00ab\u00a0L\u2019\u00e9veil des 5 sens\u00a0\u00bb. Plus de 550 jardineries et p\u00e9pini\u00e9ristes ont re\u00e7u des classes d\u2019\u00e9coles primaires et maternelles pour des ateliers p\u00e9dagogiques gratuits autour des semis et des plantations. L\u2019occasion pour les enfants d\u2019observer, de &hellip; <a href=\"http:\/\/blogs.lyceecfadumene.fr\/tyanheol\/2025\/03\/22\/cest-la-semaine-du-jardinage-a-lecole\/\" class=\"more-link\">Continuer la lecture de <span class=\"screen-reader-text\">C&rsquo;est la Semaine du Jardinage \u00e0 l&rsquo;\u00e9cole<\/span> <span class=\"meta-nav\">&rarr;<\/span><\/a><\/p>\n","protected":false},"author":97,"featured_media":0,"comment_status":"open","ping_status":"open","sticky":false,"template":"","format":"standard","meta":{"_jetpack_memberships_contains_paid_content":false,"footnotes":"","jetpack_publicize_message":"Semaine du Jardinage \u00e0 l'\u00e9cole, anim\u00e9e par les \u00e9l\u00e8ves de 1\u00e8re bac pro Conseil Vente en Univers Jardin du Campus de Merdrignac","jetpack_publicize_feature_enabled":true,"jetpack_social_post_already_shared":false,"jetpack_social_options":{"image_generator_settings":{"template":"highway","enabled":false},"version":2}},"categories":[1],"tags":[9190,25464,4,6,3645,25463],"class_list":["post-3760","post","type-post","status-publish","format-standard","hentry","category-non-classe","tag-activites","tag-education-socioculturelle","tag-lycee","tag-merdrignac","tag-sortie","tag-sorties"],"aioseo_notices":[],"jetpack_publicize_connections":[],"jetpack_featured_media_url":"","jetpack_shortlink":"https:\/\/wp.me\/p1SrOO-YE","jetpack_sharing_enabled":true,"_links":{"self":[{"href":"http:\/\/blogs.lyceecfadumene.fr\/tyanheol\/wp-json\/wp\/v2\/posts\/3760","targetHints":{"allow":["GET"]}}],"collection":[{"href":"http:\/\/blogs.lyceecfadumene.fr\/tyanheol\/wp-json\/wp\/v2\/posts"}],"about":[{"href":"http:\/\/blogs.lyceecfadumene.fr\/tyanheol\/wp-json\/wp\/v2\/types\/post"}],"author":[{"embeddable":true,"href":"http:\/\/blogs.lyceecfadumene.fr\/tyanheol\/wp-json\/wp\/v2\/users\/97"}],"replies":[{"embeddable":true,"href":"http:\/\/blogs.lyceecfadumene.fr\/tyanheol\/wp-json\/wp\/v2\/comments?post=3760"}],"version-history":[{"count":2,"href":"http:\/\/blogs.lyceecfadumene.fr\/tyanheol\/wp-json\/wp\/v2\/posts\/3760\/revisions"}],"predecessor-version":[{"id":3763,"href":"http:\/\/blogs.lyceecfadumene.fr\/tyanheol\/wp-json\/wp\/v2\/posts\/3760\/revisions\/3763"}],"wp:attachment":[{"href":"http:\/\/blogs.lyceecfadumene.fr\/tyanheol\/wp-json\/wp\/v2\/media?parent=3760"}],"wp:term":[{"taxonomy":"category","embeddable":true,"href":"http:\/\/blogs.lyceecfadumene.fr\/tyanheol\/wp-json\/wp\/v2\/categories?post=3760"},{"taxonomy":"post_tag","embeddable":true,"href":"http:\/\/blogs.lyceecfadumene.fr\/tyanheol\/wp-json\/wp\/v2\/tags?post=3760"}],"curies":[{"name":"wp","href":"https:\/\/api.w.org\/{rel}","templated":true}]}}