{"id":355,"date":"2013-09-25T16:00:03","date_gmt":"2013-09-25T14:00:03","guid":{"rendered":"http:\/\/blogs.lyceecfadumene.fr\/tyanheol\/?p=355"},"modified":"2013-09-27T13:43:39","modified_gmt":"2013-09-27T11:43:39","slug":"alligator-bay","status":"publish","type":"post","link":"http:\/\/blogs.lyceecfadumene.fr\/tyanheol\/2013\/09\/25\/alligator-bay\/","title":{"rendered":"Alligator Bay"},"content":{"rendered":"<p>A quelques kilom\u00e8tres du Mont Saint Michel se trouve un parc animalier un petit peu particulier, un parc sp\u00e9cialis\u00e9 dans les reptiles, les tortues et les crocodiles. Voici quelques photos de notre visite le mercredi 18 septembre 2013.<\/p>\n<p><img loading=\"lazy\" decoding=\"async\" class=\"ngg_displayed_gallery mceItem\" alt=\"\" src=\"https:\/\/blogs.lyceecfadumene.fr\/tyanheol\/nextgen-attach_to_post\/preview\/id--394\" width=\"314\" height=\"240\" \/><\/p>\n","protected":false},"excerpt":{"rendered":"<p>A quelques kilom\u00e8tres du Mont Saint Michel se trouve un parc animalier un petit peu particulier, un parc sp\u00e9cialis\u00e9 dans les reptiles, les tortues et les crocodiles. Voici quelques photos de notre visite le mercredi 18 septembre 2013.<\/p>\n","protected":false},"author":87,"featured_media":0,"comment_status":"open","ping_status":"open","sticky":false,"template":"","format":"standard","meta":{"_jetpack_memberships_contains_paid_content":false,"footnotes":"","jetpack_publicize_message":"","jetpack_publicize_feature_enabled":true,"jetpack_social_post_already_shared":true,"jetpack_social_options":{"image_generator_settings":{"template":"highway","default_image_id":0,"font":"","enabled":false},"version":2}},"categories":[9177],"tags":[9192],"class_list":["post-355","post","type-post","status-publish","format-standard","hentry","category-sorties","tag-alligator-bay"],"aioseo_notices":[],"jetpack_publicize_connections":[],"jetpack_featured_media_url":"","jetpack_shortlink":"https:\/\/wp.me\/p1SrOO-5J","jetpack_sharing_enabled":true,"_links":{"self":[{"href":"http:\/\/blogs.lyceecfadumene.fr\/tyanheol\/wp-json\/wp\/v2\/posts\/355","targetHints":{"allow":["GET"]}}],"collection":[{"href":"http:\/\/blogs.lyceecfadumene.fr\/tyanheol\/wp-json\/wp\/v2\/posts"}],"about":[{"href":"http:\/\/blogs.lyceecfadumene.fr\/tyanheol\/wp-json\/wp\/v2\/types\/post"}],"author":[{"embeddable":true,"href":"http:\/\/blogs.lyceecfadumene.fr\/tyanheol\/wp-json\/wp\/v2\/users\/87"}],"replies":[{"embeddable":true,"href":"http:\/\/blogs.lyceecfadumene.fr\/tyanheol\/wp-json\/wp\/v2\/comments?post=355"}],"version-history":[{"count":0,"href":"http:\/\/blogs.lyceecfadumene.fr\/tyanheol\/wp-json\/wp\/v2\/posts\/355\/revisions"}],"wp:attachment":[{"href":"http:\/\/blogs.lyceecfadumene.fr\/tyanheol\/wp-json\/wp\/v2\/media?parent=355"}],"wp:term":[{"taxonomy":"category","embeddable":true,"href":"http:\/\/blogs.lyceecfadumene.fr\/tyanheol\/wp-json\/wp\/v2\/categories?post=355"},{"taxonomy":"post_tag","embeddable":true,"href":"http:\/\/blogs.lyceecfadumene.fr\/tyanheol\/wp-json\/wp\/v2\/tags?post=355"}],"curies":[{"name":"wp","href":"https:\/\/api.w.org\/{rel}","templated":true}]}}