{"id":3407,"date":"2023-03-26T11:21:08","date_gmt":"2023-03-26T09:21:08","guid":{"rendered":"https:\/\/blogs.lyceecfadumene.fr\/tyanheol\/?p=3407"},"modified":"2024-03-11T15:33:31","modified_gmt":"2024-03-11T13:33:31","slug":"lactualite-du-campus","status":"publish","type":"post","link":"http:\/\/blogs.lyceecfadumene.fr\/tyanheol\/2023\/03\/26\/lactualite-du-campus\/","title":{"rendered":"L&rsquo;actualit\u00e9 du campus"},"content":{"rendered":"\n<p>Dorine et Christel, vous pr\u00e9sente l&rsquo;actualit\u00e9 du campus de Merdrignac, pour les semaines du 20 au 30 mars avec l&rsquo;aide de Ma\u00e9va et Manon pour le montage de ce podcast.<\/p>\n\n\n\n<p>Nous vous souhaitons une bonne \u00e9coute \ud83d\ude42 !<\/p>\n\n\n\n<figure class=\"wp-block-image size-full\"><img data-recalc-dims=\"1\" loading=\"lazy\" decoding=\"async\" width=\"604\" height=\"403\" data-attachment-id=\"3408\" data-permalink=\"http:\/\/blogs.lyceecfadumene.fr\/tyanheol\/2023\/03\/26\/lactualite-du-campus\/affiche-actualite-eil\/\" data-orig-file=\"https:\/\/i0.wp.com\/blogs.lyceecfadumene.fr\/tyanheol\/files\/2023\/03\/Affiche-actualite-EIL.png?fit=900%2C600\" data-orig-size=\"900,600\" data-comments-opened=\"1\" data-image-meta=\"{&quot;aperture&quot;:&quot;0&quot;,&quot;credit&quot;:&quot;&quot;,&quot;camera&quot;:&quot;&quot;,&quot;caption&quot;:&quot;&quot;,&quot;created_timestamp&quot;:&quot;0&quot;,&quot;copyright&quot;:&quot;&quot;,&quot;focal_length&quot;:&quot;0&quot;,&quot;iso&quot;:&quot;0&quot;,&quot;shutter_speed&quot;:&quot;0&quot;,&quot;title&quot;:&quot;&quot;,&quot;orientation&quot;:&quot;0&quot;}\" data-image-title=\"Affiche-actualite-EIL\" data-image-description=\"\" data-image-caption=\"\" data-large-file=\"https:\/\/i0.wp.com\/blogs.lyceecfadumene.fr\/tyanheol\/files\/2023\/03\/Affiche-actualite-EIL.png?fit=604%2C403\" src=\"https:\/\/i0.wp.com\/blogs.lyceecfadumene.fr\/tyanheol\/files\/2023\/03\/Affiche-actualite-EIL.png?resize=604%2C403&#038;ssl=1\" alt=\"\" class=\"wp-image-3408\" srcset=\"https:\/\/i0.wp.com\/blogs.lyceecfadumene.fr\/tyanheol\/files\/2023\/03\/Affiche-actualite-EIL.png?w=900 900w, https:\/\/i0.wp.com\/blogs.lyceecfadumene.fr\/tyanheol\/files\/2023\/03\/Affiche-actualite-EIL.png?resize=300%2C200 300w, https:\/\/i0.wp.com\/blogs.lyceecfadumene.fr\/tyanheol\/files\/2023\/03\/Affiche-actualite-EIL.png?resize=768%2C512 768w\" sizes=\"auto, (max-width: 604px) 100vw, 604px\" \/><\/figure>\n\n\n\n<figure class=\"wp-block-audio\"><audio controls src=\"https:\/\/blogs.lyceecfadumene.fr\/tyanheol\/files\/2023\/03\/Actu-campus-final.mp3\"><\/audio><\/figure>\n\n\n\n<p>A bient\u00f4t ! <img data-recalc-dims=\"1\" loading=\"lazy\" decoding=\"async\" width=\"604\" height=\"604\" data-attachment-id=\"3409\" data-permalink=\"http:\/\/blogs.lyceecfadumene.fr\/tyanheol\/2023\/03\/26\/lactualite-du-campus\/image-2\/\" data-orig-file=\"https:\/\/i0.wp.com\/blogs.lyceecfadumene.fr\/tyanheol\/files\/2023\/03\/image.png?fit=612%2C612\" data-orig-size=\"612,612\" data-comments-opened=\"1\" data-image-meta=\"{&quot;aperture&quot;:&quot;0&quot;,&quot;credit&quot;:&quot;&quot;,&quot;camera&quot;:&quot;&quot;,&quot;caption&quot;:&quot;&quot;,&quot;created_timestamp&quot;:&quot;0&quot;,&quot;copyright&quot;:&quot;&quot;,&quot;focal_length&quot;:&quot;0&quot;,&quot;iso&quot;:&quot;0&quot;,&quot;shutter_speed&quot;:&quot;0&quot;,&quot;title&quot;:&quot;&quot;,&quot;orientation&quot;:&quot;0&quot;}\" data-image-title=\"image\" data-image-description=\"\" data-image-caption=\"\" data-large-file=\"https:\/\/i0.wp.com\/blogs.lyceecfadumene.fr\/tyanheol\/files\/2023\/03\/image.png?fit=604%2C604\" class=\"wp-image-3409\" style=\"width: 50px\" src=\"https:\/\/i0.wp.com\/blogs.lyceecfadumene.fr\/tyanheol\/files\/2023\/03\/image.png?resize=604%2C604\" alt=\"\" srcset=\"https:\/\/i0.wp.com\/blogs.lyceecfadumene.fr\/tyanheol\/files\/2023\/03\/image.png?w=612 612w, https:\/\/i0.wp.com\/blogs.lyceecfadumene.fr\/tyanheol\/files\/2023\/03\/image.png?resize=300%2C300 300w, https:\/\/i0.wp.com\/blogs.lyceecfadumene.fr\/tyanheol\/files\/2023\/03\/image.png?resize=150%2C150 150w\" sizes=\"auto, (max-width: 604px) 100vw, 604px\" \/><\/p>\n","protected":false},"excerpt":{"rendered":"<p>Dorine et Christel, vous pr\u00e9sente l&rsquo;actualit\u00e9 du campus de Merdrignac, pour les semaines du 20 au 30 mars avec l&rsquo;aide de Ma\u00e9va et Manon pour le montage de ce podcast. Nous vous souhaitons une bonne \u00e9coute \ud83d\ude42 ! A bient\u00f4t !<\/p>\n","protected":false},"author":43,"featured_media":0,"comment_status":"open","ping_status":"open","sticky":false,"template":"","format":"standard","meta":{"_jetpack_memberships_contains_paid_content":false,"footnotes":"","jetpack_publicize_message":"","jetpack_publicize_feature_enabled":true,"jetpack_social_post_already_shared":true,"jetpack_social_options":{"image_generator_settings":{"template":"highway","default_image_id":0,"font":"","enabled":false},"version":2}},"categories":[1,29435],"tags":[29447,26416,6],"class_list":["post-3407","post","type-post","status-publish","format-standard","hentry","category-non-classe","category-radio2","tag-campus","tag-information","tag-merdrignac"],"aioseo_notices":[],"jetpack_publicize_connections":[],"jetpack_featured_media_url":"","jetpack_shortlink":"https:\/\/wp.me\/p1SrOO-SX","jetpack_sharing_enabled":true,"_links":{"self":[{"href":"http:\/\/blogs.lyceecfadumene.fr\/tyanheol\/wp-json\/wp\/v2\/posts\/3407","targetHints":{"allow":["GET"]}}],"collection":[{"href":"http:\/\/blogs.lyceecfadumene.fr\/tyanheol\/wp-json\/wp\/v2\/posts"}],"about":[{"href":"http:\/\/blogs.lyceecfadumene.fr\/tyanheol\/wp-json\/wp\/v2\/types\/post"}],"author":[{"embeddable":true,"href":"http:\/\/blogs.lyceecfadumene.fr\/tyanheol\/wp-json\/wp\/v2\/users\/43"}],"replies":[{"embeddable":true,"href":"http:\/\/blogs.lyceecfadumene.fr\/tyanheol\/wp-json\/wp\/v2\/comments?post=3407"}],"version-history":[{"count":3,"href":"http:\/\/blogs.lyceecfadumene.fr\/tyanheol\/wp-json\/wp\/v2\/posts\/3407\/revisions"}],"predecessor-version":[{"id":3415,"href":"http:\/\/blogs.lyceecfadumene.fr\/tyanheol\/wp-json\/wp\/v2\/posts\/3407\/revisions\/3415"}],"wp:attachment":[{"href":"http:\/\/blogs.lyceecfadumene.fr\/tyanheol\/wp-json\/wp\/v2\/media?parent=3407"}],"wp:term":[{"taxonomy":"category","embeddable":true,"href":"http:\/\/blogs.lyceecfadumene.fr\/tyanheol\/wp-json\/wp\/v2\/categories?post=3407"},{"taxonomy":"post_tag","embeddable":true,"href":"http:\/\/blogs.lyceecfadumene.fr\/tyanheol\/wp-json\/wp\/v2\/tags?post=3407"}],"curies":[{"name":"wp","href":"https:\/\/api.w.org\/{rel}","templated":true}]}}