{"id":33,"date":"2010-01-19T15:23:15","date_gmt":"2010-01-19T13:23:15","guid":{"rendered":"http:\/\/blogs.lyceecfadumene.fr\/2ndeprovente2009\/?p=33"},"modified":"2013-12-03T17:42:24","modified_gmt":"2013-12-03T15:42:24","slug":"saint-lyphard","status":"publish","type":"post","link":"http:\/\/blogs.lyceecfadumene.fr\/tyanheol\/2010\/01\/19\/saint-lyphard\/","title":{"rendered":"Saint Lyphard"},"content":{"rendered":"<p style=\"margin-bottom: 0cm\">\n<p style=\"margin-bottom: 0cm;text-decoration: none;text-align: center\"><span style=\"color: #000000\"><span style=\"font-size: medium\"><span style=\"text-decoration: underline\"><strong>Premi\u00e8re visite<\/strong><\/span> : \u00e9glise rose \u00e0 10h30.<\/span><\/span><\/p>\n<p style=\"margin-bottom: 0cm;text-decoration: none;text-align: center\"><span style=\"color: #000000\"><span style=\"font-size: medium\">Il faut d\u00e9j\u00e0 monter 135 marches, une petite partie des escaliers en colima\u00e7on puis des \u00e9chelles de meunier . <\/span><\/span><\/p>\n<p style=\"margin-bottom: 0cm;text-decoration: none;text-align: center\"><span style=\"color: #000000\"><span style=\"font-size: medium\">Apr\u00e8s les marches en colima\u00e7on il y avait une petite exposition avec des vieux outils des m\u00e9tiers d&rsquo;autrefois , les photos d&rsquo;autrefois , la tourbe de Bri\u00e8re et sans oublier un coq . Puis c&rsquo;est reparti pour la monter du clocher avec les \u00e9chelles de meunier. Du haut du clocher on peut voir les toits de chaume de Saint Lyphard , le pont de St Nazaire , la coll\u00e9giale de Gu\u00e9rande et tout le marais de Bri\u00e8re .<\/span><\/span><\/p>\n<p style=\"margin-bottom: 0cm;text-decoration: none;text-align: center\"><span style=\"color: #000000\"><br \/>\n<\/span><\/p>\n<p style=\"margin-bottom: 0cm;text-decoration: none;text-align: center\"><span style=\"color: #000000\"><br \/>\n<\/span><\/p>\n<p style=\"margin-bottom: 0cm;text-decoration: none;text-align: center\"><span style=\"color: #000000\"><span style=\"font-family: Albany,Arial,sans-serif\"><span style=\"font-size: medium\">Adeline <\/span><\/span><\/span><\/p>\n","protected":false},"excerpt":{"rendered":"<p>Premi\u00e8re visite : \u00e9glise rose \u00e0 10h30. Il faut d\u00e9j\u00e0 monter 135 marches, une petite partie des escaliers en colima\u00e7on puis des \u00e9chelles de meunier . Apr\u00e8s les marches en colima\u00e7on il y avait une petite exposition avec des vieux outils des m\u00e9tiers d&rsquo;autrefois , les photos d&rsquo;autrefois , la tourbe de Bri\u00e8re et sans &hellip; <a href=\"http:\/\/blogs.lyceecfadumene.fr\/tyanheol\/2010\/01\/19\/saint-lyphard\/\" class=\"more-link\">Continuer la lecture de <span class=\"screen-reader-text\">Saint Lyphard<\/span> <span class=\"meta-nav\">&rarr;<\/span><\/a><\/p>\n","protected":false},"author":1,"featured_media":0,"comment_status":"open","ping_status":"open","sticky":false,"template":"","format":"standard","meta":{"_jetpack_memberships_contains_paid_content":false,"footnotes":"","jetpack_publicize_message":"","jetpack_publicize_feature_enabled":true,"jetpack_social_post_already_shared":true,"jetpack_social_options":{"image_generator_settings":{"template":"highway","default_image_id":0,"font":"","enabled":false},"version":2}},"categories":[104],"tags":[7959],"class_list":["post-33","post","type-post","status-publish","format-standard","hentry","category-voyage","tag-guerande"],"aioseo_notices":[],"jetpack_publicize_connections":[],"jetpack_featured_media_url":"","jetpack_shortlink":"https:\/\/wp.me\/p1SrOO-x","jetpack_sharing_enabled":true,"_links":{"self":[{"href":"http:\/\/blogs.lyceecfadumene.fr\/tyanheol\/wp-json\/wp\/v2\/posts\/33","targetHints":{"allow":["GET"]}}],"collection":[{"href":"http:\/\/blogs.lyceecfadumene.fr\/tyanheol\/wp-json\/wp\/v2\/posts"}],"about":[{"href":"http:\/\/blogs.lyceecfadumene.fr\/tyanheol\/wp-json\/wp\/v2\/types\/post"}],"author":[{"embeddable":true,"href":"http:\/\/blogs.lyceecfadumene.fr\/tyanheol\/wp-json\/wp\/v2\/users\/1"}],"replies":[{"embeddable":true,"href":"http:\/\/blogs.lyceecfadumene.fr\/tyanheol\/wp-json\/wp\/v2\/comments?post=33"}],"version-history":[{"count":0,"href":"http:\/\/blogs.lyceecfadumene.fr\/tyanheol\/wp-json\/wp\/v2\/posts\/33\/revisions"}],"wp:attachment":[{"href":"http:\/\/blogs.lyceecfadumene.fr\/tyanheol\/wp-json\/wp\/v2\/media?parent=33"}],"wp:term":[{"taxonomy":"category","embeddable":true,"href":"http:\/\/blogs.lyceecfadumene.fr\/tyanheol\/wp-json\/wp\/v2\/categories?post=33"},{"taxonomy":"post_tag","embeddable":true,"href":"http:\/\/blogs.lyceecfadumene.fr\/tyanheol\/wp-json\/wp\/v2\/tags?post=33"}],"curies":[{"name":"wp","href":"https:\/\/api.w.org\/{rel}","templated":true}]}}