{"id":292,"date":"2013-09-13T13:53:21","date_gmt":"2013-09-13T11:53:21","guid":{"rendered":"http:\/\/blogs.lyceecfadumene.fr\/tyanheol\/?p=292"},"modified":"2013-11-25T15:27:35","modified_gmt":"2013-11-25T13:27:35","slug":"et-voici-quelques-photos-des-journees-dintegration-et-daccueil-des-nouveaux-eleves-du-lycee","status":"publish","type":"post","link":"http:\/\/blogs.lyceecfadumene.fr\/tyanheol\/2013\/09\/13\/et-voici-quelques-photos-des-journees-dintegration-et-daccueil-des-nouveaux-eleves-du-lycee\/","title":{"rendered":"Les journ\u00e9es d&rsquo;int\u00e9gration et d&rsquo;accueil des nouveaux \u00e9l\u00e8ves du lyc\u00e9e"},"content":{"rendered":"<h1>Quelques photos de ces journ\u00e9es :<\/h1>\n<div class=\"tiled-gallery type-rectangular tiled-gallery-unresized\" data-original-width=\"604\" data-carousel-extra='{&quot;blog_id&quot;:84,&quot;permalink&quot;:&quot;http:\\\/\\\/blogs.lyceecfadumene.fr\\\/tyanheol\\\/2013\\\/09\\\/13\\\/et-voici-quelques-photos-des-journees-dintegration-et-daccueil-des-nouveaux-eleves-du-lycee\\\/&quot;,&quot;likes_blog_id&quot;:27752986}' itemscope itemtype=\"http:\/\/schema.org\/ImageGallery\" > <div class=\"gallery-row\" style=\"width: 604px; height: 303px;\" data-original-width=\"604\" data-original-height=\"303\" > <div class=\"gallery-group images-1\" style=\"width: 403px; height: 303px;\" data-original-width=\"403\" data-original-height=\"303\" > <div class=\"tiled-gallery-item tiled-gallery-item-large\" itemprop=\"associatedMedia\" itemscope itemtype=\"http:\/\/schema.org\/ImageObject\"> <a href=\"http:\/\/blogs.lyceecfadumene.fr\/tyanheol\/2013\/09\/13\/et-voici-quelques-photos-des-journees-dintegration-et-daccueil-des-nouveaux-eleves-du-lycee\/sam_1462\/\" border=\"0\" itemprop=\"url\"> <meta itemprop=\"width\" content=\"399\"> <meta itemprop=\"height\" content=\"299\"> <img decoding=\"async\" class=\"\" data-attachment-id=\"328\" data-orig-file=\"http:\/\/blogs.lyceecfadumene.fr\/tyanheol\/files\/2013\/09\/SAM_1462.jpg\" data-orig-size=\"2592,1944\" data-comments-opened=\"1\" data-image-meta=\"{&quot;aperture&quot;:&quot;3.3&quot;,&quot;credit&quot;:&quot;&quot;,&quot;camera&quot;:&quot;SAMSUNG PL120,PL121 \\\/ VLUU PL120,PL121&quot;,&quot;caption&quot;:&quot;&quot;,&quot;created_timestamp&quot;:&quot;1378383217&quot;,&quot;copyright&quot;:&quot;COPYRIGHT, 2011&quot;,&quot;focal_length&quot;:&quot;4.9&quot;,&quot;iso&quot;:&quot;100&quot;,&quot;shutter_speed&quot;:&quot;0.008&quot;,&quot;title&quot;:&quot;&quot;}\" data-image-title=\"SAM_1462\" data-image-description=\"\" data-medium-file=\"https:\/\/i0.wp.com\/blogs.lyceecfadumene.fr\/tyanheol\/files\/2013\/09\/SAM_1462.jpg?fit=300%2C225\" data-large-file=\"https:\/\/i0.wp.com\/blogs.lyceecfadumene.fr\/tyanheol\/files\/2013\/09\/SAM_1462.jpg?fit=604%2C453\" src=\"https:\/\/i0.wp.com\/blogs.lyceecfadumene.fr\/tyanheol\/files\/2013\/09\/SAM_1462.jpg?w=399&#038;h=299\" srcset=\"https:\/\/i0.wp.com\/blogs.lyceecfadumene.fr\/tyanheol\/files\/2013\/09\/SAM_1462.jpg?w=2592 2592w, https:\/\/i0.wp.com\/blogs.lyceecfadumene.fr\/tyanheol\/files\/2013\/09\/SAM_1462.jpg?resize=300%2C225 300w, https:\/\/i0.wp.com\/blogs.lyceecfadumene.fr\/tyanheol\/files\/2013\/09\/SAM_1462.jpg?resize=1024%2C768 1024w, https:\/\/i0.wp.com\/blogs.lyceecfadumene.fr\/tyanheol\/files\/2013\/09\/SAM_1462.jpg?resize=400%2C300 400w, https:\/\/i0.wp.com\/blogs.lyceecfadumene.fr\/tyanheol\/files\/2013\/09\/SAM_1462.jpg?w=1208 1208w, https:\/\/i0.wp.com\/blogs.lyceecfadumene.fr\/tyanheol\/files\/2013\/09\/SAM_1462.jpg?w=1812 1812w\" width=\"399\" height=\"299\" loading=\"lazy\" data-original-width=\"399\" data-original-height=\"299\" itemprop=\"http:\/\/schema.org\/image\" title=\"SAM_1462\" alt=\"SAM_1462\" style=\"width: 399px; height: 299px;\" \/> <\/a> <\/div> <\/div> <!-- close group --> <div class=\"gallery-group images-2\" style=\"width: 201px; height: 303px;\" data-original-width=\"201\" data-original-height=\"303\" > <div class=\"tiled-gallery-item tiled-gallery-item-small\" itemprop=\"associatedMedia\" itemscope itemtype=\"http:\/\/schema.org\/ImageObject\"> <a href=\"http:\/\/blogs.lyceecfadumene.fr\/tyanheol\/2013\/09\/13\/et-voici-quelques-photos-des-journees-dintegration-et-daccueil-des-nouveaux-eleves-du-lycee\/sam_1459\/\" border=\"0\" itemprop=\"url\"> <meta itemprop=\"width\" content=\"197\"> <meta itemprop=\"height\" content=\"148\"> <img decoding=\"async\" class=\"\" data-attachment-id=\"325\" data-orig-file=\"http:\/\/blogs.lyceecfadumene.fr\/tyanheol\/files\/2013\/09\/SAM_1459.jpg\" data-orig-size=\"2592,1944\" data-comments-opened=\"1\" data-image-meta=\"{&quot;aperture&quot;:&quot;3.8&quot;,&quot;credit&quot;:&quot;&quot;,&quot;camera&quot;:&quot;SAMSUNG PL120,PL121 \\\/ VLUU PL120,PL121&quot;,&quot;caption&quot;:&quot;&quot;,&quot;created_timestamp&quot;:&quot;1378382860&quot;,&quot;copyright&quot;:&quot;COPYRIGHT, 2011&quot;,&quot;focal_length&quot;:&quot;6.6&quot;,&quot;iso&quot;:&quot;100&quot;,&quot;shutter_speed&quot;:&quot;0.0222222222222&quot;,&quot;title&quot;:&quot;&quot;}\" data-image-title=\"SAM_1459\" data-image-description=\"\" data-medium-file=\"https:\/\/i0.wp.com\/blogs.lyceecfadumene.fr\/tyanheol\/files\/2013\/09\/SAM_1459.jpg?fit=300%2C225\" data-large-file=\"https:\/\/i0.wp.com\/blogs.lyceecfadumene.fr\/tyanheol\/files\/2013\/09\/SAM_1459.jpg?fit=604%2C453\" src=\"https:\/\/i0.wp.com\/blogs.lyceecfadumene.fr\/tyanheol\/files\/2013\/09\/SAM_1459.jpg?w=197&#038;h=148\" srcset=\"https:\/\/i0.wp.com\/blogs.lyceecfadumene.fr\/tyanheol\/files\/2013\/09\/SAM_1459.jpg?w=2592 2592w, https:\/\/i0.wp.com\/blogs.lyceecfadumene.fr\/tyanheol\/files\/2013\/09\/SAM_1459.jpg?resize=300%2C225 300w, https:\/\/i0.wp.com\/blogs.lyceecfadumene.fr\/tyanheol\/files\/2013\/09\/SAM_1459.jpg?resize=1024%2C768 1024w, https:\/\/i0.wp.com\/blogs.lyceecfadumene.fr\/tyanheol\/files\/2013\/09\/SAM_1459.jpg?resize=400%2C300 400w, https:\/\/i0.wp.com\/blogs.lyceecfadumene.fr\/tyanheol\/files\/2013\/09\/SAM_1459.jpg?w=1208 1208w, https:\/\/i0.wp.com\/blogs.lyceecfadumene.fr\/tyanheol\/files\/2013\/09\/SAM_1459.jpg?w=1812 1812w\" width=\"197\" height=\"148\" loading=\"lazy\" data-original-width=\"197\" data-original-height=\"148\" itemprop=\"http:\/\/schema.org\/image\" title=\"SAM_1459\" alt=\"SAM_1459\" style=\"width: 197px; height: 148px;\" \/> <\/a> <\/div> <div class=\"tiled-gallery-item tiled-gallery-item-small\" itemprop=\"associatedMedia\" itemscope itemtype=\"http:\/\/schema.org\/ImageObject\"> <a href=\"http:\/\/blogs.lyceecfadumene.fr\/tyanheol\/2013\/09\/13\/et-voici-quelques-photos-des-journees-dintegration-et-daccueil-des-nouveaux-eleves-du-lycee\/sam_1458\/\" border=\"0\" itemprop=\"url\"> <meta itemprop=\"width\" content=\"197\"> <meta itemprop=\"height\" content=\"147\"> <img decoding=\"async\" class=\"\" data-attachment-id=\"324\" data-orig-file=\"http:\/\/blogs.lyceecfadumene.fr\/tyanheol\/files\/2013\/09\/SAM_1458.jpg\" data-orig-size=\"2592,1944\" data-comments-opened=\"1\" data-image-meta=\"{&quot;aperture&quot;:&quot;3.8&quot;,&quot;credit&quot;:&quot;&quot;,&quot;camera&quot;:&quot;SAMSUNG PL120,PL121 \\\/ VLUU PL120,PL121&quot;,&quot;caption&quot;:&quot;&quot;,&quot;created_timestamp&quot;:&quot;1378382849&quot;,&quot;copyright&quot;:&quot;COPYRIGHT, 2011&quot;,&quot;focal_length&quot;:&quot;6.6&quot;,&quot;iso&quot;:&quot;100&quot;,&quot;shutter_speed&quot;:&quot;0.0166666666667&quot;,&quot;title&quot;:&quot;&quot;}\" data-image-title=\"SAM_1458\" data-image-description=\"\" data-medium-file=\"https:\/\/i0.wp.com\/blogs.lyceecfadumene.fr\/tyanheol\/files\/2013\/09\/SAM_1458.jpg?fit=300%2C225\" data-large-file=\"https:\/\/i0.wp.com\/blogs.lyceecfadumene.fr\/tyanheol\/files\/2013\/09\/SAM_1458.jpg?fit=604%2C453\" src=\"https:\/\/i0.wp.com\/blogs.lyceecfadumene.fr\/tyanheol\/files\/2013\/09\/SAM_1458.jpg?w=197&#038;h=147\" srcset=\"https:\/\/i0.wp.com\/blogs.lyceecfadumene.fr\/tyanheol\/files\/2013\/09\/SAM_1458.jpg?w=2592 2592w, https:\/\/i0.wp.com\/blogs.lyceecfadumene.fr\/tyanheol\/files\/2013\/09\/SAM_1458.jpg?resize=300%2C225 300w, https:\/\/i0.wp.com\/blogs.lyceecfadumene.fr\/tyanheol\/files\/2013\/09\/SAM_1458.jpg?resize=1024%2C768 1024w, https:\/\/i0.wp.com\/blogs.lyceecfadumene.fr\/tyanheol\/files\/2013\/09\/SAM_1458.jpg?resize=400%2C300 400w, https:\/\/i0.wp.com\/blogs.lyceecfadumene.fr\/tyanheol\/files\/2013\/09\/SAM_1458.jpg?w=1208 1208w, https:\/\/i0.wp.com\/blogs.lyceecfadumene.fr\/tyanheol\/files\/2013\/09\/SAM_1458.jpg?w=1812 1812w\" width=\"197\" height=\"147\" loading=\"lazy\" data-original-width=\"197\" data-original-height=\"147\" itemprop=\"http:\/\/schema.org\/image\" title=\"SAM_1458\" alt=\"SAM_1458\" style=\"width: 197px; height: 147px;\" \/> <\/a> <\/div> <\/div> <!-- close group --> <\/div> <!-- close row --> <div class=\"gallery-row\" style=\"width: 604px; height: 152px;\" data-original-width=\"604\" data-original-height=\"152\" > <div class=\"gallery-group images-1\" style=\"width: 202px; height: 152px;\" data-original-width=\"202\" data-original-height=\"152\" > <div class=\"tiled-gallery-item tiled-gallery-item-small\" itemprop=\"associatedMedia\" itemscope itemtype=\"http:\/\/schema.org\/ImageObject\"> <a href=\"http:\/\/blogs.lyceecfadumene.fr\/tyanheol\/2013\/09\/13\/et-voici-quelques-photos-des-journees-dintegration-et-daccueil-des-nouveaux-eleves-du-lycee\/sam_1456\/\" border=\"0\" itemprop=\"url\"> <meta itemprop=\"width\" content=\"198\"> <meta itemprop=\"height\" content=\"148\"> <img decoding=\"async\" class=\"\" data-attachment-id=\"322\" data-orig-file=\"http:\/\/blogs.lyceecfadumene.fr\/tyanheol\/files\/2013\/09\/SAM_1456.jpg\" data-orig-size=\"2592,1944\" data-comments-opened=\"1\" data-image-meta=\"{&quot;aperture&quot;:&quot;3.3&quot;,&quot;credit&quot;:&quot;&quot;,&quot;camera&quot;:&quot;SAMSUNG PL120,PL121 \\\/ VLUU PL120,PL121&quot;,&quot;caption&quot;:&quot;&quot;,&quot;created_timestamp&quot;:&quot;1378382203&quot;,&quot;copyright&quot;:&quot;COPYRIGHT, 2011&quot;,&quot;focal_length&quot;:&quot;4.9&quot;,&quot;iso&quot;:&quot;80&quot;,&quot;shutter_speed&quot;:&quot;0.002&quot;,&quot;title&quot;:&quot;&quot;}\" data-image-title=\"SAM_1456\" data-image-description=\"\" data-medium-file=\"https:\/\/i0.wp.com\/blogs.lyceecfadumene.fr\/tyanheol\/files\/2013\/09\/SAM_1456.jpg?fit=300%2C225\" data-large-file=\"https:\/\/i0.wp.com\/blogs.lyceecfadumene.fr\/tyanheol\/files\/2013\/09\/SAM_1456.jpg?fit=604%2C453\" src=\"https:\/\/i0.wp.com\/blogs.lyceecfadumene.fr\/tyanheol\/files\/2013\/09\/SAM_1456.jpg?w=198&#038;h=148\" srcset=\"https:\/\/i0.wp.com\/blogs.lyceecfadumene.fr\/tyanheol\/files\/2013\/09\/SAM_1456.jpg?w=2592 2592w, https:\/\/i0.wp.com\/blogs.lyceecfadumene.fr\/tyanheol\/files\/2013\/09\/SAM_1456.jpg?resize=300%2C225 300w, https:\/\/i0.wp.com\/blogs.lyceecfadumene.fr\/tyanheol\/files\/2013\/09\/SAM_1456.jpg?resize=1024%2C768 1024w, https:\/\/i0.wp.com\/blogs.lyceecfadumene.fr\/tyanheol\/files\/2013\/09\/SAM_1456.jpg?resize=400%2C300 400w, https:\/\/i0.wp.com\/blogs.lyceecfadumene.fr\/tyanheol\/files\/2013\/09\/SAM_1456.jpg?w=1208 1208w, https:\/\/i0.wp.com\/blogs.lyceecfadumene.fr\/tyanheol\/files\/2013\/09\/SAM_1456.jpg?w=1812 1812w\" width=\"198\" height=\"148\" loading=\"lazy\" data-original-width=\"198\" data-original-height=\"148\" itemprop=\"http:\/\/schema.org\/image\" title=\"SAM_1456\" alt=\"SAM_1456\" style=\"width: 198px; height: 148px;\" \/> <\/a> <\/div> <\/div> <!-- close group --> <div class=\"gallery-group images-1\" style=\"width: 201px; height: 152px;\" data-original-width=\"201\" data-original-height=\"152\" > <div class=\"tiled-gallery-item tiled-gallery-item-small\" itemprop=\"associatedMedia\" itemscope itemtype=\"http:\/\/schema.org\/ImageObject\"> <a href=\"http:\/\/blogs.lyceecfadumene.fr\/tyanheol\/2013\/09\/13\/et-voici-quelques-photos-des-journees-dintegration-et-daccueil-des-nouveaux-eleves-du-lycee\/sam_1455\/\" border=\"0\" itemprop=\"url\"> <meta itemprop=\"width\" content=\"197\"> <meta itemprop=\"height\" content=\"148\"> <img decoding=\"async\" class=\"\" data-attachment-id=\"321\" data-orig-file=\"http:\/\/blogs.lyceecfadumene.fr\/tyanheol\/files\/2013\/09\/SAM_1455.jpg\" data-orig-size=\"2592,1944\" data-comments-opened=\"1\" data-image-meta=\"{&quot;aperture&quot;:&quot;3.3&quot;,&quot;credit&quot;:&quot;&quot;,&quot;camera&quot;:&quot;SAMSUNG PL120,PL121 \\\/ VLUU PL120,PL121&quot;,&quot;caption&quot;:&quot;&quot;,&quot;created_timestamp&quot;:&quot;1378382123&quot;,&quot;copyright&quot;:&quot;COPYRIGHT, 2011&quot;,&quot;focal_length&quot;:&quot;4.9&quot;,&quot;iso&quot;:&quot;80&quot;,&quot;shutter_speed&quot;:&quot;0.001&quot;,&quot;title&quot;:&quot;&quot;}\" data-image-title=\"SAM_1455\" data-image-description=\"\" data-medium-file=\"https:\/\/i0.wp.com\/blogs.lyceecfadumene.fr\/tyanheol\/files\/2013\/09\/SAM_1455.jpg?fit=300%2C225\" data-large-file=\"https:\/\/i0.wp.com\/blogs.lyceecfadumene.fr\/tyanheol\/files\/2013\/09\/SAM_1455.jpg?fit=604%2C453\" src=\"https:\/\/i0.wp.com\/blogs.lyceecfadumene.fr\/tyanheol\/files\/2013\/09\/SAM_1455.jpg?w=197&#038;h=148\" srcset=\"https:\/\/i0.wp.com\/blogs.lyceecfadumene.fr\/tyanheol\/files\/2013\/09\/SAM_1455.jpg?w=2592 2592w, https:\/\/i0.wp.com\/blogs.lyceecfadumene.fr\/tyanheol\/files\/2013\/09\/SAM_1455.jpg?resize=300%2C225 300w, https:\/\/i0.wp.com\/blogs.lyceecfadumene.fr\/tyanheol\/files\/2013\/09\/SAM_1455.jpg?resize=1024%2C768 1024w, https:\/\/i0.wp.com\/blogs.lyceecfadumene.fr\/tyanheol\/files\/2013\/09\/SAM_1455.jpg?resize=400%2C300 400w, https:\/\/i0.wp.com\/blogs.lyceecfadumene.fr\/tyanheol\/files\/2013\/09\/SAM_1455.jpg?w=1208 1208w, https:\/\/i0.wp.com\/blogs.lyceecfadumene.fr\/tyanheol\/files\/2013\/09\/SAM_1455.jpg?w=1812 1812w\" width=\"197\" height=\"148\" loading=\"lazy\" data-original-width=\"197\" data-original-height=\"148\" itemprop=\"http:\/\/schema.org\/image\" title=\"SAM_1455\" alt=\"SAM_1455\" style=\"width: 197px; height: 148px;\" \/> <\/a> <\/div> <\/div> <!-- close group --> <div class=\"gallery-group images-1\" style=\"width: 201px; height: 152px;\" data-original-width=\"201\" data-original-height=\"152\" > <div class=\"tiled-gallery-item tiled-gallery-item-small\" itemprop=\"associatedMedia\" itemscope itemtype=\"http:\/\/schema.org\/ImageObject\"> <a href=\"http:\/\/blogs.lyceecfadumene.fr\/tyanheol\/2013\/09\/13\/et-voici-quelques-photos-des-journees-dintegration-et-daccueil-des-nouveaux-eleves-du-lycee\/sam_1454\/\" border=\"0\" itemprop=\"url\"> <meta itemprop=\"width\" content=\"197\"> <meta itemprop=\"height\" content=\"148\"> <img decoding=\"async\" class=\"\" data-attachment-id=\"320\" data-orig-file=\"http:\/\/blogs.lyceecfadumene.fr\/tyanheol\/files\/2013\/09\/SAM_1454.jpg\" data-orig-size=\"2592,1944\" data-comments-opened=\"1\" data-image-meta=\"{&quot;aperture&quot;:&quot;3.3&quot;,&quot;credit&quot;:&quot;&quot;,&quot;camera&quot;:&quot;SAMSUNG PL120,PL121 \\\/ VLUU PL120,PL121&quot;,&quot;caption&quot;:&quot;&quot;,&quot;created_timestamp&quot;:&quot;1378382071&quot;,&quot;copyright&quot;:&quot;COPYRIGHT, 2011&quot;,&quot;focal_length&quot;:&quot;4.9&quot;,&quot;iso&quot;:&quot;80&quot;,&quot;shutter_speed&quot;:&quot;0.00133333333333&quot;,&quot;title&quot;:&quot;&quot;}\" data-image-title=\"SAM_1454\" data-image-description=\"\" data-medium-file=\"https:\/\/i0.wp.com\/blogs.lyceecfadumene.fr\/tyanheol\/files\/2013\/09\/SAM_1454.jpg?fit=300%2C225\" data-large-file=\"https:\/\/i0.wp.com\/blogs.lyceecfadumene.fr\/tyanheol\/files\/2013\/09\/SAM_1454.jpg?fit=604%2C453\" src=\"https:\/\/i0.wp.com\/blogs.lyceecfadumene.fr\/tyanheol\/files\/2013\/09\/SAM_1454.jpg?w=197&#038;h=148\" srcset=\"https:\/\/i0.wp.com\/blogs.lyceecfadumene.fr\/tyanheol\/files\/2013\/09\/SAM_1454.jpg?w=2592 2592w, https:\/\/i0.wp.com\/blogs.lyceecfadumene.fr\/tyanheol\/files\/2013\/09\/SAM_1454.jpg?resize=300%2C225 300w, https:\/\/i0.wp.com\/blogs.lyceecfadumene.fr\/tyanheol\/files\/2013\/09\/SAM_1454.jpg?resize=1024%2C768 1024w, https:\/\/i0.wp.com\/blogs.lyceecfadumene.fr\/tyanheol\/files\/2013\/09\/SAM_1454.jpg?resize=400%2C300 400w, https:\/\/i0.wp.com\/blogs.lyceecfadumene.fr\/tyanheol\/files\/2013\/09\/SAM_1454.jpg?w=1208 1208w, https:\/\/i0.wp.com\/blogs.lyceecfadumene.fr\/tyanheol\/files\/2013\/09\/SAM_1454.jpg?w=1812 1812w\" width=\"197\" height=\"148\" loading=\"lazy\" data-original-width=\"197\" data-original-height=\"148\" itemprop=\"http:\/\/schema.org\/image\" title=\"SAM_1454\" alt=\"SAM_1454\" style=\"width: 197px; height: 148px;\" \/> <\/a> <\/div> <\/div> <!-- close group --> <\/div> <!-- close row --> <div class=\"gallery-row\" style=\"width: 604px; height: 303px;\" data-original-width=\"604\" data-original-height=\"303\" > <div class=\"gallery-group images-2\" style=\"width: 201px; height: 303px;\" data-original-width=\"201\" data-original-height=\"303\" > <div class=\"tiled-gallery-item tiled-gallery-item-small\" itemprop=\"associatedMedia\" itemscope itemtype=\"http:\/\/schema.org\/ImageObject\"> <a href=\"http:\/\/blogs.lyceecfadumene.fr\/tyanheol\/2013\/09\/13\/et-voici-quelques-photos-des-journees-dintegration-et-daccueil-des-nouveaux-eleves-du-lycee\/sam_1453\/\" border=\"0\" itemprop=\"url\"> <meta itemprop=\"width\" content=\"197\"> <meta itemprop=\"height\" content=\"148\"> <img decoding=\"async\" class=\"\" data-attachment-id=\"319\" data-orig-file=\"http:\/\/blogs.lyceecfadumene.fr\/tyanheol\/files\/2013\/09\/SAM_1453.jpg\" data-orig-size=\"2592,1944\" data-comments-opened=\"1\" data-image-meta=\"{&quot;aperture&quot;:&quot;3.3&quot;,&quot;credit&quot;:&quot;&quot;,&quot;camera&quot;:&quot;SAMSUNG PL120,PL121 \\\/ VLUU PL120,PL121&quot;,&quot;caption&quot;:&quot;&quot;,&quot;created_timestamp&quot;:&quot;1378382042&quot;,&quot;copyright&quot;:&quot;COPYRIGHT, 2011&quot;,&quot;focal_length&quot;:&quot;4.9&quot;,&quot;iso&quot;:&quot;80&quot;,&quot;shutter_speed&quot;:&quot;0.00133333333333&quot;,&quot;title&quot;:&quot;&quot;}\" data-image-title=\"SAM_1453\" data-image-description=\"\" data-medium-file=\"https:\/\/i0.wp.com\/blogs.lyceecfadumene.fr\/tyanheol\/files\/2013\/09\/SAM_1453.jpg?fit=300%2C225\" data-large-file=\"https:\/\/i0.wp.com\/blogs.lyceecfadumene.fr\/tyanheol\/files\/2013\/09\/SAM_1453.jpg?fit=604%2C453\" src=\"https:\/\/i0.wp.com\/blogs.lyceecfadumene.fr\/tyanheol\/files\/2013\/09\/SAM_1453.jpg?w=197&#038;h=148\" srcset=\"https:\/\/i0.wp.com\/blogs.lyceecfadumene.fr\/tyanheol\/files\/2013\/09\/SAM_1453.jpg?w=2592 2592w, https:\/\/i0.wp.com\/blogs.lyceecfadumene.fr\/tyanheol\/files\/2013\/09\/SAM_1453.jpg?resize=300%2C225 300w, https:\/\/i0.wp.com\/blogs.lyceecfadumene.fr\/tyanheol\/files\/2013\/09\/SAM_1453.jpg?resize=1024%2C768 1024w, https:\/\/i0.wp.com\/blogs.lyceecfadumene.fr\/tyanheol\/files\/2013\/09\/SAM_1453.jpg?resize=400%2C300 400w, https:\/\/i0.wp.com\/blogs.lyceecfadumene.fr\/tyanheol\/files\/2013\/09\/SAM_1453.jpg?w=1208 1208w, https:\/\/i0.wp.com\/blogs.lyceecfadumene.fr\/tyanheol\/files\/2013\/09\/SAM_1453.jpg?w=1812 1812w\" width=\"197\" height=\"148\" loading=\"lazy\" data-original-width=\"197\" data-original-height=\"148\" itemprop=\"http:\/\/schema.org\/image\" title=\"SAM_1453\" alt=\"SAM_1453\" style=\"width: 197px; height: 148px;\" \/> <\/a> <\/div> <div class=\"tiled-gallery-item tiled-gallery-item-small\" itemprop=\"associatedMedia\" itemscope itemtype=\"http:\/\/schema.org\/ImageObject\"> <a href=\"http:\/\/blogs.lyceecfadumene.fr\/tyanheol\/2013\/09\/13\/et-voici-quelques-photos-des-journees-dintegration-et-daccueil-des-nouveaux-eleves-du-lycee\/sam_1452\/\" border=\"0\" itemprop=\"url\"> <meta itemprop=\"width\" content=\"197\"> <meta itemprop=\"height\" content=\"147\"> <img decoding=\"async\" class=\"\" data-attachment-id=\"318\" data-orig-file=\"http:\/\/blogs.lyceecfadumene.fr\/tyanheol\/files\/2013\/09\/SAM_1452.jpg\" data-orig-size=\"2592,1944\" data-comments-opened=\"1\" data-image-meta=\"{&quot;aperture&quot;:&quot;3.3&quot;,&quot;credit&quot;:&quot;&quot;,&quot;camera&quot;:&quot;SAMSUNG PL120,PL121 \\\/ VLUU PL120,PL121&quot;,&quot;caption&quot;:&quot;&quot;,&quot;created_timestamp&quot;:&quot;1378382023&quot;,&quot;copyright&quot;:&quot;COPYRIGHT, 2011&quot;,&quot;focal_length&quot;:&quot;4.9&quot;,&quot;iso&quot;:&quot;80&quot;,&quot;shutter_speed&quot;:&quot;0.001&quot;,&quot;title&quot;:&quot;&quot;}\" data-image-title=\"SAM_1452\" data-image-description=\"\" data-medium-file=\"https:\/\/i0.wp.com\/blogs.lyceecfadumene.fr\/tyanheol\/files\/2013\/09\/SAM_1452.jpg?fit=300%2C225\" data-large-file=\"https:\/\/i0.wp.com\/blogs.lyceecfadumene.fr\/tyanheol\/files\/2013\/09\/SAM_1452.jpg?fit=604%2C453\" src=\"https:\/\/i0.wp.com\/blogs.lyceecfadumene.fr\/tyanheol\/files\/2013\/09\/SAM_1452.jpg?w=197&#038;h=147\" srcset=\"https:\/\/i0.wp.com\/blogs.lyceecfadumene.fr\/tyanheol\/files\/2013\/09\/SAM_1452.jpg?w=2592 2592w, https:\/\/i0.wp.com\/blogs.lyceecfadumene.fr\/tyanheol\/files\/2013\/09\/SAM_1452.jpg?resize=300%2C225 300w, https:\/\/i0.wp.com\/blogs.lyceecfadumene.fr\/tyanheol\/files\/2013\/09\/SAM_1452.jpg?resize=1024%2C768 1024w, https:\/\/i0.wp.com\/blogs.lyceecfadumene.fr\/tyanheol\/files\/2013\/09\/SAM_1452.jpg?resize=400%2C300 400w, https:\/\/i0.wp.com\/blogs.lyceecfadumene.fr\/tyanheol\/files\/2013\/09\/SAM_1452.jpg?w=1208 1208w, https:\/\/i0.wp.com\/blogs.lyceecfadumene.fr\/tyanheol\/files\/2013\/09\/SAM_1452.jpg?w=1812 1812w\" width=\"197\" height=\"147\" loading=\"lazy\" data-original-width=\"197\" data-original-height=\"147\" itemprop=\"http:\/\/schema.org\/image\" title=\"SAM_1452\" alt=\"SAM_1452\" style=\"width: 197px; height: 147px;\" \/> <\/a> <\/div> <\/div> <!-- close group --> <div class=\"gallery-group images-1\" style=\"width: 403px; height: 303px;\" data-original-width=\"403\" data-original-height=\"303\" > <div class=\"tiled-gallery-item tiled-gallery-item-large\" itemprop=\"associatedMedia\" itemscope itemtype=\"http:\/\/schema.org\/ImageObject\"> <a href=\"http:\/\/blogs.lyceecfadumene.fr\/tyanheol\/2013\/09\/13\/et-voici-quelques-photos-des-journees-dintegration-et-daccueil-des-nouveaux-eleves-du-lycee\/sam_1451\/\" border=\"0\" itemprop=\"url\"> <meta itemprop=\"width\" content=\"399\"> <meta itemprop=\"height\" content=\"299\"> <img decoding=\"async\" class=\"\" data-attachment-id=\"317\" data-orig-file=\"http:\/\/blogs.lyceecfadumene.fr\/tyanheol\/files\/2013\/09\/SAM_1451.jpg\" data-orig-size=\"2592,1944\" data-comments-opened=\"1\" data-image-meta=\"{&quot;aperture&quot;:&quot;3.3&quot;,&quot;credit&quot;:&quot;&quot;,&quot;camera&quot;:&quot;SAMSUNG PL120,PL121 \\\/ VLUU PL120,PL121&quot;,&quot;caption&quot;:&quot;&quot;,&quot;created_timestamp&quot;:&quot;1378381992&quot;,&quot;copyright&quot;:&quot;COPYRIGHT, 2011&quot;,&quot;focal_length&quot;:&quot;4.9&quot;,&quot;iso&quot;:&quot;80&quot;,&quot;shutter_speed&quot;:&quot;0.00133333333333&quot;,&quot;title&quot;:&quot;&quot;}\" data-image-title=\"SAM_1451\" data-image-description=\"\" data-medium-file=\"https:\/\/i0.wp.com\/blogs.lyceecfadumene.fr\/tyanheol\/files\/2013\/09\/SAM_1451.jpg?fit=300%2C225\" data-large-file=\"https:\/\/i0.wp.com\/blogs.lyceecfadumene.fr\/tyanheol\/files\/2013\/09\/SAM_1451.jpg?fit=604%2C453\" src=\"https:\/\/i0.wp.com\/blogs.lyceecfadumene.fr\/tyanheol\/files\/2013\/09\/SAM_1451.jpg?w=399&#038;h=299\" srcset=\"https:\/\/i0.wp.com\/blogs.lyceecfadumene.fr\/tyanheol\/files\/2013\/09\/SAM_1451.jpg?w=2592 2592w, https:\/\/i0.wp.com\/blogs.lyceecfadumene.fr\/tyanheol\/files\/2013\/09\/SAM_1451.jpg?resize=300%2C225 300w, https:\/\/i0.wp.com\/blogs.lyceecfadumene.fr\/tyanheol\/files\/2013\/09\/SAM_1451.jpg?resize=1024%2C768 1024w, https:\/\/i0.wp.com\/blogs.lyceecfadumene.fr\/tyanheol\/files\/2013\/09\/SAM_1451.jpg?resize=400%2C300 400w, https:\/\/i0.wp.com\/blogs.lyceecfadumene.fr\/tyanheol\/files\/2013\/09\/SAM_1451.jpg?w=1208 1208w, https:\/\/i0.wp.com\/blogs.lyceecfadumene.fr\/tyanheol\/files\/2013\/09\/SAM_1451.jpg?w=1812 1812w\" width=\"399\" height=\"299\" loading=\"lazy\" data-original-width=\"399\" data-original-height=\"299\" itemprop=\"http:\/\/schema.org\/image\" title=\"SAM_1451\" alt=\"SAM_1451\" style=\"width: 399px; height: 299px;\" \/> <\/a> <\/div> <\/div> <!-- close group --> <\/div> <!-- close row --> <div class=\"gallery-row\" style=\"width: 604px; height: 228px;\" data-original-width=\"604\" data-original-height=\"228\" > <div class=\"gallery-group images-1\" style=\"width: 302px; height: 228px;\" data-original-width=\"302\" data-original-height=\"228\" > <div class=\"tiled-gallery-item tiled-gallery-item-large\" itemprop=\"associatedMedia\" itemscope itemtype=\"http:\/\/schema.org\/ImageObject\"> <a href=\"http:\/\/blogs.lyceecfadumene.fr\/tyanheol\/2013\/09\/13\/et-voici-quelques-photos-des-journees-dintegration-et-daccueil-des-nouveaux-eleves-du-lycee\/sam_1450\/\" border=\"0\" itemprop=\"url\"> <meta itemprop=\"width\" content=\"298\"> <meta itemprop=\"height\" content=\"224\"> <img decoding=\"async\" class=\"\" data-attachment-id=\"316\" data-orig-file=\"http:\/\/blogs.lyceecfadumene.fr\/tyanheol\/files\/2013\/09\/SAM_1450.jpg\" data-orig-size=\"2592,1944\" data-comments-opened=\"1\" data-image-meta=\"{&quot;aperture&quot;:&quot;9.4&quot;,&quot;credit&quot;:&quot;&quot;,&quot;camera&quot;:&quot;SAMSUNG PL120,PL121 \\\/ VLUU PL120,PL121&quot;,&quot;caption&quot;:&quot;&quot;,&quot;created_timestamp&quot;:&quot;1378381921&quot;,&quot;copyright&quot;:&quot;COPYRIGHT, 2011&quot;,&quot;focal_length&quot;:&quot;4.9&quot;,&quot;iso&quot;:&quot;80&quot;,&quot;shutter_speed&quot;:&quot;0.00555555555556&quot;,&quot;title&quot;:&quot;&quot;}\" data-image-title=\"SAM_1450\" data-image-description=\"\" data-medium-file=\"https:\/\/i0.wp.com\/blogs.lyceecfadumene.fr\/tyanheol\/files\/2013\/09\/SAM_1450.jpg?fit=300%2C225\" data-large-file=\"https:\/\/i0.wp.com\/blogs.lyceecfadumene.fr\/tyanheol\/files\/2013\/09\/SAM_1450.jpg?fit=604%2C453\" src=\"https:\/\/i0.wp.com\/blogs.lyceecfadumene.fr\/tyanheol\/files\/2013\/09\/SAM_1450.jpg?w=298&#038;h=224\" srcset=\"https:\/\/i0.wp.com\/blogs.lyceecfadumene.fr\/tyanheol\/files\/2013\/09\/SAM_1450.jpg?w=2592 2592w, https:\/\/i0.wp.com\/blogs.lyceecfadumene.fr\/tyanheol\/files\/2013\/09\/SAM_1450.jpg?resize=300%2C225 300w, https:\/\/i0.wp.com\/blogs.lyceecfadumene.fr\/tyanheol\/files\/2013\/09\/SAM_1450.jpg?resize=1024%2C768 1024w, https:\/\/i0.wp.com\/blogs.lyceecfadumene.fr\/tyanheol\/files\/2013\/09\/SAM_1450.jpg?resize=400%2C300 400w, https:\/\/i0.wp.com\/blogs.lyceecfadumene.fr\/tyanheol\/files\/2013\/09\/SAM_1450.jpg?w=1208 1208w, https:\/\/i0.wp.com\/blogs.lyceecfadumene.fr\/tyanheol\/files\/2013\/09\/SAM_1450.jpg?w=1812 1812w\" width=\"298\" height=\"224\" loading=\"lazy\" data-original-width=\"298\" data-original-height=\"224\" itemprop=\"http:\/\/schema.org\/image\" title=\"SAM_1450\" alt=\"SAM_1450\" style=\"width: 298px; height: 224px;\" \/> <\/a> <\/div> <\/div> <!-- close group --> <div class=\"gallery-group images-1\" style=\"width: 302px; height: 228px;\" data-original-width=\"302\" data-original-height=\"228\" > <div class=\"tiled-gallery-item tiled-gallery-item-large\" itemprop=\"associatedMedia\" itemscope itemtype=\"http:\/\/schema.org\/ImageObject\"> <a href=\"http:\/\/blogs.lyceecfadumene.fr\/tyanheol\/2013\/09\/13\/et-voici-quelques-photos-des-journees-dintegration-et-daccueil-des-nouveaux-eleves-du-lycee\/sam_1449\/\" border=\"0\" itemprop=\"url\"> <meta itemprop=\"width\" content=\"298\"> <meta itemprop=\"height\" content=\"224\"> <img decoding=\"async\" class=\"\" data-attachment-id=\"315\" data-orig-file=\"http:\/\/blogs.lyceecfadumene.fr\/tyanheol\/files\/2013\/09\/SAM_1449.jpg\" data-orig-size=\"2592,1944\" data-comments-opened=\"1\" data-image-meta=\"{&quot;aperture&quot;:&quot;3.3&quot;,&quot;credit&quot;:&quot;&quot;,&quot;camera&quot;:&quot;SAMSUNG PL120,PL121 \\\/ VLUU PL120,PL121&quot;,&quot;caption&quot;:&quot;&quot;,&quot;created_timestamp&quot;:&quot;1378381913&quot;,&quot;copyright&quot;:&quot;COPYRIGHT, 2011&quot;,&quot;focal_length&quot;:&quot;4.9&quot;,&quot;iso&quot;:&quot;80&quot;,&quot;shutter_speed&quot;:&quot;0.00133333333333&quot;,&quot;title&quot;:&quot;&quot;}\" data-image-title=\"SAM_1449\" data-image-description=\"\" data-medium-file=\"https:\/\/i0.wp.com\/blogs.lyceecfadumene.fr\/tyanheol\/files\/2013\/09\/SAM_1449.jpg?fit=300%2C225\" data-large-file=\"https:\/\/i0.wp.com\/blogs.lyceecfadumene.fr\/tyanheol\/files\/2013\/09\/SAM_1449.jpg?fit=604%2C453\" src=\"https:\/\/i0.wp.com\/blogs.lyceecfadumene.fr\/tyanheol\/files\/2013\/09\/SAM_1449.jpg?w=298&#038;h=224\" srcset=\"https:\/\/i0.wp.com\/blogs.lyceecfadumene.fr\/tyanheol\/files\/2013\/09\/SAM_1449.jpg?w=2592 2592w, https:\/\/i0.wp.com\/blogs.lyceecfadumene.fr\/tyanheol\/files\/2013\/09\/SAM_1449.jpg?resize=300%2C225 300w, https:\/\/i0.wp.com\/blogs.lyceecfadumene.fr\/tyanheol\/files\/2013\/09\/SAM_1449.jpg?resize=1024%2C768 1024w, https:\/\/i0.wp.com\/blogs.lyceecfadumene.fr\/tyanheol\/files\/2013\/09\/SAM_1449.jpg?resize=400%2C300 400w, https:\/\/i0.wp.com\/blogs.lyceecfadumene.fr\/tyanheol\/files\/2013\/09\/SAM_1449.jpg?w=1208 1208w, https:\/\/i0.wp.com\/blogs.lyceecfadumene.fr\/tyanheol\/files\/2013\/09\/SAM_1449.jpg?w=1812 1812w\" width=\"298\" height=\"224\" loading=\"lazy\" data-original-width=\"298\" data-original-height=\"224\" itemprop=\"http:\/\/schema.org\/image\" title=\"SAM_1449\" alt=\"SAM_1449\" style=\"width: 298px; height: 224px;\" \/> <\/a> <\/div> <\/div> <!-- close group --> <\/div> <!-- close row --> <div class=\"gallery-row\" style=\"width: 604px; height: 303px;\" data-original-width=\"604\" data-original-height=\"303\" > <div class=\"gallery-group images-1\" style=\"width: 403px; height: 303px;\" data-original-width=\"403\" data-original-height=\"303\" > <div class=\"tiled-gallery-item tiled-gallery-item-large\" itemprop=\"associatedMedia\" itemscope itemtype=\"http:\/\/schema.org\/ImageObject\"> <a href=\"http:\/\/blogs.lyceecfadumene.fr\/tyanheol\/2013\/09\/13\/et-voici-quelques-photos-des-journees-dintegration-et-daccueil-des-nouveaux-eleves-du-lycee\/sam_1448\/\" border=\"0\" itemprop=\"url\"> <meta itemprop=\"width\" content=\"399\"> <meta itemprop=\"height\" content=\"299\"> <img decoding=\"async\" class=\"\" data-attachment-id=\"314\" data-orig-file=\"http:\/\/blogs.lyceecfadumene.fr\/tyanheol\/files\/2013\/09\/SAM_1448.jpg\" data-orig-size=\"2592,1944\" data-comments-opened=\"1\" data-image-meta=\"{&quot;aperture&quot;:&quot;3.3&quot;,&quot;credit&quot;:&quot;&quot;,&quot;camera&quot;:&quot;SAMSUNG PL120,PL121 \\\/ VLUU PL120,PL121&quot;,&quot;caption&quot;:&quot;&quot;,&quot;created_timestamp&quot;:&quot;1378381910&quot;,&quot;copyright&quot;:&quot;COPYRIGHT, 2011&quot;,&quot;focal_length&quot;:&quot;4.9&quot;,&quot;iso&quot;:&quot;80&quot;,&quot;shutter_speed&quot;:&quot;0.001&quot;,&quot;title&quot;:&quot;&quot;}\" data-image-title=\"SAM_1448\" data-image-description=\"\" data-medium-file=\"https:\/\/i0.wp.com\/blogs.lyceecfadumene.fr\/tyanheol\/files\/2013\/09\/SAM_1448.jpg?fit=300%2C225\" data-large-file=\"https:\/\/i0.wp.com\/blogs.lyceecfadumene.fr\/tyanheol\/files\/2013\/09\/SAM_1448.jpg?fit=604%2C453\" src=\"https:\/\/i0.wp.com\/blogs.lyceecfadumene.fr\/tyanheol\/files\/2013\/09\/SAM_1448.jpg?w=399&#038;h=299\" srcset=\"https:\/\/i0.wp.com\/blogs.lyceecfadumene.fr\/tyanheol\/files\/2013\/09\/SAM_1448.jpg?w=2592 2592w, https:\/\/i0.wp.com\/blogs.lyceecfadumene.fr\/tyanheol\/files\/2013\/09\/SAM_1448.jpg?resize=300%2C225 300w, https:\/\/i0.wp.com\/blogs.lyceecfadumene.fr\/tyanheol\/files\/2013\/09\/SAM_1448.jpg?resize=1024%2C768 1024w, https:\/\/i0.wp.com\/blogs.lyceecfadumene.fr\/tyanheol\/files\/2013\/09\/SAM_1448.jpg?resize=400%2C300 400w, https:\/\/i0.wp.com\/blogs.lyceecfadumene.fr\/tyanheol\/files\/2013\/09\/SAM_1448.jpg?w=1208 1208w, https:\/\/i0.wp.com\/blogs.lyceecfadumene.fr\/tyanheol\/files\/2013\/09\/SAM_1448.jpg?w=1812 1812w\" width=\"399\" height=\"299\" loading=\"lazy\" data-original-width=\"399\" data-original-height=\"299\" itemprop=\"http:\/\/schema.org\/image\" title=\"SAM_1448\" alt=\"SAM_1448\" style=\"width: 399px; height: 299px;\" \/> <\/a> <\/div> <\/div> <!-- close group --> <div class=\"gallery-group images-2\" style=\"width: 201px; height: 303px;\" data-original-width=\"201\" data-original-height=\"303\" > <div class=\"tiled-gallery-item tiled-gallery-item-small\" itemprop=\"associatedMedia\" itemscope itemtype=\"http:\/\/schema.org\/ImageObject\"> <a href=\"http:\/\/blogs.lyceecfadumene.fr\/tyanheol\/2013\/09\/13\/et-voici-quelques-photos-des-journees-dintegration-et-daccueil-des-nouveaux-eleves-du-lycee\/sam_1447\/\" border=\"0\" itemprop=\"url\"> <meta itemprop=\"width\" content=\"197\"> <meta itemprop=\"height\" content=\"148\"> <img decoding=\"async\" class=\"\" data-attachment-id=\"313\" data-orig-file=\"http:\/\/blogs.lyceecfadumene.fr\/tyanheol\/files\/2013\/09\/SAM_1447.jpg\" data-orig-size=\"2592,1944\" data-comments-opened=\"1\" data-image-meta=\"{&quot;aperture&quot;:&quot;9.4&quot;,&quot;credit&quot;:&quot;&quot;,&quot;camera&quot;:&quot;SAMSUNG PL120,PL121 \\\/ VLUU PL120,PL121&quot;,&quot;caption&quot;:&quot;&quot;,&quot;created_timestamp&quot;:&quot;1378381904&quot;,&quot;copyright&quot;:&quot;COPYRIGHT, 2011&quot;,&quot;focal_length&quot;:&quot;4.9&quot;,&quot;iso&quot;:&quot;80&quot;,&quot;shutter_speed&quot;:&quot;0.00555555555556&quot;,&quot;title&quot;:&quot;&quot;}\" data-image-title=\"SAM_1447\" data-image-description=\"\" data-medium-file=\"https:\/\/i0.wp.com\/blogs.lyceecfadumene.fr\/tyanheol\/files\/2013\/09\/SAM_1447.jpg?fit=300%2C225\" data-large-file=\"https:\/\/i0.wp.com\/blogs.lyceecfadumene.fr\/tyanheol\/files\/2013\/09\/SAM_1447.jpg?fit=604%2C453\" src=\"https:\/\/i0.wp.com\/blogs.lyceecfadumene.fr\/tyanheol\/files\/2013\/09\/SAM_1447.jpg?w=197&#038;h=148\" srcset=\"https:\/\/i0.wp.com\/blogs.lyceecfadumene.fr\/tyanheol\/files\/2013\/09\/SAM_1447.jpg?w=2592 2592w, https:\/\/i0.wp.com\/blogs.lyceecfadumene.fr\/tyanheol\/files\/2013\/09\/SAM_1447.jpg?resize=300%2C225 300w, https:\/\/i0.wp.com\/blogs.lyceecfadumene.fr\/tyanheol\/files\/2013\/09\/SAM_1447.jpg?resize=1024%2C768 1024w, https:\/\/i0.wp.com\/blogs.lyceecfadumene.fr\/tyanheol\/files\/2013\/09\/SAM_1447.jpg?resize=400%2C300 400w, https:\/\/i0.wp.com\/blogs.lyceecfadumene.fr\/tyanheol\/files\/2013\/09\/SAM_1447.jpg?w=1208 1208w, https:\/\/i0.wp.com\/blogs.lyceecfadumene.fr\/tyanheol\/files\/2013\/09\/SAM_1447.jpg?w=1812 1812w\" width=\"197\" height=\"148\" loading=\"lazy\" data-original-width=\"197\" data-original-height=\"148\" itemprop=\"http:\/\/schema.org\/image\" title=\"SAM_1447\" alt=\"SAM_1447\" style=\"width: 197px; height: 148px;\" \/> <\/a> <\/div> <div class=\"tiled-gallery-item tiled-gallery-item-small\" itemprop=\"associatedMedia\" itemscope itemtype=\"http:\/\/schema.org\/ImageObject\"> <a href=\"http:\/\/blogs.lyceecfadumene.fr\/tyanheol\/2013\/09\/13\/et-voici-quelques-photos-des-journees-dintegration-et-daccueil-des-nouveaux-eleves-du-lycee\/sam_1446\/\" border=\"0\" itemprop=\"url\"> <meta itemprop=\"width\" content=\"197\"> <meta itemprop=\"height\" content=\"147\"> <img decoding=\"async\" class=\"\" data-attachment-id=\"312\" data-orig-file=\"http:\/\/blogs.lyceecfadumene.fr\/tyanheol\/files\/2013\/09\/SAM_1446.jpg\" data-orig-size=\"2592,1944\" data-comments-opened=\"1\" data-image-meta=\"{&quot;aperture&quot;:&quot;5.9&quot;,&quot;credit&quot;:&quot;&quot;,&quot;camera&quot;:&quot;SAMSUNG PL120,PL121 \\\/ VLUU PL120,PL121&quot;,&quot;caption&quot;:&quot;&quot;,&quot;created_timestamp&quot;:&quot;1378381776&quot;,&quot;copyright&quot;:&quot;COPYRIGHT, 2011&quot;,&quot;focal_length&quot;:&quot;24.5&quot;,&quot;iso&quot;:&quot;100&quot;,&quot;shutter_speed&quot;:&quot;0.00555555555556&quot;,&quot;title&quot;:&quot;&quot;}\" data-image-title=\"SAM_1446\" data-image-description=\"\" data-medium-file=\"https:\/\/i0.wp.com\/blogs.lyceecfadumene.fr\/tyanheol\/files\/2013\/09\/SAM_1446.jpg?fit=300%2C225\" data-large-file=\"https:\/\/i0.wp.com\/blogs.lyceecfadumene.fr\/tyanheol\/files\/2013\/09\/SAM_1446.jpg?fit=604%2C453\" src=\"https:\/\/i0.wp.com\/blogs.lyceecfadumene.fr\/tyanheol\/files\/2013\/09\/SAM_1446.jpg?w=197&#038;h=147\" srcset=\"https:\/\/i0.wp.com\/blogs.lyceecfadumene.fr\/tyanheol\/files\/2013\/09\/SAM_1446.jpg?w=2592 2592w, https:\/\/i0.wp.com\/blogs.lyceecfadumene.fr\/tyanheol\/files\/2013\/09\/SAM_1446.jpg?resize=300%2C225 300w, https:\/\/i0.wp.com\/blogs.lyceecfadumene.fr\/tyanheol\/files\/2013\/09\/SAM_1446.jpg?resize=1024%2C768 1024w, https:\/\/i0.wp.com\/blogs.lyceecfadumene.fr\/tyanheol\/files\/2013\/09\/SAM_1446.jpg?resize=400%2C300 400w, https:\/\/i0.wp.com\/blogs.lyceecfadumene.fr\/tyanheol\/files\/2013\/09\/SAM_1446.jpg?w=1208 1208w, https:\/\/i0.wp.com\/blogs.lyceecfadumene.fr\/tyanheol\/files\/2013\/09\/SAM_1446.jpg?w=1812 1812w\" width=\"197\" height=\"147\" loading=\"lazy\" data-original-width=\"197\" data-original-height=\"147\" itemprop=\"http:\/\/schema.org\/image\" title=\"SAM_1446\" alt=\"SAM_1446\" style=\"width: 197px; height: 147px;\" \/> <\/a> <\/div> <\/div> <!-- close group --> <\/div> <!-- close row --> <div class=\"gallery-row\" style=\"width: 604px; height: 152px;\" data-original-width=\"604\" data-original-height=\"152\" > <div class=\"gallery-group images-1\" style=\"width: 202px; height: 152px;\" data-original-width=\"202\" data-original-height=\"152\" > <div class=\"tiled-gallery-item tiled-gallery-item-small\" itemprop=\"associatedMedia\" itemscope itemtype=\"http:\/\/schema.org\/ImageObject\"> <a href=\"http:\/\/blogs.lyceecfadumene.fr\/tyanheol\/2013\/09\/13\/et-voici-quelques-photos-des-journees-dintegration-et-daccueil-des-nouveaux-eleves-du-lycee\/sam_1444\/\" border=\"0\" itemprop=\"url\"> <meta itemprop=\"width\" content=\"198\"> <meta itemprop=\"height\" content=\"148\"> <img decoding=\"async\" class=\"\" data-attachment-id=\"310\" data-orig-file=\"http:\/\/blogs.lyceecfadumene.fr\/tyanheol\/files\/2013\/09\/SAM_1444.jpg\" data-orig-size=\"2592,1944\" data-comments-opened=\"1\" data-image-meta=\"{&quot;aperture&quot;:&quot;3.3&quot;,&quot;credit&quot;:&quot;&quot;,&quot;camera&quot;:&quot;SAMSUNG PL120,PL121 \\\/ VLUU PL120,PL121&quot;,&quot;caption&quot;:&quot;&quot;,&quot;created_timestamp&quot;:&quot;1378381723&quot;,&quot;copyright&quot;:&quot;COPYRIGHT, 2011&quot;,&quot;focal_length&quot;:&quot;4.9&quot;,&quot;iso&quot;:&quot;80&quot;,&quot;shutter_speed&quot;:&quot;0.001&quot;,&quot;title&quot;:&quot;&quot;}\" data-image-title=\"SAM_1444\" data-image-description=\"\" data-medium-file=\"https:\/\/i0.wp.com\/blogs.lyceecfadumene.fr\/tyanheol\/files\/2013\/09\/SAM_1444.jpg?fit=300%2C225\" data-large-file=\"https:\/\/i0.wp.com\/blogs.lyceecfadumene.fr\/tyanheol\/files\/2013\/09\/SAM_1444.jpg?fit=604%2C453\" src=\"https:\/\/i0.wp.com\/blogs.lyceecfadumene.fr\/tyanheol\/files\/2013\/09\/SAM_1444.jpg?w=198&#038;h=148\" srcset=\"https:\/\/i0.wp.com\/blogs.lyceecfadumene.fr\/tyanheol\/files\/2013\/09\/SAM_1444.jpg?w=2592 2592w, https:\/\/i0.wp.com\/blogs.lyceecfadumene.fr\/tyanheol\/files\/2013\/09\/SAM_1444.jpg?resize=300%2C225 300w, https:\/\/i0.wp.com\/blogs.lyceecfadumene.fr\/tyanheol\/files\/2013\/09\/SAM_1444.jpg?resize=1024%2C768 1024w, https:\/\/i0.wp.com\/blogs.lyceecfadumene.fr\/tyanheol\/files\/2013\/09\/SAM_1444.jpg?resize=400%2C300 400w, https:\/\/i0.wp.com\/blogs.lyceecfadumene.fr\/tyanheol\/files\/2013\/09\/SAM_1444.jpg?w=1208 1208w, https:\/\/i0.wp.com\/blogs.lyceecfadumene.fr\/tyanheol\/files\/2013\/09\/SAM_1444.jpg?w=1812 1812w\" width=\"198\" height=\"148\" loading=\"lazy\" data-original-width=\"198\" data-original-height=\"148\" itemprop=\"http:\/\/schema.org\/image\" title=\"SAM_1444\" alt=\"SAM_1444\" style=\"width: 198px; height: 148px;\" \/> <\/a> <\/div> <\/div> <!-- close group --> <div class=\"gallery-group images-1\" style=\"width: 201px; height: 152px;\" data-original-width=\"201\" data-original-height=\"152\" > <div class=\"tiled-gallery-item tiled-gallery-item-small\" itemprop=\"associatedMedia\" itemscope itemtype=\"http:\/\/schema.org\/ImageObject\"> <a href=\"http:\/\/blogs.lyceecfadumene.fr\/tyanheol\/2013\/09\/13\/et-voici-quelques-photos-des-journees-dintegration-et-daccueil-des-nouveaux-eleves-du-lycee\/sam_1443\/\" border=\"0\" itemprop=\"url\"> <meta itemprop=\"width\" content=\"197\"> <meta itemprop=\"height\" content=\"148\"> <img decoding=\"async\" class=\"\" data-attachment-id=\"309\" data-orig-file=\"http:\/\/blogs.lyceecfadumene.fr\/tyanheol\/files\/2013\/09\/SAM_1443.jpg\" data-orig-size=\"2592,1944\" data-comments-opened=\"1\" data-image-meta=\"{&quot;aperture&quot;:&quot;3.3&quot;,&quot;credit&quot;:&quot;&quot;,&quot;camera&quot;:&quot;SAMSUNG PL120,PL121 \\\/ VLUU PL120,PL121&quot;,&quot;caption&quot;:&quot;&quot;,&quot;created_timestamp&quot;:&quot;1378381718&quot;,&quot;copyright&quot;:&quot;COPYRIGHT, 2011&quot;,&quot;focal_length&quot;:&quot;4.9&quot;,&quot;iso&quot;:&quot;80&quot;,&quot;shutter_speed&quot;:&quot;0.00133333333333&quot;,&quot;title&quot;:&quot;&quot;}\" data-image-title=\"SAM_1443\" data-image-description=\"\" data-medium-file=\"https:\/\/i0.wp.com\/blogs.lyceecfadumene.fr\/tyanheol\/files\/2013\/09\/SAM_1443.jpg?fit=300%2C225\" data-large-file=\"https:\/\/i0.wp.com\/blogs.lyceecfadumene.fr\/tyanheol\/files\/2013\/09\/SAM_1443.jpg?fit=604%2C453\" src=\"https:\/\/i0.wp.com\/blogs.lyceecfadumene.fr\/tyanheol\/files\/2013\/09\/SAM_1443.jpg?w=197&#038;h=148\" srcset=\"https:\/\/i0.wp.com\/blogs.lyceecfadumene.fr\/tyanheol\/files\/2013\/09\/SAM_1443.jpg?w=2592 2592w, https:\/\/i0.wp.com\/blogs.lyceecfadumene.fr\/tyanheol\/files\/2013\/09\/SAM_1443.jpg?resize=300%2C225 300w, https:\/\/i0.wp.com\/blogs.lyceecfadumene.fr\/tyanheol\/files\/2013\/09\/SAM_1443.jpg?resize=1024%2C768 1024w, https:\/\/i0.wp.com\/blogs.lyceecfadumene.fr\/tyanheol\/files\/2013\/09\/SAM_1443.jpg?resize=400%2C300 400w, https:\/\/i0.wp.com\/blogs.lyceecfadumene.fr\/tyanheol\/files\/2013\/09\/SAM_1443.jpg?w=1208 1208w, https:\/\/i0.wp.com\/blogs.lyceecfadumene.fr\/tyanheol\/files\/2013\/09\/SAM_1443.jpg?w=1812 1812w\" width=\"197\" height=\"148\" loading=\"lazy\" data-original-width=\"197\" data-original-height=\"148\" itemprop=\"http:\/\/schema.org\/image\" title=\"SAM_1443\" alt=\"SAM_1443\" style=\"width: 197px; height: 148px;\" \/> <\/a> <\/div> <\/div> <!-- close group --> <div class=\"gallery-group images-1\" style=\"width: 201px; height: 152px;\" data-original-width=\"201\" data-original-height=\"152\" > <div class=\"tiled-gallery-item tiled-gallery-item-small\" itemprop=\"associatedMedia\" itemscope itemtype=\"http:\/\/schema.org\/ImageObject\"> <a href=\"http:\/\/blogs.lyceecfadumene.fr\/tyanheol\/2013\/09\/13\/et-voici-quelques-photos-des-journees-dintegration-et-daccueil-des-nouveaux-eleves-du-lycee\/sam_1442\/\" border=\"0\" itemprop=\"url\"> <meta itemprop=\"width\" content=\"197\"> <meta itemprop=\"height\" content=\"148\"> <img decoding=\"async\" class=\"\" data-attachment-id=\"308\" data-orig-file=\"http:\/\/blogs.lyceecfadumene.fr\/tyanheol\/files\/2013\/09\/SAM_1442.jpg\" data-orig-size=\"2592,1944\" data-comments-opened=\"1\" data-image-meta=\"{&quot;aperture&quot;:&quot;3.3&quot;,&quot;credit&quot;:&quot;&quot;,&quot;camera&quot;:&quot;SAMSUNG PL120,PL121 \\\/ VLUU PL120,PL121&quot;,&quot;caption&quot;:&quot;&quot;,&quot;created_timestamp&quot;:&quot;1378381715&quot;,&quot;copyright&quot;:&quot;COPYRIGHT, 2011&quot;,&quot;focal_length&quot;:&quot;4.9&quot;,&quot;iso&quot;:&quot;80&quot;,&quot;shutter_speed&quot;:&quot;0.002&quot;,&quot;title&quot;:&quot;&quot;}\" data-image-title=\"SAM_1442\" data-image-description=\"\" data-medium-file=\"https:\/\/i0.wp.com\/blogs.lyceecfadumene.fr\/tyanheol\/files\/2013\/09\/SAM_1442.jpg?fit=300%2C225\" data-large-file=\"https:\/\/i0.wp.com\/blogs.lyceecfadumene.fr\/tyanheol\/files\/2013\/09\/SAM_1442.jpg?fit=604%2C453\" src=\"https:\/\/i0.wp.com\/blogs.lyceecfadumene.fr\/tyanheol\/files\/2013\/09\/SAM_1442.jpg?w=197&#038;h=148\" srcset=\"https:\/\/i0.wp.com\/blogs.lyceecfadumene.fr\/tyanheol\/files\/2013\/09\/SAM_1442.jpg?w=2592 2592w, https:\/\/i0.wp.com\/blogs.lyceecfadumene.fr\/tyanheol\/files\/2013\/09\/SAM_1442.jpg?resize=300%2C225 300w, https:\/\/i0.wp.com\/blogs.lyceecfadumene.fr\/tyanheol\/files\/2013\/09\/SAM_1442.jpg?resize=1024%2C768 1024w, https:\/\/i0.wp.com\/blogs.lyceecfadumene.fr\/tyanheol\/files\/2013\/09\/SAM_1442.jpg?resize=400%2C300 400w, https:\/\/i0.wp.com\/blogs.lyceecfadumene.fr\/tyanheol\/files\/2013\/09\/SAM_1442.jpg?w=1208 1208w, https:\/\/i0.wp.com\/blogs.lyceecfadumene.fr\/tyanheol\/files\/2013\/09\/SAM_1442.jpg?w=1812 1812w\" width=\"197\" height=\"148\" loading=\"lazy\" data-original-width=\"197\" data-original-height=\"148\" itemprop=\"http:\/\/schema.org\/image\" title=\"SAM_1442\" alt=\"SAM_1442\" style=\"width: 197px; height: 148px;\" \/> <\/a> <\/div> <\/div> <!-- close group --> <\/div> <!-- close row --> <div class=\"gallery-row\" style=\"width: 604px; height: 303px;\" data-original-width=\"604\" data-original-height=\"303\" > <div class=\"gallery-group images-2\" style=\"width: 201px; height: 303px;\" data-original-width=\"201\" data-original-height=\"303\" > <div class=\"tiled-gallery-item tiled-gallery-item-small\" itemprop=\"associatedMedia\" itemscope itemtype=\"http:\/\/schema.org\/ImageObject\"> <a href=\"http:\/\/blogs.lyceecfadumene.fr\/tyanheol\/2013\/09\/13\/et-voici-quelques-photos-des-journees-dintegration-et-daccueil-des-nouveaux-eleves-du-lycee\/sam_1441\/\" border=\"0\" itemprop=\"url\"> <meta itemprop=\"width\" content=\"197\"> <meta itemprop=\"height\" content=\"148\"> <img decoding=\"async\" class=\"\" data-attachment-id=\"307\" data-orig-file=\"http:\/\/blogs.lyceecfadumene.fr\/tyanheol\/files\/2013\/09\/SAM_1441.jpg\" data-orig-size=\"2592,1944\" data-comments-opened=\"1\" data-image-meta=\"{&quot;aperture&quot;:&quot;3.3&quot;,&quot;credit&quot;:&quot;&quot;,&quot;camera&quot;:&quot;SAMSUNG PL120,PL121 \\\/ VLUU PL120,PL121&quot;,&quot;caption&quot;:&quot;&quot;,&quot;created_timestamp&quot;:&quot;1378381693&quot;,&quot;copyright&quot;:&quot;COPYRIGHT, 2011&quot;,&quot;focal_length&quot;:&quot;4.9&quot;,&quot;iso&quot;:&quot;80&quot;,&quot;shutter_speed&quot;:&quot;0.00133333333333&quot;,&quot;title&quot;:&quot;&quot;}\" data-image-title=\"SAM_1441\" data-image-description=\"\" data-medium-file=\"https:\/\/i0.wp.com\/blogs.lyceecfadumene.fr\/tyanheol\/files\/2013\/09\/SAM_1441.jpg?fit=300%2C225\" data-large-file=\"https:\/\/i0.wp.com\/blogs.lyceecfadumene.fr\/tyanheol\/files\/2013\/09\/SAM_1441.jpg?fit=604%2C453\" src=\"https:\/\/i0.wp.com\/blogs.lyceecfadumene.fr\/tyanheol\/files\/2013\/09\/SAM_1441.jpg?w=197&#038;h=148\" srcset=\"https:\/\/i0.wp.com\/blogs.lyceecfadumene.fr\/tyanheol\/files\/2013\/09\/SAM_1441.jpg?w=2592 2592w, https:\/\/i0.wp.com\/blogs.lyceecfadumene.fr\/tyanheol\/files\/2013\/09\/SAM_1441.jpg?resize=300%2C225 300w, https:\/\/i0.wp.com\/blogs.lyceecfadumene.fr\/tyanheol\/files\/2013\/09\/SAM_1441.jpg?resize=1024%2C768 1024w, https:\/\/i0.wp.com\/blogs.lyceecfadumene.fr\/tyanheol\/files\/2013\/09\/SAM_1441.jpg?resize=400%2C300 400w, https:\/\/i0.wp.com\/blogs.lyceecfadumene.fr\/tyanheol\/files\/2013\/09\/SAM_1441.jpg?w=1208 1208w, https:\/\/i0.wp.com\/blogs.lyceecfadumene.fr\/tyanheol\/files\/2013\/09\/SAM_1441.jpg?w=1812 1812w\" width=\"197\" height=\"148\" loading=\"lazy\" data-original-width=\"197\" data-original-height=\"148\" itemprop=\"http:\/\/schema.org\/image\" title=\"SAM_1441\" alt=\"SAM_1441\" style=\"width: 197px; height: 148px;\" \/> <\/a> <\/div> <div class=\"tiled-gallery-item tiled-gallery-item-small\" itemprop=\"associatedMedia\" itemscope itemtype=\"http:\/\/schema.org\/ImageObject\"> <a href=\"http:\/\/blogs.lyceecfadumene.fr\/tyanheol\/2013\/09\/13\/et-voici-quelques-photos-des-journees-dintegration-et-daccueil-des-nouveaux-eleves-du-lycee\/sam_1440\/\" border=\"0\" itemprop=\"url\"> <meta itemprop=\"width\" content=\"197\"> <meta itemprop=\"height\" content=\"147\"> <img decoding=\"async\" class=\"\" data-attachment-id=\"306\" data-orig-file=\"http:\/\/blogs.lyceecfadumene.fr\/tyanheol\/files\/2013\/09\/SAM_1440.jpg\" data-orig-size=\"2592,1944\" data-comments-opened=\"1\" data-image-meta=\"{&quot;aperture&quot;:&quot;9.4&quot;,&quot;credit&quot;:&quot;&quot;,&quot;camera&quot;:&quot;SAMSUNG PL120,PL121 \\\/ VLUU PL120,PL121&quot;,&quot;caption&quot;:&quot;&quot;,&quot;created_timestamp&quot;:&quot;1378381684&quot;,&quot;copyright&quot;:&quot;COPYRIGHT, 2011&quot;,&quot;focal_length&quot;:&quot;4.9&quot;,&quot;iso&quot;:&quot;80&quot;,&quot;shutter_speed&quot;:&quot;0.00555555555556&quot;,&quot;title&quot;:&quot;&quot;}\" data-image-title=\"SAM_1440\" data-image-description=\"\" data-medium-file=\"https:\/\/i0.wp.com\/blogs.lyceecfadumene.fr\/tyanheol\/files\/2013\/09\/SAM_1440.jpg?fit=300%2C225\" data-large-file=\"https:\/\/i0.wp.com\/blogs.lyceecfadumene.fr\/tyanheol\/files\/2013\/09\/SAM_1440.jpg?fit=604%2C453\" src=\"https:\/\/i0.wp.com\/blogs.lyceecfadumene.fr\/tyanheol\/files\/2013\/09\/SAM_1440.jpg?w=197&#038;h=147\" srcset=\"https:\/\/i0.wp.com\/blogs.lyceecfadumene.fr\/tyanheol\/files\/2013\/09\/SAM_1440.jpg?w=2592 2592w, https:\/\/i0.wp.com\/blogs.lyceecfadumene.fr\/tyanheol\/files\/2013\/09\/SAM_1440.jpg?resize=300%2C225 300w, https:\/\/i0.wp.com\/blogs.lyceecfadumene.fr\/tyanheol\/files\/2013\/09\/SAM_1440.jpg?resize=1024%2C768 1024w, https:\/\/i0.wp.com\/blogs.lyceecfadumene.fr\/tyanheol\/files\/2013\/09\/SAM_1440.jpg?resize=400%2C300 400w, https:\/\/i0.wp.com\/blogs.lyceecfadumene.fr\/tyanheol\/files\/2013\/09\/SAM_1440.jpg?w=1208 1208w, https:\/\/i0.wp.com\/blogs.lyceecfadumene.fr\/tyanheol\/files\/2013\/09\/SAM_1440.jpg?w=1812 1812w\" width=\"197\" height=\"147\" loading=\"lazy\" data-original-width=\"197\" data-original-height=\"147\" itemprop=\"http:\/\/schema.org\/image\" title=\"SAM_1440\" alt=\"SAM_1440\" style=\"width: 197px; height: 147px;\" \/> <\/a> <\/div> <\/div> <!-- close group --> <div class=\"gallery-group images-1\" style=\"width: 403px; height: 303px;\" data-original-width=\"403\" data-original-height=\"303\" > <div class=\"tiled-gallery-item tiled-gallery-item-large\" itemprop=\"associatedMedia\" itemscope itemtype=\"http:\/\/schema.org\/ImageObject\"> <a href=\"http:\/\/blogs.lyceecfadumene.fr\/tyanheol\/2013\/09\/13\/et-voici-quelques-photos-des-journees-dintegration-et-daccueil-des-nouveaux-eleves-du-lycee\/sam_1439\/\" border=\"0\" itemprop=\"url\"> <meta itemprop=\"width\" content=\"399\"> <meta itemprop=\"height\" content=\"299\"> <img decoding=\"async\" class=\"\" data-attachment-id=\"305\" data-orig-file=\"http:\/\/blogs.lyceecfadumene.fr\/tyanheol\/files\/2013\/09\/SAM_1439.jpg\" data-orig-size=\"2592,1944\" data-comments-opened=\"1\" data-image-meta=\"{&quot;aperture&quot;:&quot;3.3&quot;,&quot;credit&quot;:&quot;&quot;,&quot;camera&quot;:&quot;SAMSUNG PL120,PL121 \\\/ VLUU PL120,PL121&quot;,&quot;caption&quot;:&quot;&quot;,&quot;created_timestamp&quot;:&quot;1378380945&quot;,&quot;copyright&quot;:&quot;COPYRIGHT, 2011&quot;,&quot;focal_length&quot;:&quot;4.9&quot;,&quot;iso&quot;:&quot;80&quot;,&quot;shutter_speed&quot;:&quot;0.001&quot;,&quot;title&quot;:&quot;&quot;}\" data-image-title=\"SAM_1439\" data-image-description=\"\" data-medium-file=\"https:\/\/i0.wp.com\/blogs.lyceecfadumene.fr\/tyanheol\/files\/2013\/09\/SAM_1439.jpg?fit=300%2C225\" data-large-file=\"https:\/\/i0.wp.com\/blogs.lyceecfadumene.fr\/tyanheol\/files\/2013\/09\/SAM_1439.jpg?fit=604%2C453\" src=\"https:\/\/i0.wp.com\/blogs.lyceecfadumene.fr\/tyanheol\/files\/2013\/09\/SAM_1439.jpg?w=399&#038;h=299\" srcset=\"https:\/\/i0.wp.com\/blogs.lyceecfadumene.fr\/tyanheol\/files\/2013\/09\/SAM_1439.jpg?w=2592 2592w, https:\/\/i0.wp.com\/blogs.lyceecfadumene.fr\/tyanheol\/files\/2013\/09\/SAM_1439.jpg?resize=300%2C225 300w, https:\/\/i0.wp.com\/blogs.lyceecfadumene.fr\/tyanheol\/files\/2013\/09\/SAM_1439.jpg?resize=1024%2C768 1024w, https:\/\/i0.wp.com\/blogs.lyceecfadumene.fr\/tyanheol\/files\/2013\/09\/SAM_1439.jpg?resize=400%2C300 400w, https:\/\/i0.wp.com\/blogs.lyceecfadumene.fr\/tyanheol\/files\/2013\/09\/SAM_1439.jpg?w=1208 1208w, https:\/\/i0.wp.com\/blogs.lyceecfadumene.fr\/tyanheol\/files\/2013\/09\/SAM_1439.jpg?w=1812 1812w\" width=\"399\" height=\"299\" loading=\"lazy\" data-original-width=\"399\" data-original-height=\"299\" itemprop=\"http:\/\/schema.org\/image\" title=\"SAM_1439\" alt=\"SAM_1439\" style=\"width: 399px; height: 299px;\" \/> <\/a> <\/div> <\/div> <!-- close group --> <\/div> <!-- close row --> <div class=\"gallery-row\" style=\"width: 604px; height: 228px;\" data-original-width=\"604\" data-original-height=\"228\" > <div class=\"gallery-group images-1\" style=\"width: 302px; height: 228px;\" data-original-width=\"302\" data-original-height=\"228\" > <div class=\"tiled-gallery-item tiled-gallery-item-large\" itemprop=\"associatedMedia\" itemscope itemtype=\"http:\/\/schema.org\/ImageObject\"> <a href=\"http:\/\/blogs.lyceecfadumene.fr\/tyanheol\/2013\/09\/13\/et-voici-quelques-photos-des-journees-dintegration-et-daccueil-des-nouveaux-eleves-du-lycee\/sam_1438\/\" border=\"0\" itemprop=\"url\"> <meta itemprop=\"width\" content=\"298\"> <meta itemprop=\"height\" content=\"224\"> <img decoding=\"async\" class=\"\" data-attachment-id=\"304\" data-orig-file=\"http:\/\/blogs.lyceecfadumene.fr\/tyanheol\/files\/2013\/09\/SAM_1438.jpg\" data-orig-size=\"2592,1944\" data-comments-opened=\"1\" data-image-meta=\"{&quot;aperture&quot;:&quot;3.3&quot;,&quot;credit&quot;:&quot;&quot;,&quot;camera&quot;:&quot;SAMSUNG PL120,PL121 \\\/ VLUU PL120,PL121&quot;,&quot;caption&quot;:&quot;&quot;,&quot;created_timestamp&quot;:&quot;1378380942&quot;,&quot;copyright&quot;:&quot;COPYRIGHT, 2011&quot;,&quot;focal_length&quot;:&quot;4.9&quot;,&quot;iso&quot;:&quot;80&quot;,&quot;shutter_speed&quot;:&quot;0.00133333333333&quot;,&quot;title&quot;:&quot;&quot;}\" data-image-title=\"SAM_1438\" data-image-description=\"\" data-medium-file=\"https:\/\/i0.wp.com\/blogs.lyceecfadumene.fr\/tyanheol\/files\/2013\/09\/SAM_1438.jpg?fit=300%2C225\" data-large-file=\"https:\/\/i0.wp.com\/blogs.lyceecfadumene.fr\/tyanheol\/files\/2013\/09\/SAM_1438.jpg?fit=604%2C453\" src=\"https:\/\/i0.wp.com\/blogs.lyceecfadumene.fr\/tyanheol\/files\/2013\/09\/SAM_1438.jpg?w=298&#038;h=224\" srcset=\"https:\/\/i0.wp.com\/blogs.lyceecfadumene.fr\/tyanheol\/files\/2013\/09\/SAM_1438.jpg?w=2592 2592w, https:\/\/i0.wp.com\/blogs.lyceecfadumene.fr\/tyanheol\/files\/2013\/09\/SAM_1438.jpg?resize=300%2C225 300w, https:\/\/i0.wp.com\/blogs.lyceecfadumene.fr\/tyanheol\/files\/2013\/09\/SAM_1438.jpg?resize=1024%2C768 1024w, https:\/\/i0.wp.com\/blogs.lyceecfadumene.fr\/tyanheol\/files\/2013\/09\/SAM_1438.jpg?resize=400%2C300 400w, https:\/\/i0.wp.com\/blogs.lyceecfadumene.fr\/tyanheol\/files\/2013\/09\/SAM_1438.jpg?w=1208 1208w, https:\/\/i0.wp.com\/blogs.lyceecfadumene.fr\/tyanheol\/files\/2013\/09\/SAM_1438.jpg?w=1812 1812w\" width=\"298\" height=\"224\" loading=\"lazy\" data-original-width=\"298\" data-original-height=\"224\" itemprop=\"http:\/\/schema.org\/image\" title=\"SAM_1438\" alt=\"SAM_1438\" style=\"width: 298px; height: 224px;\" \/> <\/a> <\/div> <\/div> <!-- close group --> <div class=\"gallery-group images-1\" style=\"width: 302px; height: 228px;\" data-original-width=\"302\" data-original-height=\"228\" > <div class=\"tiled-gallery-item tiled-gallery-item-large\" itemprop=\"associatedMedia\" itemscope itemtype=\"http:\/\/schema.org\/ImageObject\"> <a href=\"http:\/\/blogs.lyceecfadumene.fr\/tyanheol\/2013\/09\/13\/et-voici-quelques-photos-des-journees-dintegration-et-daccueil-des-nouveaux-eleves-du-lycee\/sam_1437\/\" border=\"0\" itemprop=\"url\"> <meta itemprop=\"width\" content=\"298\"> <meta itemprop=\"height\" content=\"224\"> <img decoding=\"async\" class=\"\" data-attachment-id=\"303\" data-orig-file=\"http:\/\/blogs.lyceecfadumene.fr\/tyanheol\/files\/2013\/09\/SAM_1437.jpg\" data-orig-size=\"2592,1944\" data-comments-opened=\"1\" data-image-meta=\"{&quot;aperture&quot;:&quot;3.3&quot;,&quot;credit&quot;:&quot;&quot;,&quot;camera&quot;:&quot;SAMSUNG PL120,PL121 \\\/ VLUU PL120,PL121&quot;,&quot;caption&quot;:&quot;&quot;,&quot;created_timestamp&quot;:&quot;1378380937&quot;,&quot;copyright&quot;:&quot;COPYRIGHT, 2011&quot;,&quot;focal_length&quot;:&quot;4.9&quot;,&quot;iso&quot;:&quot;80&quot;,&quot;shutter_speed&quot;:&quot;0.002&quot;,&quot;title&quot;:&quot;&quot;}\" data-image-title=\"SAM_1437\" data-image-description=\"\" data-medium-file=\"https:\/\/i0.wp.com\/blogs.lyceecfadumene.fr\/tyanheol\/files\/2013\/09\/SAM_1437.jpg?fit=300%2C225\" data-large-file=\"https:\/\/i0.wp.com\/blogs.lyceecfadumene.fr\/tyanheol\/files\/2013\/09\/SAM_1437.jpg?fit=604%2C453\" src=\"https:\/\/i0.wp.com\/blogs.lyceecfadumene.fr\/tyanheol\/files\/2013\/09\/SAM_1437.jpg?w=298&#038;h=224\" srcset=\"https:\/\/i0.wp.com\/blogs.lyceecfadumene.fr\/tyanheol\/files\/2013\/09\/SAM_1437.jpg?w=2592 2592w, https:\/\/i0.wp.com\/blogs.lyceecfadumene.fr\/tyanheol\/files\/2013\/09\/SAM_1437.jpg?resize=300%2C225 300w, https:\/\/i0.wp.com\/blogs.lyceecfadumene.fr\/tyanheol\/files\/2013\/09\/SAM_1437.jpg?resize=1024%2C768 1024w, https:\/\/i0.wp.com\/blogs.lyceecfadumene.fr\/tyanheol\/files\/2013\/09\/SAM_1437.jpg?resize=400%2C300 400w, https:\/\/i0.wp.com\/blogs.lyceecfadumene.fr\/tyanheol\/files\/2013\/09\/SAM_1437.jpg?w=1208 1208w, https:\/\/i0.wp.com\/blogs.lyceecfadumene.fr\/tyanheol\/files\/2013\/09\/SAM_1437.jpg?w=1812 1812w\" width=\"298\" height=\"224\" loading=\"lazy\" data-original-width=\"298\" data-original-height=\"224\" itemprop=\"http:\/\/schema.org\/image\" title=\"SAM_1437\" alt=\"SAM_1437\" style=\"width: 298px; height: 224px;\" \/> <\/a> <\/div> <\/div> <!-- close group --> <\/div> <!-- close row --> <div class=\"gallery-row\" style=\"width: 604px; height: 303px;\" data-original-width=\"604\" data-original-height=\"303\" > <div class=\"gallery-group images-1\" style=\"width: 403px; height: 303px;\" data-original-width=\"403\" data-original-height=\"303\" > <div class=\"tiled-gallery-item tiled-gallery-item-large\" itemprop=\"associatedMedia\" itemscope itemtype=\"http:\/\/schema.org\/ImageObject\"> <a href=\"http:\/\/blogs.lyceecfadumene.fr\/tyanheol\/2013\/09\/13\/et-voici-quelques-photos-des-journees-dintegration-et-daccueil-des-nouveaux-eleves-du-lycee\/sam_1436\/\" border=\"0\" itemprop=\"url\"> <meta itemprop=\"width\" content=\"399\"> <meta itemprop=\"height\" content=\"299\"> <img decoding=\"async\" class=\"\" data-attachment-id=\"302\" data-orig-file=\"http:\/\/blogs.lyceecfadumene.fr\/tyanheol\/files\/2013\/09\/SAM_1436.jpg\" data-orig-size=\"2592,1944\" data-comments-opened=\"1\" data-image-meta=\"{&quot;aperture&quot;:&quot;3.3&quot;,&quot;credit&quot;:&quot;&quot;,&quot;camera&quot;:&quot;SAMSUNG PL120,PL121 \\\/ VLUU PL120,PL121&quot;,&quot;caption&quot;:&quot;&quot;,&quot;created_timestamp&quot;:&quot;1378380933&quot;,&quot;copyright&quot;:&quot;COPYRIGHT, 2011&quot;,&quot;focal_length&quot;:&quot;4.9&quot;,&quot;iso&quot;:&quot;80&quot;,&quot;shutter_speed&quot;:&quot;0.001&quot;,&quot;title&quot;:&quot;&quot;}\" data-image-title=\"SAM_1436\" data-image-description=\"\" data-medium-file=\"https:\/\/i0.wp.com\/blogs.lyceecfadumene.fr\/tyanheol\/files\/2013\/09\/SAM_1436.jpg?fit=300%2C225\" data-large-file=\"https:\/\/i0.wp.com\/blogs.lyceecfadumene.fr\/tyanheol\/files\/2013\/09\/SAM_1436.jpg?fit=604%2C453\" src=\"https:\/\/i0.wp.com\/blogs.lyceecfadumene.fr\/tyanheol\/files\/2013\/09\/SAM_1436.jpg?w=399&#038;h=299\" srcset=\"https:\/\/i0.wp.com\/blogs.lyceecfadumene.fr\/tyanheol\/files\/2013\/09\/SAM_1436.jpg?w=2592 2592w, https:\/\/i0.wp.com\/blogs.lyceecfadumene.fr\/tyanheol\/files\/2013\/09\/SAM_1436.jpg?resize=300%2C225 300w, https:\/\/i0.wp.com\/blogs.lyceecfadumene.fr\/tyanheol\/files\/2013\/09\/SAM_1436.jpg?resize=1024%2C768 1024w, https:\/\/i0.wp.com\/blogs.lyceecfadumene.fr\/tyanheol\/files\/2013\/09\/SAM_1436.jpg?resize=400%2C300 400w, https:\/\/i0.wp.com\/blogs.lyceecfadumene.fr\/tyanheol\/files\/2013\/09\/SAM_1436.jpg?w=1208 1208w, https:\/\/i0.wp.com\/blogs.lyceecfadumene.fr\/tyanheol\/files\/2013\/09\/SAM_1436.jpg?w=1812 1812w\" width=\"399\" height=\"299\" loading=\"lazy\" data-original-width=\"399\" data-original-height=\"299\" itemprop=\"http:\/\/schema.org\/image\" title=\"SAM_1436\" alt=\"SAM_1436\" style=\"width: 399px; height: 299px;\" \/> <\/a> <\/div> <\/div> <!-- close group --> <div class=\"gallery-group images-2\" style=\"width: 201px; height: 303px;\" data-original-width=\"201\" data-original-height=\"303\" > <div class=\"tiled-gallery-item tiled-gallery-item-small\" itemprop=\"associatedMedia\" itemscope itemtype=\"http:\/\/schema.org\/ImageObject\"> <a href=\"http:\/\/blogs.lyceecfadumene.fr\/tyanheol\/2013\/09\/13\/et-voici-quelques-photos-des-journees-dintegration-et-daccueil-des-nouveaux-eleves-du-lycee\/sam_1434\/\" border=\"0\" itemprop=\"url\"> <meta itemprop=\"width\" content=\"197\"> <meta itemprop=\"height\" content=\"148\"> <img decoding=\"async\" class=\"\" data-attachment-id=\"300\" data-orig-file=\"http:\/\/blogs.lyceecfadumene.fr\/tyanheol\/files\/2013\/09\/SAM_1434.jpg\" data-orig-size=\"2592,1944\" data-comments-opened=\"1\" data-image-meta=\"{&quot;aperture&quot;:&quot;5.4&quot;,&quot;credit&quot;:&quot;&quot;,&quot;camera&quot;:&quot;SAMSUNG PL120,PL121 \\\/ VLUU PL120,PL121&quot;,&quot;caption&quot;:&quot;&quot;,&quot;created_timestamp&quot;:&quot;1378380841&quot;,&quot;copyright&quot;:&quot;COPYRIGHT, 2011&quot;,&quot;focal_length&quot;:&quot;21&quot;,&quot;iso&quot;:&quot;80&quot;,&quot;shutter_speed&quot;:&quot;0.004&quot;,&quot;title&quot;:&quot;&quot;}\" data-image-title=\"SAM_1434\" data-image-description=\"\" data-medium-file=\"https:\/\/i0.wp.com\/blogs.lyceecfadumene.fr\/tyanheol\/files\/2013\/09\/SAM_1434.jpg?fit=300%2C225\" data-large-file=\"https:\/\/i0.wp.com\/blogs.lyceecfadumene.fr\/tyanheol\/files\/2013\/09\/SAM_1434.jpg?fit=604%2C453\" src=\"https:\/\/i0.wp.com\/blogs.lyceecfadumene.fr\/tyanheol\/files\/2013\/09\/SAM_1434.jpg?w=197&#038;h=148\" srcset=\"https:\/\/i0.wp.com\/blogs.lyceecfadumene.fr\/tyanheol\/files\/2013\/09\/SAM_1434.jpg?w=2592 2592w, https:\/\/i0.wp.com\/blogs.lyceecfadumene.fr\/tyanheol\/files\/2013\/09\/SAM_1434.jpg?resize=300%2C225 300w, https:\/\/i0.wp.com\/blogs.lyceecfadumene.fr\/tyanheol\/files\/2013\/09\/SAM_1434.jpg?resize=1024%2C768 1024w, https:\/\/i0.wp.com\/blogs.lyceecfadumene.fr\/tyanheol\/files\/2013\/09\/SAM_1434.jpg?resize=400%2C300 400w, https:\/\/i0.wp.com\/blogs.lyceecfadumene.fr\/tyanheol\/files\/2013\/09\/SAM_1434.jpg?w=1208 1208w, https:\/\/i0.wp.com\/blogs.lyceecfadumene.fr\/tyanheol\/files\/2013\/09\/SAM_1434.jpg?w=1812 1812w\" width=\"197\" height=\"148\" loading=\"lazy\" data-original-width=\"197\" data-original-height=\"148\" itemprop=\"http:\/\/schema.org\/image\" title=\"SAM_1434\" alt=\"SAM_1434\" style=\"width: 197px; height: 148px;\" \/> <\/a> <\/div> <div class=\"tiled-gallery-item tiled-gallery-item-small\" itemprop=\"associatedMedia\" itemscope itemtype=\"http:\/\/schema.org\/ImageObject\"> <a href=\"http:\/\/blogs.lyceecfadumene.fr\/tyanheol\/2013\/09\/13\/et-voici-quelques-photos-des-journees-dintegration-et-daccueil-des-nouveaux-eleves-du-lycee\/sam_1433\/\" border=\"0\" itemprop=\"url\"> <meta itemprop=\"width\" content=\"197\"> <meta itemprop=\"height\" content=\"147\"> <img decoding=\"async\" class=\"\" data-attachment-id=\"299\" data-orig-file=\"http:\/\/blogs.lyceecfadumene.fr\/tyanheol\/files\/2013\/09\/SAM_1433.jpg\" data-orig-size=\"2592,1944\" data-comments-opened=\"1\" data-image-meta=\"{&quot;aperture&quot;:&quot;3.3&quot;,&quot;credit&quot;:&quot;&quot;,&quot;camera&quot;:&quot;SAMSUNG PL120,PL121 \\\/ VLUU PL120,PL121&quot;,&quot;caption&quot;:&quot;&quot;,&quot;created_timestamp&quot;:&quot;1378380821&quot;,&quot;copyright&quot;:&quot;COPYRIGHT, 2011&quot;,&quot;focal_length&quot;:&quot;4.9&quot;,&quot;iso&quot;:&quot;80&quot;,&quot;shutter_speed&quot;:&quot;0.00133333333333&quot;,&quot;title&quot;:&quot;&quot;}\" data-image-title=\"SAM_1433\" data-image-description=\"\" data-medium-file=\"https:\/\/i0.wp.com\/blogs.lyceecfadumene.fr\/tyanheol\/files\/2013\/09\/SAM_1433.jpg?fit=300%2C225\" data-large-file=\"https:\/\/i0.wp.com\/blogs.lyceecfadumene.fr\/tyanheol\/files\/2013\/09\/SAM_1433.jpg?fit=604%2C453\" src=\"https:\/\/i0.wp.com\/blogs.lyceecfadumene.fr\/tyanheol\/files\/2013\/09\/SAM_1433.jpg?w=197&#038;h=147\" srcset=\"https:\/\/i0.wp.com\/blogs.lyceecfadumene.fr\/tyanheol\/files\/2013\/09\/SAM_1433.jpg?w=2592 2592w, https:\/\/i0.wp.com\/blogs.lyceecfadumene.fr\/tyanheol\/files\/2013\/09\/SAM_1433.jpg?resize=300%2C225 300w, https:\/\/i0.wp.com\/blogs.lyceecfadumene.fr\/tyanheol\/files\/2013\/09\/SAM_1433.jpg?resize=1024%2C768 1024w, https:\/\/i0.wp.com\/blogs.lyceecfadumene.fr\/tyanheol\/files\/2013\/09\/SAM_1433.jpg?resize=400%2C300 400w, https:\/\/i0.wp.com\/blogs.lyceecfadumene.fr\/tyanheol\/files\/2013\/09\/SAM_1433.jpg?w=1208 1208w, https:\/\/i0.wp.com\/blogs.lyceecfadumene.fr\/tyanheol\/files\/2013\/09\/SAM_1433.jpg?w=1812 1812w\" width=\"197\" height=\"147\" loading=\"lazy\" data-original-width=\"197\" data-original-height=\"147\" itemprop=\"http:\/\/schema.org\/image\" title=\"SAM_1433\" alt=\"SAM_1433\" style=\"width: 197px; height: 147px;\" \/> <\/a> <\/div> <\/div> <!-- close group --> <\/div> <!-- close row --> <div class=\"gallery-row\" style=\"width: 604px; height: 228px;\" data-original-width=\"604\" data-original-height=\"228\" > <div class=\"gallery-group images-1\" style=\"width: 302px; height: 228px;\" data-original-width=\"302\" data-original-height=\"228\" > <div class=\"tiled-gallery-item tiled-gallery-item-large\" itemprop=\"associatedMedia\" itemscope itemtype=\"http:\/\/schema.org\/ImageObject\"> <a href=\"http:\/\/blogs.lyceecfadumene.fr\/tyanheol\/2013\/09\/13\/et-voici-quelques-photos-des-journees-dintegration-et-daccueil-des-nouveaux-eleves-du-lycee\/sam_1432\/\" border=\"0\" itemprop=\"url\"> <meta itemprop=\"width\" content=\"298\"> <meta itemprop=\"height\" content=\"224\"> <img decoding=\"async\" class=\"\" data-attachment-id=\"298\" data-orig-file=\"http:\/\/blogs.lyceecfadumene.fr\/tyanheol\/files\/2013\/09\/SAM_1432.jpg\" data-orig-size=\"2592,1944\" data-comments-opened=\"1\" data-image-meta=\"{&quot;aperture&quot;:&quot;3.3&quot;,&quot;credit&quot;:&quot;&quot;,&quot;camera&quot;:&quot;SAMSUNG PL120,PL121 \\\/ VLUU PL120,PL121&quot;,&quot;caption&quot;:&quot;&quot;,&quot;created_timestamp&quot;:&quot;1378380818&quot;,&quot;copyright&quot;:&quot;COPYRIGHT, 2011&quot;,&quot;focal_length&quot;:&quot;4.9&quot;,&quot;iso&quot;:&quot;80&quot;,&quot;shutter_speed&quot;:&quot;0.00133333333333&quot;,&quot;title&quot;:&quot;&quot;}\" data-image-title=\"SAM_1432\" data-image-description=\"\" data-medium-file=\"https:\/\/i0.wp.com\/blogs.lyceecfadumene.fr\/tyanheol\/files\/2013\/09\/SAM_1432.jpg?fit=300%2C225\" data-large-file=\"https:\/\/i0.wp.com\/blogs.lyceecfadumene.fr\/tyanheol\/files\/2013\/09\/SAM_1432.jpg?fit=604%2C453\" src=\"https:\/\/i0.wp.com\/blogs.lyceecfadumene.fr\/tyanheol\/files\/2013\/09\/SAM_1432.jpg?w=298&#038;h=224\" srcset=\"https:\/\/i0.wp.com\/blogs.lyceecfadumene.fr\/tyanheol\/files\/2013\/09\/SAM_1432.jpg?w=2592 2592w, https:\/\/i0.wp.com\/blogs.lyceecfadumene.fr\/tyanheol\/files\/2013\/09\/SAM_1432.jpg?resize=300%2C225 300w, https:\/\/i0.wp.com\/blogs.lyceecfadumene.fr\/tyanheol\/files\/2013\/09\/SAM_1432.jpg?resize=1024%2C768 1024w, https:\/\/i0.wp.com\/blogs.lyceecfadumene.fr\/tyanheol\/files\/2013\/09\/SAM_1432.jpg?resize=400%2C300 400w, https:\/\/i0.wp.com\/blogs.lyceecfadumene.fr\/tyanheol\/files\/2013\/09\/SAM_1432.jpg?w=1208 1208w, https:\/\/i0.wp.com\/blogs.lyceecfadumene.fr\/tyanheol\/files\/2013\/09\/SAM_1432.jpg?w=1812 1812w\" width=\"298\" height=\"224\" loading=\"lazy\" data-original-width=\"298\" data-original-height=\"224\" itemprop=\"http:\/\/schema.org\/image\" title=\"SAM_1432\" alt=\"SAM_1432\" style=\"width: 298px; height: 224px;\" \/> <\/a> <\/div> <\/div> <!-- close group --> <div class=\"gallery-group images-1\" style=\"width: 302px; height: 228px;\" data-original-width=\"302\" data-original-height=\"228\" > <div class=\"tiled-gallery-item tiled-gallery-item-large\" itemprop=\"associatedMedia\" itemscope itemtype=\"http:\/\/schema.org\/ImageObject\"> <a href=\"http:\/\/blogs.lyceecfadumene.fr\/tyanheol\/2013\/09\/13\/et-voici-quelques-photos-des-journees-dintegration-et-daccueil-des-nouveaux-eleves-du-lycee\/sam_1431\/\" border=\"0\" itemprop=\"url\"> <meta itemprop=\"width\" content=\"298\"> <meta itemprop=\"height\" content=\"224\"> <img decoding=\"async\" class=\"\" data-attachment-id=\"297\" data-orig-file=\"http:\/\/blogs.lyceecfadumene.fr\/tyanheol\/files\/2013\/09\/SAM_1431.jpg\" data-orig-size=\"2592,1944\" data-comments-opened=\"1\" data-image-meta=\"{&quot;aperture&quot;:&quot;9.4&quot;,&quot;credit&quot;:&quot;&quot;,&quot;camera&quot;:&quot;SAMSUNG PL120,PL121 \\\/ VLUU PL120,PL121&quot;,&quot;caption&quot;:&quot;&quot;,&quot;created_timestamp&quot;:&quot;1378380810&quot;,&quot;copyright&quot;:&quot;COPYRIGHT, 2011&quot;,&quot;focal_length&quot;:&quot;4.9&quot;,&quot;iso&quot;:&quot;80&quot;,&quot;shutter_speed&quot;:&quot;0.00555555555556&quot;,&quot;title&quot;:&quot;&quot;}\" data-image-title=\"SAM_1431\" data-image-description=\"\" data-medium-file=\"https:\/\/i0.wp.com\/blogs.lyceecfadumene.fr\/tyanheol\/files\/2013\/09\/SAM_1431.jpg?fit=300%2C225\" data-large-file=\"https:\/\/i0.wp.com\/blogs.lyceecfadumene.fr\/tyanheol\/files\/2013\/09\/SAM_1431.jpg?fit=604%2C453\" src=\"https:\/\/i0.wp.com\/blogs.lyceecfadumene.fr\/tyanheol\/files\/2013\/09\/SAM_1431.jpg?w=298&#038;h=224\" srcset=\"https:\/\/i0.wp.com\/blogs.lyceecfadumene.fr\/tyanheol\/files\/2013\/09\/SAM_1431.jpg?w=2592 2592w, https:\/\/i0.wp.com\/blogs.lyceecfadumene.fr\/tyanheol\/files\/2013\/09\/SAM_1431.jpg?resize=300%2C225 300w, https:\/\/i0.wp.com\/blogs.lyceecfadumene.fr\/tyanheol\/files\/2013\/09\/SAM_1431.jpg?resize=1024%2C768 1024w, https:\/\/i0.wp.com\/blogs.lyceecfadumene.fr\/tyanheol\/files\/2013\/09\/SAM_1431.jpg?resize=400%2C300 400w, https:\/\/i0.wp.com\/blogs.lyceecfadumene.fr\/tyanheol\/files\/2013\/09\/SAM_1431.jpg?w=1208 1208w, https:\/\/i0.wp.com\/blogs.lyceecfadumene.fr\/tyanheol\/files\/2013\/09\/SAM_1431.jpg?w=1812 1812w\" width=\"298\" height=\"224\" loading=\"lazy\" data-original-width=\"298\" data-original-height=\"224\" itemprop=\"http:\/\/schema.org\/image\" title=\"SAM_1431\" alt=\"SAM_1431\" style=\"width: 298px; height: 224px;\" \/> <\/a> <\/div> <\/div> <!-- close group --> <\/div> <!-- close row --> <div class=\"gallery-row\" style=\"width: 604px; height: 114px;\" data-original-width=\"604\" data-original-height=\"114\" > <div class=\"gallery-group images-1\" style=\"width: 151px; height: 114px;\" data-original-width=\"151\" data-original-height=\"114\" > <div class=\"tiled-gallery-item tiled-gallery-item-small\" itemprop=\"associatedMedia\" itemscope itemtype=\"http:\/\/schema.org\/ImageObject\"> <a href=\"http:\/\/blogs.lyceecfadumene.fr\/tyanheol\/2013\/09\/13\/et-voici-quelques-photos-des-journees-dintegration-et-daccueil-des-nouveaux-eleves-du-lycee\/sam_1430\/\" border=\"0\" itemprop=\"url\"> <meta itemprop=\"width\" content=\"147\"> <meta itemprop=\"height\" content=\"110\"> <img decoding=\"async\" class=\"\" data-attachment-id=\"296\" data-orig-file=\"http:\/\/blogs.lyceecfadumene.fr\/tyanheol\/files\/2013\/09\/SAM_1430.jpg\" data-orig-size=\"2592,1944\" data-comments-opened=\"1\" data-image-meta=\"{&quot;aperture&quot;:&quot;3.3&quot;,&quot;credit&quot;:&quot;&quot;,&quot;camera&quot;:&quot;SAMSUNG PL120,PL121 \\\/ VLUU PL120,PL121&quot;,&quot;caption&quot;:&quot;&quot;,&quot;created_timestamp&quot;:&quot;1378375942&quot;,&quot;copyright&quot;:&quot;COPYRIGHT, 2011&quot;,&quot;focal_length&quot;:&quot;4.9&quot;,&quot;iso&quot;:&quot;80&quot;,&quot;shutter_speed&quot;:&quot;0.002&quot;,&quot;title&quot;:&quot;&quot;}\" data-image-title=\"SAM_1430\" data-image-description=\"\" data-medium-file=\"https:\/\/i0.wp.com\/blogs.lyceecfadumene.fr\/tyanheol\/files\/2013\/09\/SAM_1430.jpg?fit=300%2C225\" data-large-file=\"https:\/\/i0.wp.com\/blogs.lyceecfadumene.fr\/tyanheol\/files\/2013\/09\/SAM_1430.jpg?fit=604%2C453\" src=\"https:\/\/i0.wp.com\/blogs.lyceecfadumene.fr\/tyanheol\/files\/2013\/09\/SAM_1430.jpg?w=147&#038;h=110\" srcset=\"https:\/\/i0.wp.com\/blogs.lyceecfadumene.fr\/tyanheol\/files\/2013\/09\/SAM_1430.jpg?w=2592 2592w, https:\/\/i0.wp.com\/blogs.lyceecfadumene.fr\/tyanheol\/files\/2013\/09\/SAM_1430.jpg?resize=300%2C225 300w, https:\/\/i0.wp.com\/blogs.lyceecfadumene.fr\/tyanheol\/files\/2013\/09\/SAM_1430.jpg?resize=1024%2C768 1024w, https:\/\/i0.wp.com\/blogs.lyceecfadumene.fr\/tyanheol\/files\/2013\/09\/SAM_1430.jpg?resize=400%2C300 400w, https:\/\/i0.wp.com\/blogs.lyceecfadumene.fr\/tyanheol\/files\/2013\/09\/SAM_1430.jpg?w=1208 1208w, https:\/\/i0.wp.com\/blogs.lyceecfadumene.fr\/tyanheol\/files\/2013\/09\/SAM_1430.jpg?w=1812 1812w\" width=\"147\" height=\"110\" loading=\"lazy\" data-original-width=\"147\" data-original-height=\"110\" itemprop=\"http:\/\/schema.org\/image\" title=\"SAM_1430\" alt=\"SAM_1430\" style=\"width: 147px; height: 110px;\" \/> <\/a> <\/div> <\/div> <!-- close group --> <div class=\"gallery-group images-1\" style=\"width: 151px; height: 114px;\" data-original-width=\"151\" data-original-height=\"114\" > <div class=\"tiled-gallery-item tiled-gallery-item-small\" itemprop=\"associatedMedia\" itemscope itemtype=\"http:\/\/schema.org\/ImageObject\"> <a href=\"http:\/\/blogs.lyceecfadumene.fr\/tyanheol\/2013\/09\/13\/et-voici-quelques-photos-des-journees-dintegration-et-daccueil-des-nouveaux-eleves-du-lycee\/sam_1429\/\" border=\"0\" itemprop=\"url\"> <meta itemprop=\"width\" content=\"147\"> <meta itemprop=\"height\" content=\"110\"> <img decoding=\"async\" class=\"\" data-attachment-id=\"295\" data-orig-file=\"http:\/\/blogs.lyceecfadumene.fr\/tyanheol\/files\/2013\/09\/SAM_1429.jpg\" data-orig-size=\"2592,1944\" data-comments-opened=\"1\" data-image-meta=\"{&quot;aperture&quot;:&quot;3.3&quot;,&quot;credit&quot;:&quot;&quot;,&quot;camera&quot;:&quot;SAMSUNG PL120,PL121 \\\/ VLUU PL120,PL121&quot;,&quot;caption&quot;:&quot;&quot;,&quot;created_timestamp&quot;:&quot;1378375933&quot;,&quot;copyright&quot;:&quot;COPYRIGHT, 2011&quot;,&quot;focal_length&quot;:&quot;4.9&quot;,&quot;iso&quot;:&quot;80&quot;,&quot;shutter_speed&quot;:&quot;0.00133333333333&quot;,&quot;title&quot;:&quot;&quot;}\" data-image-title=\"SAM_1429\" data-image-description=\"\" data-medium-file=\"https:\/\/i0.wp.com\/blogs.lyceecfadumene.fr\/tyanheol\/files\/2013\/09\/SAM_1429.jpg?fit=300%2C225\" data-large-file=\"https:\/\/i0.wp.com\/blogs.lyceecfadumene.fr\/tyanheol\/files\/2013\/09\/SAM_1429.jpg?fit=604%2C453\" src=\"https:\/\/i0.wp.com\/blogs.lyceecfadumene.fr\/tyanheol\/files\/2013\/09\/SAM_1429.jpg?w=147&#038;h=110\" srcset=\"https:\/\/i0.wp.com\/blogs.lyceecfadumene.fr\/tyanheol\/files\/2013\/09\/SAM_1429.jpg?w=2592 2592w, https:\/\/i0.wp.com\/blogs.lyceecfadumene.fr\/tyanheol\/files\/2013\/09\/SAM_1429.jpg?resize=300%2C225 300w, https:\/\/i0.wp.com\/blogs.lyceecfadumene.fr\/tyanheol\/files\/2013\/09\/SAM_1429.jpg?resize=1024%2C768 1024w, https:\/\/i0.wp.com\/blogs.lyceecfadumene.fr\/tyanheol\/files\/2013\/09\/SAM_1429.jpg?resize=400%2C300 400w, https:\/\/i0.wp.com\/blogs.lyceecfadumene.fr\/tyanheol\/files\/2013\/09\/SAM_1429.jpg?w=1208 1208w, https:\/\/i0.wp.com\/blogs.lyceecfadumene.fr\/tyanheol\/files\/2013\/09\/SAM_1429.jpg?w=1812 1812w\" width=\"147\" height=\"110\" loading=\"lazy\" data-original-width=\"147\" data-original-height=\"110\" itemprop=\"http:\/\/schema.org\/image\" title=\"SAM_1429\" alt=\"SAM_1429\" style=\"width: 147px; height: 110px;\" \/> <\/a> <\/div> <\/div> <!-- close group --> <div class=\"gallery-group images-1\" style=\"width: 151px; height: 114px;\" data-original-width=\"151\" data-original-height=\"114\" > <div class=\"tiled-gallery-item tiled-gallery-item-small\" itemprop=\"associatedMedia\" itemscope itemtype=\"http:\/\/schema.org\/ImageObject\"> <a href=\"http:\/\/blogs.lyceecfadumene.fr\/tyanheol\/2013\/09\/13\/et-voici-quelques-photos-des-journees-dintegration-et-daccueil-des-nouveaux-eleves-du-lycee\/sam_1427\/\" border=\"0\" itemprop=\"url\"> <meta itemprop=\"width\" content=\"147\"> <meta itemprop=\"height\" content=\"110\"> <img decoding=\"async\" class=\"\" data-attachment-id=\"294\" data-orig-file=\"http:\/\/blogs.lyceecfadumene.fr\/tyanheol\/files\/2013\/09\/SAM_1427.jpg\" data-orig-size=\"2592,1944\" data-comments-opened=\"1\" data-image-meta=\"{&quot;aperture&quot;:&quot;9.4&quot;,&quot;credit&quot;:&quot;&quot;,&quot;camera&quot;:&quot;SAMSUNG PL120,PL121 \\\/ VLUU PL120,PL121&quot;,&quot;caption&quot;:&quot;&quot;,&quot;created_timestamp&quot;:&quot;1378375839&quot;,&quot;copyright&quot;:&quot;COPYRIGHT, 2011&quot;,&quot;focal_length&quot;:&quot;4.9&quot;,&quot;iso&quot;:&quot;80&quot;,&quot;shutter_speed&quot;:&quot;0.00555555555556&quot;,&quot;title&quot;:&quot;&quot;}\" data-image-title=\"SAM_1427\" data-image-description=\"\" data-medium-file=\"https:\/\/i0.wp.com\/blogs.lyceecfadumene.fr\/tyanheol\/files\/2013\/09\/SAM_1427.jpg?fit=300%2C225\" data-large-file=\"https:\/\/i0.wp.com\/blogs.lyceecfadumene.fr\/tyanheol\/files\/2013\/09\/SAM_1427.jpg?fit=604%2C453\" src=\"https:\/\/i0.wp.com\/blogs.lyceecfadumene.fr\/tyanheol\/files\/2013\/09\/SAM_1427.jpg?w=147&#038;h=110\" srcset=\"https:\/\/i0.wp.com\/blogs.lyceecfadumene.fr\/tyanheol\/files\/2013\/09\/SAM_1427.jpg?w=2592 2592w, https:\/\/i0.wp.com\/blogs.lyceecfadumene.fr\/tyanheol\/files\/2013\/09\/SAM_1427.jpg?resize=300%2C225 300w, https:\/\/i0.wp.com\/blogs.lyceecfadumene.fr\/tyanheol\/files\/2013\/09\/SAM_1427.jpg?resize=1024%2C768 1024w, https:\/\/i0.wp.com\/blogs.lyceecfadumene.fr\/tyanheol\/files\/2013\/09\/SAM_1427.jpg?resize=400%2C300 400w, https:\/\/i0.wp.com\/blogs.lyceecfadumene.fr\/tyanheol\/files\/2013\/09\/SAM_1427.jpg?w=1208 1208w, https:\/\/i0.wp.com\/blogs.lyceecfadumene.fr\/tyanheol\/files\/2013\/09\/SAM_1427.jpg?w=1812 1812w\" width=\"147\" height=\"110\" loading=\"lazy\" data-original-width=\"147\" data-original-height=\"110\" itemprop=\"http:\/\/schema.org\/image\" title=\"SAM_1427\" alt=\"SAM_1427\" style=\"width: 147px; height: 110px;\" \/> <\/a> <\/div> <\/div> <!-- close group --> <div class=\"gallery-group images-1\" style=\"width: 151px; height: 114px;\" data-original-width=\"151\" data-original-height=\"114\" > <div class=\"tiled-gallery-item tiled-gallery-item-small\" itemprop=\"associatedMedia\" itemscope itemtype=\"http:\/\/schema.org\/ImageObject\"> <a href=\"http:\/\/blogs.lyceecfadumene.fr\/tyanheol\/2013\/09\/13\/et-voici-quelques-photos-des-journees-dintegration-et-daccueil-des-nouveaux-eleves-du-lycee\/sam_1463\/\" border=\"0\" itemprop=\"url\"> <meta itemprop=\"width\" content=\"147\"> <meta itemprop=\"height\" content=\"110\"> <img decoding=\"async\" class=\"\" data-attachment-id=\"293\" data-orig-file=\"http:\/\/blogs.lyceecfadumene.fr\/tyanheol\/files\/2013\/09\/SAM_1463.jpg\" data-orig-size=\"2592,1944\" data-comments-opened=\"1\" data-image-meta=\"{&quot;aperture&quot;:&quot;3.3&quot;,&quot;credit&quot;:&quot;&quot;,&quot;camera&quot;:&quot;SAMSUNG PL120,PL121 \\\/ VLUU PL120,PL121&quot;,&quot;caption&quot;:&quot;&quot;,&quot;created_timestamp&quot;:&quot;1378383231&quot;,&quot;copyright&quot;:&quot;COPYRIGHT, 2011&quot;,&quot;focal_length&quot;:&quot;4.9&quot;,&quot;iso&quot;:&quot;100&quot;,&quot;shutter_speed&quot;:&quot;0.0111111111111&quot;,&quot;title&quot;:&quot;&quot;}\" data-image-title=\"SAM_1463\" data-image-description=\"\" data-medium-file=\"https:\/\/i0.wp.com\/blogs.lyceecfadumene.fr\/tyanheol\/files\/2013\/09\/SAM_1463.jpg?fit=300%2C225\" data-large-file=\"https:\/\/i0.wp.com\/blogs.lyceecfadumene.fr\/tyanheol\/files\/2013\/09\/SAM_1463.jpg?fit=604%2C453\" src=\"https:\/\/i0.wp.com\/blogs.lyceecfadumene.fr\/tyanheol\/files\/2013\/09\/SAM_1463.jpg?w=147&#038;h=110\" srcset=\"https:\/\/i0.wp.com\/blogs.lyceecfadumene.fr\/tyanheol\/files\/2013\/09\/SAM_1463.jpg?w=2592 2592w, https:\/\/i0.wp.com\/blogs.lyceecfadumene.fr\/tyanheol\/files\/2013\/09\/SAM_1463.jpg?resize=300%2C225 300w, https:\/\/i0.wp.com\/blogs.lyceecfadumene.fr\/tyanheol\/files\/2013\/09\/SAM_1463.jpg?resize=1024%2C768 1024w, https:\/\/i0.wp.com\/blogs.lyceecfadumene.fr\/tyanheol\/files\/2013\/09\/SAM_1463.jpg?resize=400%2C300 400w, https:\/\/i0.wp.com\/blogs.lyceecfadumene.fr\/tyanheol\/files\/2013\/09\/SAM_1463.jpg?w=1208 1208w, https:\/\/i0.wp.com\/blogs.lyceecfadumene.fr\/tyanheol\/files\/2013\/09\/SAM_1463.jpg?w=1812 1812w\" width=\"147\" height=\"110\" loading=\"lazy\" data-original-width=\"147\" data-original-height=\"110\" itemprop=\"http:\/\/schema.org\/image\" title=\"SAM_1463\" alt=\"SAM_1463\" style=\"width: 147px; height: 110px;\" \/> <\/a> <\/div> <\/div> <!-- close group --> <\/div> <!-- close row --> <\/div>\n","protected":false},"excerpt":{"rendered":"<p>Quelques photos de ces journ\u00e9es :<\/p>\n","protected":false},"author":87,"featured_media":0,"comment_status":"open","ping_status":"open","sticky":false,"template":"","format":"standard","meta":{"_jetpack_memberships_contains_paid_content":false,"footnotes":"","jetpack_publicize_message":"","jetpack_publicize_feature_enabled":true,"jetpack_social_post_already_shared":true,"jetpack_social_options":{"image_generator_settings":{"template":"highway","default_image_id":0,"font":"","enabled":false},"version":2}},"categories":[1],"tags":[],"class_list":["post-292","post","type-post","status-publish","format-standard","hentry","category-non-classe"],"aioseo_notices":[],"jetpack_publicize_connections":[],"jetpack_featured_media_url":"","jetpack_shortlink":"https:\/\/wp.me\/p1SrOO-4I","jetpack_sharing_enabled":true,"_links":{"self":[{"href":"http:\/\/blogs.lyceecfadumene.fr\/tyanheol\/wp-json\/wp\/v2\/posts\/292","targetHints":{"allow":["GET"]}}],"collection":[{"href":"http:\/\/blogs.lyceecfadumene.fr\/tyanheol\/wp-json\/wp\/v2\/posts"}],"about":[{"href":"http:\/\/blogs.lyceecfadumene.fr\/tyanheol\/wp-json\/wp\/v2\/types\/post"}],"author":[{"embeddable":true,"href":"http:\/\/blogs.lyceecfadumene.fr\/tyanheol\/wp-json\/wp\/v2\/users\/87"}],"replies":[{"embeddable":true,"href":"http:\/\/blogs.lyceecfadumene.fr\/tyanheol\/wp-json\/wp\/v2\/comments?post=292"}],"version-history":[{"count":0,"href":"http:\/\/blogs.lyceecfadumene.fr\/tyanheol\/wp-json\/wp\/v2\/posts\/292\/revisions"}],"wp:attachment":[{"href":"http:\/\/blogs.lyceecfadumene.fr\/tyanheol\/wp-json\/wp\/v2\/media?parent=292"}],"wp:term":[{"taxonomy":"category","embeddable":true,"href":"http:\/\/blogs.lyceecfadumene.fr\/tyanheol\/wp-json\/wp\/v2\/categories?post=292"},{"taxonomy":"post_tag","embeddable":true,"href":"http:\/\/blogs.lyceecfadumene.fr\/tyanheol\/wp-json\/wp\/v2\/tags?post=292"}],"curies":[{"name":"wp","href":"https:\/\/api.w.org\/{rel}","templated":true}]}}