{"id":2775,"date":"2020-10-09T09:54:13","date_gmt":"2020-10-09T07:54:13","guid":{"rendered":"https:\/\/blogs.lyceecfadumene.fr\/tyanheol\/?p=2775"},"modified":"2020-10-09T09:54:13","modified_gmt":"2020-10-09T07:54:13","slug":"election-du-bureau-de-ty-an-heol","status":"publish","type":"post","link":"http:\/\/blogs.lyceecfadumene.fr\/tyanheol\/2020\/10\/09\/election-du-bureau-de-ty-an-heol\/","title":{"rendered":"\u00c9lection du bureau de Ty An Heol"},"content":{"rendered":"<p><strong>Jeudi 08 octobre 2020, a eu lieu la r\u00e9union pour les \u00e9lections des repr\u00e9sentants de Ty An Heol<\/strong>, les r\u00e9sultats sont les suivants :<\/p>\n<ul>\n<li>Le Pr\u00e9sident est Joseph PAYEN,<\/li>\n<li>La Vice Pr\u00e9sidente est Laura HENRY,<\/li>\n<li>La Secr\u00e9taire est Yuna MAURICE,<\/li>\n<li>Le Secr\u00e9taire Adjoint est Valentin MOISAN,<\/li>\n<li>Le Tr\u00e9sorier est Beno\u00eet GOUVRES,<\/li>\n<li>Le Tr\u00e9sorier adjoint est Alexis COURCOUX.<\/li>\n<\/ul>\n<div class=\"tiled-gallery type-rectangular tiled-gallery-unresized\" data-original-width=\"604\" data-carousel-extra='{&quot;blog_id&quot;:84,&quot;permalink&quot;:&quot;http:\\\/\\\/blogs.lyceecfadumene.fr\\\/tyanheol\\\/2020\\\/10\\\/09\\\/election-du-bureau-de-ty-an-heol\\\/&quot;,&quot;likes_blog_id&quot;:27752986}' itemscope itemtype=\"http:\/\/schema.org\/ImageGallery\" > <div class=\"gallery-row\" style=\"width: 604px; height: 303px;\" data-original-width=\"604\" data-original-height=\"303\" > <div class=\"gallery-group images-1\" style=\"width: 403px; height: 303px;\" data-original-width=\"403\" data-original-height=\"303\" > <div class=\"tiled-gallery-item tiled-gallery-item-large\" itemprop=\"associatedMedia\" itemscope itemtype=\"http:\/\/schema.org\/ImageObject\"> <a href=\"http:\/\/blogs.lyceecfadumene.fr\/tyanheol\/2020\/10\/09\/election-du-bureau-de-ty-an-heol\/snapchat-2057886487\/\" border=\"0\" itemprop=\"url\"> <meta itemprop=\"width\" content=\"399\"> <meta itemprop=\"height\" content=\"299\"> <img decoding=\"async\" class=\"\" data-attachment-id=\"2781\" data-orig-file=\"http:\/\/blogs.lyceecfadumene.fr\/tyanheol\/files\/2020\/10\/Snapchat-2057886487.jpg\" data-orig-size=\"800,600\" data-comments-opened=\"1\" data-image-meta=\"{&quot;aperture&quot;:&quot;0&quot;,&quot;credit&quot;:&quot;&quot;,&quot;camera&quot;:&quot;&quot;,&quot;caption&quot;:&quot;&quot;,&quot;created_timestamp&quot;:&quot;0&quot;,&quot;copyright&quot;:&quot;&quot;,&quot;focal_length&quot;:&quot;0&quot;,&quot;iso&quot;:&quot;0&quot;,&quot;shutter_speed&quot;:&quot;0&quot;,&quot;title&quot;:&quot;&quot;,&quot;orientation&quot;:&quot;0&quot;}\" data-image-title=\"Snapchat-2057886487\" data-image-description=\"\" data-medium-file=\"https:\/\/i0.wp.com\/blogs.lyceecfadumene.fr\/tyanheol\/files\/2020\/10\/Snapchat-2057886487.jpg?fit=300%2C225\" data-large-file=\"https:\/\/i0.wp.com\/blogs.lyceecfadumene.fr\/tyanheol\/files\/2020\/10\/Snapchat-2057886487.jpg?fit=604%2C453\" src=\"https:\/\/i0.wp.com\/blogs.lyceecfadumene.fr\/tyanheol\/files\/2020\/10\/Snapchat-2057886487.jpg?w=399&#038;h=299\" srcset=\"https:\/\/i0.wp.com\/blogs.lyceecfadumene.fr\/tyanheol\/files\/2020\/10\/Snapchat-2057886487.jpg?w=800 800w, https:\/\/i0.wp.com\/blogs.lyceecfadumene.fr\/tyanheol\/files\/2020\/10\/Snapchat-2057886487.jpg?resize=300%2C225 300w, https:\/\/i0.wp.com\/blogs.lyceecfadumene.fr\/tyanheol\/files\/2020\/10\/Snapchat-2057886487.jpg?resize=768%2C576 768w\" width=\"399\" height=\"299\" loading=\"lazy\" data-original-width=\"399\" data-original-height=\"299\" itemprop=\"http:\/\/schema.org\/image\" title=\"Snapchat-2057886487\" alt=\"Snapchat-2057886487\" style=\"width: 399px; height: 299px;\" \/> <\/a> <\/div> <\/div> <!-- close group --> <div class=\"gallery-group images-2\" style=\"width: 201px; height: 303px;\" data-original-width=\"201\" data-original-height=\"303\" > <div class=\"tiled-gallery-item tiled-gallery-item-small\" itemprop=\"associatedMedia\" itemscope itemtype=\"http:\/\/schema.org\/ImageObject\"> <a href=\"http:\/\/blogs.lyceecfadumene.fr\/tyanheol\/2020\/10\/09\/election-du-bureau-de-ty-an-heol\/snapchat-1801243165\/\" border=\"0\" itemprop=\"url\"> <meta itemprop=\"width\" content=\"197\"> <meta itemprop=\"height\" content=\"148\"> <img decoding=\"async\" class=\"\" data-attachment-id=\"2780\" data-orig-file=\"http:\/\/blogs.lyceecfadumene.fr\/tyanheol\/files\/2020\/10\/Snapchat-1801243165.jpg\" data-orig-size=\"800,599\" data-comments-opened=\"1\" data-image-meta=\"{&quot;aperture&quot;:&quot;0&quot;,&quot;credit&quot;:&quot;&quot;,&quot;camera&quot;:&quot;&quot;,&quot;caption&quot;:&quot;&quot;,&quot;created_timestamp&quot;:&quot;0&quot;,&quot;copyright&quot;:&quot;&quot;,&quot;focal_length&quot;:&quot;0&quot;,&quot;iso&quot;:&quot;0&quot;,&quot;shutter_speed&quot;:&quot;0&quot;,&quot;title&quot;:&quot;&quot;,&quot;orientation&quot;:&quot;0&quot;}\" data-image-title=\"Snapchat-1801243165\" data-image-description=\"\" data-medium-file=\"https:\/\/i0.wp.com\/blogs.lyceecfadumene.fr\/tyanheol\/files\/2020\/10\/Snapchat-1801243165.jpg?fit=300%2C225\" data-large-file=\"https:\/\/i0.wp.com\/blogs.lyceecfadumene.fr\/tyanheol\/files\/2020\/10\/Snapchat-1801243165.jpg?fit=604%2C452\" src=\"https:\/\/i0.wp.com\/blogs.lyceecfadumene.fr\/tyanheol\/files\/2020\/10\/Snapchat-1801243165.jpg?w=197&#038;h=148\" srcset=\"https:\/\/i0.wp.com\/blogs.lyceecfadumene.fr\/tyanheol\/files\/2020\/10\/Snapchat-1801243165.jpg?w=800 800w, https:\/\/i0.wp.com\/blogs.lyceecfadumene.fr\/tyanheol\/files\/2020\/10\/Snapchat-1801243165.jpg?resize=300%2C225 300w, https:\/\/i0.wp.com\/blogs.lyceecfadumene.fr\/tyanheol\/files\/2020\/10\/Snapchat-1801243165.jpg?resize=768%2C575 768w\" width=\"197\" height=\"148\" loading=\"lazy\" data-original-width=\"197\" data-original-height=\"148\" itemprop=\"http:\/\/schema.org\/image\" title=\"Snapchat-1801243165\" alt=\"Snapchat-1801243165\" style=\"width: 197px; height: 148px;\" \/> <\/a> <\/div> <div class=\"tiled-gallery-item tiled-gallery-item-small\" itemprop=\"associatedMedia\" itemscope itemtype=\"http:\/\/schema.org\/ImageObject\"> <a href=\"http:\/\/blogs.lyceecfadumene.fr\/tyanheol\/2020\/10\/09\/election-du-bureau-de-ty-an-heol\/snapchat-1448125903\/\" border=\"0\" itemprop=\"url\"> <meta itemprop=\"width\" content=\"197\"> <meta itemprop=\"height\" content=\"147\"> <img decoding=\"async\" class=\"\" data-attachment-id=\"2779\" data-orig-file=\"http:\/\/blogs.lyceecfadumene.fr\/tyanheol\/files\/2020\/10\/Snapchat-1448125903.jpg\" data-orig-size=\"800,599\" data-comments-opened=\"1\" data-image-meta=\"{&quot;aperture&quot;:&quot;0&quot;,&quot;credit&quot;:&quot;&quot;,&quot;camera&quot;:&quot;&quot;,&quot;caption&quot;:&quot;&quot;,&quot;created_timestamp&quot;:&quot;0&quot;,&quot;copyright&quot;:&quot;&quot;,&quot;focal_length&quot;:&quot;0&quot;,&quot;iso&quot;:&quot;0&quot;,&quot;shutter_speed&quot;:&quot;0&quot;,&quot;title&quot;:&quot;&quot;,&quot;orientation&quot;:&quot;0&quot;}\" data-image-title=\"Snapchat-1448125903\" data-image-description=\"\" data-medium-file=\"https:\/\/i0.wp.com\/blogs.lyceecfadumene.fr\/tyanheol\/files\/2020\/10\/Snapchat-1448125903.jpg?fit=300%2C225\" data-large-file=\"https:\/\/i0.wp.com\/blogs.lyceecfadumene.fr\/tyanheol\/files\/2020\/10\/Snapchat-1448125903.jpg?fit=604%2C452\" src=\"https:\/\/i0.wp.com\/blogs.lyceecfadumene.fr\/tyanheol\/files\/2020\/10\/Snapchat-1448125903.jpg?w=197&#038;h=147\" srcset=\"https:\/\/i0.wp.com\/blogs.lyceecfadumene.fr\/tyanheol\/files\/2020\/10\/Snapchat-1448125903.jpg?w=800 800w, https:\/\/i0.wp.com\/blogs.lyceecfadumene.fr\/tyanheol\/files\/2020\/10\/Snapchat-1448125903.jpg?resize=300%2C225 300w, https:\/\/i0.wp.com\/blogs.lyceecfadumene.fr\/tyanheol\/files\/2020\/10\/Snapchat-1448125903.jpg?resize=768%2C575 768w\" width=\"197\" height=\"147\" loading=\"lazy\" data-original-width=\"197\" data-original-height=\"147\" itemprop=\"http:\/\/schema.org\/image\" title=\"Snapchat-1448125903\" alt=\"Snapchat-1448125903\" style=\"width: 197px; height: 147px;\" \/> <\/a> <\/div> <\/div> <!-- close group --> <\/div> <!-- close row --> <div class=\"gallery-row\" style=\"width: 604px; height: 391px;\" data-original-width=\"604\" data-original-height=\"391\" > <div class=\"gallery-group images-2\" style=\"width: 260px; height: 391px;\" data-original-width=\"260\" data-original-height=\"391\" > <div class=\"tiled-gallery-item tiled-gallery-item-large\" itemprop=\"associatedMedia\" itemscope itemtype=\"http:\/\/schema.org\/ImageObject\"> <a href=\"http:\/\/blogs.lyceecfadumene.fr\/tyanheol\/2020\/10\/09\/election-du-bureau-de-ty-an-heol\/snapchat-981811557\/\" border=\"0\" itemprop=\"url\"> <meta itemprop=\"width\" content=\"256\"> <meta itemprop=\"height\" content=\"192\"> <img decoding=\"async\" class=\"\" data-attachment-id=\"2778\" data-orig-file=\"http:\/\/blogs.lyceecfadumene.fr\/tyanheol\/files\/2020\/10\/Snapchat-981811557.jpg\" data-orig-size=\"800,599\" data-comments-opened=\"1\" data-image-meta=\"{&quot;aperture&quot;:&quot;0&quot;,&quot;credit&quot;:&quot;&quot;,&quot;camera&quot;:&quot;&quot;,&quot;caption&quot;:&quot;&quot;,&quot;created_timestamp&quot;:&quot;0&quot;,&quot;copyright&quot;:&quot;&quot;,&quot;focal_length&quot;:&quot;0&quot;,&quot;iso&quot;:&quot;0&quot;,&quot;shutter_speed&quot;:&quot;0&quot;,&quot;title&quot;:&quot;&quot;,&quot;orientation&quot;:&quot;0&quot;}\" data-image-title=\"Snapchat-981811557\" data-image-description=\"\" data-medium-file=\"https:\/\/i0.wp.com\/blogs.lyceecfadumene.fr\/tyanheol\/files\/2020\/10\/Snapchat-981811557.jpg?fit=300%2C225\" data-large-file=\"https:\/\/i0.wp.com\/blogs.lyceecfadumene.fr\/tyanheol\/files\/2020\/10\/Snapchat-981811557.jpg?fit=604%2C452\" src=\"https:\/\/i0.wp.com\/blogs.lyceecfadumene.fr\/tyanheol\/files\/2020\/10\/Snapchat-981811557.jpg?w=256&#038;h=192\" srcset=\"https:\/\/i0.wp.com\/blogs.lyceecfadumene.fr\/tyanheol\/files\/2020\/10\/Snapchat-981811557.jpg?w=800 800w, https:\/\/i0.wp.com\/blogs.lyceecfadumene.fr\/tyanheol\/files\/2020\/10\/Snapchat-981811557.jpg?resize=300%2C225 300w, https:\/\/i0.wp.com\/blogs.lyceecfadumene.fr\/tyanheol\/files\/2020\/10\/Snapchat-981811557.jpg?resize=768%2C575 768w\" width=\"256\" height=\"192\" loading=\"lazy\" data-original-width=\"256\" data-original-height=\"192\" itemprop=\"http:\/\/schema.org\/image\" title=\"Snapchat-981811557\" alt=\"Snapchat-981811557\" style=\"width: 256px; height: 192px;\" \/> <\/a> <\/div> <div class=\"tiled-gallery-item tiled-gallery-item-large\" itemprop=\"associatedMedia\" itemscope itemtype=\"http:\/\/schema.org\/ImageObject\"> <a href=\"http:\/\/blogs.lyceecfadumene.fr\/tyanheol\/2020\/10\/09\/election-du-bureau-de-ty-an-heol\/snapchat-356909236\/\" border=\"0\" itemprop=\"url\"> <meta itemprop=\"width\" content=\"256\"> <meta itemprop=\"height\" content=\"191\"> <img decoding=\"async\" class=\"\" data-attachment-id=\"2777\" data-orig-file=\"http:\/\/blogs.lyceecfadumene.fr\/tyanheol\/files\/2020\/10\/Snapchat-356909236.jpg\" data-orig-size=\"800,599\" data-comments-opened=\"1\" data-image-meta=\"{&quot;aperture&quot;:&quot;0&quot;,&quot;credit&quot;:&quot;&quot;,&quot;camera&quot;:&quot;&quot;,&quot;caption&quot;:&quot;&quot;,&quot;created_timestamp&quot;:&quot;0&quot;,&quot;copyright&quot;:&quot;&quot;,&quot;focal_length&quot;:&quot;0&quot;,&quot;iso&quot;:&quot;0&quot;,&quot;shutter_speed&quot;:&quot;0&quot;,&quot;title&quot;:&quot;&quot;,&quot;orientation&quot;:&quot;0&quot;}\" data-image-title=\"Snapchat-356909236\" data-image-description=\"\" data-medium-file=\"https:\/\/i0.wp.com\/blogs.lyceecfadumene.fr\/tyanheol\/files\/2020\/10\/Snapchat-356909236.jpg?fit=300%2C225\" data-large-file=\"https:\/\/i0.wp.com\/blogs.lyceecfadumene.fr\/tyanheol\/files\/2020\/10\/Snapchat-356909236.jpg?fit=604%2C452\" src=\"https:\/\/i0.wp.com\/blogs.lyceecfadumene.fr\/tyanheol\/files\/2020\/10\/Snapchat-356909236.jpg?w=256&#038;h=191\" srcset=\"https:\/\/i0.wp.com\/blogs.lyceecfadumene.fr\/tyanheol\/files\/2020\/10\/Snapchat-356909236.jpg?w=800 800w, https:\/\/i0.wp.com\/blogs.lyceecfadumene.fr\/tyanheol\/files\/2020\/10\/Snapchat-356909236.jpg?resize=300%2C225 300w, https:\/\/i0.wp.com\/blogs.lyceecfadumene.fr\/tyanheol\/files\/2020\/10\/Snapchat-356909236.jpg?resize=768%2C575 768w\" width=\"256\" height=\"191\" loading=\"lazy\" data-original-width=\"256\" data-original-height=\"191\" itemprop=\"http:\/\/schema.org\/image\" title=\"Snapchat-356909236\" alt=\"Snapchat-356909236\" style=\"width: 256px; height: 191px;\" \/> <\/a> <\/div> <\/div> <!-- close group --> <div class=\"gallery-group images-1\" style=\"width: 344px; height: 391px;\" data-original-width=\"344\" data-original-height=\"391\" > <div class=\"tiled-gallery-item tiled-gallery-item-large\" itemprop=\"associatedMedia\" itemscope itemtype=\"http:\/\/schema.org\/ImageObject\"> <a href=\"http:\/\/blogs.lyceecfadumene.fr\/tyanheol\/2019\/03\/15\/ty-an-heol-se-refait-une-beaute\/logo-ty-an-eol\/\" border=\"0\" itemprop=\"url\"> <meta itemprop=\"width\" content=\"340\"> <meta itemprop=\"height\" content=\"387\"> <img decoding=\"async\" class=\"\" data-attachment-id=\"2465\" data-orig-file=\"http:\/\/blogs.lyceecfadumene.fr\/tyanheol\/files\/2019\/03\/logo-ty-an-eol.png\" data-orig-size=\"861,980\" data-comments-opened=\"1\" data-image-meta=\"{&quot;aperture&quot;:&quot;0&quot;,&quot;credit&quot;:&quot;&quot;,&quot;camera&quot;:&quot;&quot;,&quot;caption&quot;:&quot;&quot;,&quot;created_timestamp&quot;:&quot;0&quot;,&quot;copyright&quot;:&quot;&quot;,&quot;focal_length&quot;:&quot;0&quot;,&quot;iso&quot;:&quot;0&quot;,&quot;shutter_speed&quot;:&quot;0&quot;,&quot;title&quot;:&quot;&quot;,&quot;orientation&quot;:&quot;0&quot;}\" data-image-title=\"logo-ty-an-eol\" data-image-description=\"\" data-medium-file=\"https:\/\/i0.wp.com\/blogs.lyceecfadumene.fr\/tyanheol\/files\/2019\/03\/logo-ty-an-eol.png?fit=264%2C300\" data-large-file=\"https:\/\/i0.wp.com\/blogs.lyceecfadumene.fr\/tyanheol\/files\/2019\/03\/logo-ty-an-eol.png?fit=604%2C687\" src=\"https:\/\/i0.wp.com\/blogs.lyceecfadumene.fr\/tyanheol\/files\/2019\/03\/logo-ty-an-eol.png?w=340&#038;h=387\" srcset=\"https:\/\/i0.wp.com\/blogs.lyceecfadumene.fr\/tyanheol\/files\/2019\/03\/logo-ty-an-eol.png?w=861 861w, https:\/\/i0.wp.com\/blogs.lyceecfadumene.fr\/tyanheol\/files\/2019\/03\/logo-ty-an-eol.png?resize=264%2C300 264w, https:\/\/i0.wp.com\/blogs.lyceecfadumene.fr\/tyanheol\/files\/2019\/03\/logo-ty-an-eol.png?resize=768%2C874 768w\" width=\"340\" height=\"387\" loading=\"lazy\" data-original-width=\"340\" data-original-height=\"387\" itemprop=\"http:\/\/schema.org\/image\" title=\"logo-ty-an-eol\" alt=\"logo-ty-an-eol\" style=\"width: 340px; height: 387px;\" \/> <\/a> <\/div> <\/div> <!-- close group --> <\/div> <!-- close row --> <\/div>\n<p><strong>Les id\u00e9es propos\u00e9es lors de ce conseil sont :<\/strong><\/p>\n<ul>\n<li>Pour les soir\u00e9es : organisation de jeux de soci\u00e9t\u00e9 et de jeux de r\u00f4les.<\/li>\n<li>Des activit\u00e9s apr\u00e8s la fermeture de l&rsquo;internat le mercredi apr\u00e8s-midi.<\/li>\n<li>Une soir\u00e9e pour No\u00ebl.<\/li>\n<li>Des ateliers (Musique, \u00c9criture &#8230;)<\/li>\n<li>Des clubs :&nbsp; Jardin (J.S.S) et bassin Carpe Ko\u00ef, musique<\/li>\n<\/ul>\n<p style=\"text-align: left\">Marine et Ornella.<\/p>\n<p>&nbsp;<\/p>\n","protected":false},"excerpt":{"rendered":"<p>Jeudi 08 octobre 2020, a eu lieu la r\u00e9union pour les \u00e9lections des repr\u00e9sentants de Ty An Heol, les r\u00e9sultats sont les suivants : Le Pr\u00e9sident est Joseph PAYEN, La Vice Pr\u00e9sidente est Laura HENRY, La Secr\u00e9taire est Yuna MAURICE, Le Secr\u00e9taire Adjoint est Valentin MOISAN, Le Tr\u00e9sorier est Beno\u00eet GOUVRES, Le Tr\u00e9sorier adjoint est &hellip; <a href=\"http:\/\/blogs.lyceecfadumene.fr\/tyanheol\/2020\/10\/09\/election-du-bureau-de-ty-an-heol\/\" class=\"more-link\">Continuer la lecture de <span class=\"screen-reader-text\">\u00c9lection du bureau de Ty An Heol<\/span> <span class=\"meta-nav\">&rarr;<\/span><\/a><\/p>\n","protected":false},"author":43,"featured_media":0,"comment_status":"open","ping_status":"open","sticky":false,"template":"","format":"standard","meta":{"_jetpack_memberships_contains_paid_content":false,"footnotes":"","jetpack_publicize_message":"","jetpack_publicize_feature_enabled":true,"jetpack_social_post_already_shared":true,"jetpack_social_options":{"image_generator_settings":{"template":"highway","default_image_id":0,"font":"","enabled":false},"version":2}},"categories":[27366],"tags":[27915,27916,3643],"class_list":["post-2775","post","type-post","status-publish","format-standard","hentry","category-alesa-ty-an-heol","tag-election","tag-idee","tag-ty-an-heol"],"aioseo_notices":[],"jetpack_publicize_connections":[],"jetpack_featured_media_url":"","jetpack_shortlink":"https:\/\/wp.me\/p1SrOO-IL","jetpack_sharing_enabled":true,"_links":{"self":[{"href":"http:\/\/blogs.lyceecfadumene.fr\/tyanheol\/wp-json\/wp\/v2\/posts\/2775","targetHints":{"allow":["GET"]}}],"collection":[{"href":"http:\/\/blogs.lyceecfadumene.fr\/tyanheol\/wp-json\/wp\/v2\/posts"}],"about":[{"href":"http:\/\/blogs.lyceecfadumene.fr\/tyanheol\/wp-json\/wp\/v2\/types\/post"}],"author":[{"embeddable":true,"href":"http:\/\/blogs.lyceecfadumene.fr\/tyanheol\/wp-json\/wp\/v2\/users\/43"}],"replies":[{"embeddable":true,"href":"http:\/\/blogs.lyceecfadumene.fr\/tyanheol\/wp-json\/wp\/v2\/comments?post=2775"}],"version-history":[{"count":1,"href":"http:\/\/blogs.lyceecfadumene.fr\/tyanheol\/wp-json\/wp\/v2\/posts\/2775\/revisions"}],"predecessor-version":[{"id":2788,"href":"http:\/\/blogs.lyceecfadumene.fr\/tyanheol\/wp-json\/wp\/v2\/posts\/2775\/revisions\/2788"}],"wp:attachment":[{"href":"http:\/\/blogs.lyceecfadumene.fr\/tyanheol\/wp-json\/wp\/v2\/media?parent=2775"}],"wp:term":[{"taxonomy":"category","embeddable":true,"href":"http:\/\/blogs.lyceecfadumene.fr\/tyanheol\/wp-json\/wp\/v2\/categories?post=2775"},{"taxonomy":"post_tag","embeddable":true,"href":"http:\/\/blogs.lyceecfadumene.fr\/tyanheol\/wp-json\/wp\/v2\/tags?post=2775"}],"curies":[{"name":"wp","href":"https:\/\/api.w.org\/{rel}","templated":true}]}}