{"id":2738,"date":"2020-09-29T17:59:58","date_gmt":"2020-09-29T15:59:58","guid":{"rendered":"https:\/\/blogs.lyceecfadumene.fr\/tyanheol\/?p=2738"},"modified":"2022-04-03T17:55:05","modified_gmt":"2022-04-03T15:55:05","slug":"integration-des-nouveaux","status":"publish","type":"post","link":"http:\/\/blogs.lyceecfadumene.fr\/tyanheol\/2020\/09\/29\/integration-des-nouveaux\/","title":{"rendered":"Int\u00e9gration des nouveaux"},"content":{"rendered":"<p align=\"center\">DES SORTIES POUR MIEUX S\u2019INT\u00c9GRER&nbsp;!<\/p>\n<p align=\"center\"><img data-recalc-dims=\"1\" loading=\"lazy\" decoding=\"async\" data-attachment-id=\"2739\" data-permalink=\"http:\/\/blogs.lyceecfadumene.fr\/tyanheol\/2020\/09\/29\/integration-des-nouveaux\/2020-09-02-33\/\" data-orig-file=\"https:\/\/i0.wp.com\/blogs.lyceecfadumene.fr\/tyanheol\/files\/2020\/09\/2020-09-02-33.jpg?fit=1342%2C1006\" data-orig-size=\"1342,1006\" data-comments-opened=\"1\" data-image-meta=\"{&quot;aperture&quot;:&quot;0&quot;,&quot;credit&quot;:&quot;&quot;,&quot;camera&quot;:&quot;&quot;,&quot;caption&quot;:&quot;&quot;,&quot;created_timestamp&quot;:&quot;0&quot;,&quot;copyright&quot;:&quot;&quot;,&quot;focal_length&quot;:&quot;0&quot;,&quot;iso&quot;:&quot;0&quot;,&quot;shutter_speed&quot;:&quot;0&quot;,&quot;title&quot;:&quot;&quot;,&quot;orientation&quot;:&quot;0&quot;}\" data-image-title=\"2020 09 02 &amp;#8211; 33\" data-image-description=\"\" data-image-caption=\"\" data-large-file=\"https:\/\/i0.wp.com\/blogs.lyceecfadumene.fr\/tyanheol\/files\/2020\/09\/2020-09-02-33.jpg?fit=604%2C453\" class=\"size-medium wp-image-2739 aligncenter\" style=\"text-align: -webkit-right\" src=\"https:\/\/i0.wp.com\/blogs.lyceecfadumene.fr\/tyanheol\/files\/2020\/09\/2020-09-02-33-300x225.jpg?resize=300%2C225&#038;ssl=1\" alt=\"\" width=\"300\" height=\"225\" srcset=\"https:\/\/i0.wp.com\/blogs.lyceecfadumene.fr\/tyanheol\/files\/2020\/09\/2020-09-02-33.jpg?resize=300%2C225 300w, https:\/\/i0.wp.com\/blogs.lyceecfadumene.fr\/tyanheol\/files\/2020\/09\/2020-09-02-33.jpg?resize=1024%2C768 1024w, https:\/\/i0.wp.com\/blogs.lyceecfadumene.fr\/tyanheol\/files\/2020\/09\/2020-09-02-33.jpg?resize=768%2C576 768w, https:\/\/i0.wp.com\/blogs.lyceecfadumene.fr\/tyanheol\/files\/2020\/09\/2020-09-02-33.jpg?w=1342 1342w, https:\/\/i0.wp.com\/blogs.lyceecfadumene.fr\/tyanheol\/files\/2020\/09\/2020-09-02-33.jpg?w=1208 1208w\" sizes=\"auto, (max-width: 300px) 100vw, 300px\" \/><\/p>\n<p><span class=\"embed-youtube\" style=\"text-align:center; display: block;\"><iframe loading=\"lazy\" class=\"youtube-player\" width=\"604\" height=\"340\" src=\"https:\/\/www.youtube.com\/embed\/S0suybJ5-g8?version=3&#038;rel=1&#038;showsearch=0&#038;showinfo=1&#038;iv_load_policy=1&#038;fs=1&#038;hl=fr-FR&#038;autohide=2&#038;wmode=transparent\" allowfullscreen=\"true\" style=\"border:0;\" sandbox=\"allow-scripts allow-same-origin allow-popups allow-presentation allow-popups-to-escape-sandbox\"><\/iframe><\/span><\/p>\n<p>A l\u2019occasion de la rentr\u00e9e scolaire et pour faciliter l\u2019int\u00e9gration des \u00e9l\u00e8ves de seconde (vente en animalerie, vente en unit\u00e9s de jardin, am\u00e9nagement paysager et fleuristerie), le Lyc\u00e9e du Men\u00e9 a organis\u00e9 des sorties, l\u2019une au lac de Tr\u00e9melin et l\u2019autre \u00e0 l\u2019Ile de Br\u00e9hat.<\/p>\n<p>Ainsi, pour la premi\u00e8re sortie dont j\u2019ai fait partie, une quarantaine d\u2019\u00e9l\u00e8ves, accompagn\u00e9s par les professeurs d\u2019ESC (\u00e9ducation socioculturelle), la CPE (Conseill\u00e8re Principale d\u2019\u00c9ducation) et les \u00e9l\u00e8ves de Terminale se sont rendus au lac de Tr\u00e9melin \u00e0 Iffendic, situ\u00e9 \u00e0 une trentaine de kilom\u00e8tres de Rennes. L\u2019ambiance \u00e9tait \u00e9lectrique et joyeuse dans les deux cars.<\/p>\n<p>Les moniteurs de la base aquatique ont propos\u00e9 plusieurs activit\u00e9s : tir \u00e0 l\u2019arc, balade, accrobranche, p\u00e9dalo et course d\u2019orientation. Toutes ces activit\u00e9s se sont d\u00e9roul\u00e9es dans une ambiance dynamique et malgr\u00e9 la chaleur ambiante, tous les participants ont largement appr\u00e9ci\u00e9 ces occupations.<\/p>\n<p align=\"right\">No\u00ebly Remond<\/p>\n<p align=\"right\">&nbsp;<img data-recalc-dims=\"1\" loading=\"lazy\" decoding=\"async\" data-attachment-id=\"2740\" data-permalink=\"http:\/\/blogs.lyceecfadumene.fr\/tyanheol\/2020\/09\/29\/integration-des-nouveaux\/2020-09-02-3\/\" data-orig-file=\"https:\/\/i0.wp.com\/blogs.lyceecfadumene.fr\/tyanheol\/files\/2020\/09\/2020-09-02-3.jpg?fit=1010%2C1347\" data-orig-size=\"1010,1347\" data-comments-opened=\"1\" data-image-meta=\"{&quot;aperture&quot;:&quot;0&quot;,&quot;credit&quot;:&quot;&quot;,&quot;camera&quot;:&quot;&quot;,&quot;caption&quot;:&quot;&quot;,&quot;created_timestamp&quot;:&quot;0&quot;,&quot;copyright&quot;:&quot;&quot;,&quot;focal_length&quot;:&quot;0&quot;,&quot;iso&quot;:&quot;0&quot;,&quot;shutter_speed&quot;:&quot;0&quot;,&quot;title&quot;:&quot;&quot;,&quot;orientation&quot;:&quot;0&quot;}\" data-image-title=\"2020 09 02 &amp;#8211; 3\" data-image-description=\"\" data-image-caption=\"\" data-large-file=\"https:\/\/i0.wp.com\/blogs.lyceecfadumene.fr\/tyanheol\/files\/2020\/09\/2020-09-02-3.jpg?fit=604%2C805\" class=\"alignnone size-medium wp-image-2740\" src=\"https:\/\/i0.wp.com\/blogs.lyceecfadumene.fr\/tyanheol\/files\/2020\/09\/2020-09-02-3-225x300.jpg?resize=225%2C300&#038;ssl=1\" alt=\"\" width=\"225\" height=\"300\" srcset=\"https:\/\/i0.wp.com\/blogs.lyceecfadumene.fr\/tyanheol\/files\/2020\/09\/2020-09-02-3.jpg?resize=225%2C300 225w, https:\/\/i0.wp.com\/blogs.lyceecfadumene.fr\/tyanheol\/files\/2020\/09\/2020-09-02-3.jpg?resize=768%2C1024 768w, https:\/\/i0.wp.com\/blogs.lyceecfadumene.fr\/tyanheol\/files\/2020\/09\/2020-09-02-3.jpg?w=1010 1010w\" sizes=\"auto, (max-width: 225px) 100vw, 225px\" \/> <img data-recalc-dims=\"1\" loading=\"lazy\" decoding=\"async\" data-attachment-id=\"2741\" data-permalink=\"http:\/\/blogs.lyceecfadumene.fr\/tyanheol\/2020\/09\/29\/integration-des-nouveaux\/2020-09-02-17\/\" data-orig-file=\"https:\/\/i0.wp.com\/blogs.lyceecfadumene.fr\/tyanheol\/files\/2020\/09\/2020-09-02-17.jpg?fit=1347%2C1010\" data-orig-size=\"1347,1010\" data-comments-opened=\"1\" data-image-meta=\"{&quot;aperture&quot;:&quot;0&quot;,&quot;credit&quot;:&quot;&quot;,&quot;camera&quot;:&quot;&quot;,&quot;caption&quot;:&quot;&quot;,&quot;created_timestamp&quot;:&quot;0&quot;,&quot;copyright&quot;:&quot;&quot;,&quot;focal_length&quot;:&quot;0&quot;,&quot;iso&quot;:&quot;0&quot;,&quot;shutter_speed&quot;:&quot;0&quot;,&quot;title&quot;:&quot;&quot;,&quot;orientation&quot;:&quot;0&quot;}\" data-image-title=\"2020 09 02 &amp;#8211; 17\" data-image-description=\"\" data-image-caption=\"\" data-large-file=\"https:\/\/i0.wp.com\/blogs.lyceecfadumene.fr\/tyanheol\/files\/2020\/09\/2020-09-02-17.jpg?fit=604%2C453\" class=\"alignnone size-medium wp-image-2741\" src=\"https:\/\/i0.wp.com\/blogs.lyceecfadumene.fr\/tyanheol\/files\/2020\/09\/2020-09-02-17-300x225.jpg?resize=300%2C225&#038;ssl=1\" alt=\"\" width=\"300\" height=\"225\" srcset=\"https:\/\/i0.wp.com\/blogs.lyceecfadumene.fr\/tyanheol\/files\/2020\/09\/2020-09-02-17.jpg?resize=300%2C225 300w, https:\/\/i0.wp.com\/blogs.lyceecfadumene.fr\/tyanheol\/files\/2020\/09\/2020-09-02-17.jpg?resize=1024%2C768 1024w, https:\/\/i0.wp.com\/blogs.lyceecfadumene.fr\/tyanheol\/files\/2020\/09\/2020-09-02-17.jpg?resize=768%2C576 768w, https:\/\/i0.wp.com\/blogs.lyceecfadumene.fr\/tyanheol\/files\/2020\/09\/2020-09-02-17.jpg?w=1347 1347w, https:\/\/i0.wp.com\/blogs.lyceecfadumene.fr\/tyanheol\/files\/2020\/09\/2020-09-02-17.jpg?w=1208 1208w\" sizes=\"auto, (max-width: 300px) 100vw, 300px\" \/> <img data-recalc-dims=\"1\" loading=\"lazy\" decoding=\"async\" data-attachment-id=\"2742\" data-permalink=\"http:\/\/blogs.lyceecfadumene.fr\/tyanheol\/2020\/09\/29\/integration-des-nouveaux\/2020-09-02-29\/\" data-orig-file=\"https:\/\/i0.wp.com\/blogs.lyceecfadumene.fr\/tyanheol\/files\/2020\/09\/2020-09-02-29.jpg?fit=1010%2C1347\" data-orig-size=\"1010,1347\" data-comments-opened=\"1\" data-image-meta=\"{&quot;aperture&quot;:&quot;0&quot;,&quot;credit&quot;:&quot;&quot;,&quot;camera&quot;:&quot;&quot;,&quot;caption&quot;:&quot;&quot;,&quot;created_timestamp&quot;:&quot;0&quot;,&quot;copyright&quot;:&quot;&quot;,&quot;focal_length&quot;:&quot;0&quot;,&quot;iso&quot;:&quot;0&quot;,&quot;shutter_speed&quot;:&quot;0&quot;,&quot;title&quot;:&quot;&quot;,&quot;orientation&quot;:&quot;0&quot;}\" data-image-title=\"2020 09 02 &amp;#8211; 29\" data-image-description=\"\" data-image-caption=\"\" data-large-file=\"https:\/\/i0.wp.com\/blogs.lyceecfadumene.fr\/tyanheol\/files\/2020\/09\/2020-09-02-29.jpg?fit=604%2C805\" class=\"alignnone size-medium wp-image-2742\" src=\"https:\/\/i0.wp.com\/blogs.lyceecfadumene.fr\/tyanheol\/files\/2020\/09\/2020-09-02-29-225x300.jpg?resize=225%2C300&#038;ssl=1\" alt=\"\" width=\"225\" height=\"300\" srcset=\"https:\/\/i0.wp.com\/blogs.lyceecfadumene.fr\/tyanheol\/files\/2020\/09\/2020-09-02-29.jpg?resize=225%2C300 225w, https:\/\/i0.wp.com\/blogs.lyceecfadumene.fr\/tyanheol\/files\/2020\/09\/2020-09-02-29.jpg?resize=768%2C1024 768w, https:\/\/i0.wp.com\/blogs.lyceecfadumene.fr\/tyanheol\/files\/2020\/09\/2020-09-02-29.jpg?w=1010 1010w\" sizes=\"auto, (max-width: 225px) 100vw, 225px\" \/> <img data-recalc-dims=\"1\" loading=\"lazy\" decoding=\"async\" data-attachment-id=\"2743\" data-permalink=\"http:\/\/blogs.lyceecfadumene.fr\/tyanheol\/2020\/09\/29\/integration-des-nouveaux\/2020-09-02-19\/\" data-orig-file=\"https:\/\/i0.wp.com\/blogs.lyceecfadumene.fr\/tyanheol\/files\/2020\/09\/2020-09-02-19.jpg?fit=1347%2C1010\" data-orig-size=\"1347,1010\" data-comments-opened=\"1\" data-image-meta=\"{&quot;aperture&quot;:&quot;0&quot;,&quot;credit&quot;:&quot;&quot;,&quot;camera&quot;:&quot;&quot;,&quot;caption&quot;:&quot;&quot;,&quot;created_timestamp&quot;:&quot;0&quot;,&quot;copyright&quot;:&quot;&quot;,&quot;focal_length&quot;:&quot;0&quot;,&quot;iso&quot;:&quot;0&quot;,&quot;shutter_speed&quot;:&quot;0&quot;,&quot;title&quot;:&quot;&quot;,&quot;orientation&quot;:&quot;0&quot;}\" data-image-title=\"2020 09 02 &amp;#8211; 19\" data-image-description=\"\" data-image-caption=\"\" data-large-file=\"https:\/\/i0.wp.com\/blogs.lyceecfadumene.fr\/tyanheol\/files\/2020\/09\/2020-09-02-19.jpg?fit=604%2C453\" class=\"alignnone size-medium wp-image-2743\" src=\"https:\/\/i0.wp.com\/blogs.lyceecfadumene.fr\/tyanheol\/files\/2020\/09\/2020-09-02-19-300x225.jpg?resize=300%2C225&#038;ssl=1\" alt=\"\" width=\"300\" height=\"225\" srcset=\"https:\/\/i0.wp.com\/blogs.lyceecfadumene.fr\/tyanheol\/files\/2020\/09\/2020-09-02-19.jpg?resize=300%2C225 300w, https:\/\/i0.wp.com\/blogs.lyceecfadumene.fr\/tyanheol\/files\/2020\/09\/2020-09-02-19.jpg?resize=1024%2C768 1024w, https:\/\/i0.wp.com\/blogs.lyceecfadumene.fr\/tyanheol\/files\/2020\/09\/2020-09-02-19.jpg?resize=768%2C576 768w, https:\/\/i0.wp.com\/blogs.lyceecfadumene.fr\/tyanheol\/files\/2020\/09\/2020-09-02-19.jpg?w=1347 1347w, https:\/\/i0.wp.com\/blogs.lyceecfadumene.fr\/tyanheol\/files\/2020\/09\/2020-09-02-19.jpg?w=1208 1208w\" sizes=\"auto, (max-width: 300px) 100vw, 300px\" \/> <img data-recalc-dims=\"1\" loading=\"lazy\" decoding=\"async\" data-attachment-id=\"2744\" data-permalink=\"http:\/\/blogs.lyceecfadumene.fr\/tyanheol\/2020\/09\/29\/integration-des-nouveaux\/2020-09-02-13\/\" data-orig-file=\"https:\/\/i0.wp.com\/blogs.lyceecfadumene.fr\/tyanheol\/files\/2020\/09\/2020-09-02-13.jpg?fit=1010%2C1347\" data-orig-size=\"1010,1347\" data-comments-opened=\"1\" data-image-meta=\"{&quot;aperture&quot;:&quot;0&quot;,&quot;credit&quot;:&quot;&quot;,&quot;camera&quot;:&quot;&quot;,&quot;caption&quot;:&quot;&quot;,&quot;created_timestamp&quot;:&quot;0&quot;,&quot;copyright&quot;:&quot;&quot;,&quot;focal_length&quot;:&quot;0&quot;,&quot;iso&quot;:&quot;0&quot;,&quot;shutter_speed&quot;:&quot;0&quot;,&quot;title&quot;:&quot;&quot;,&quot;orientation&quot;:&quot;0&quot;}\" data-image-title=\"2020 09 02 &amp;#8211; 13\" data-image-description=\"\" data-image-caption=\"\" data-large-file=\"https:\/\/i0.wp.com\/blogs.lyceecfadumene.fr\/tyanheol\/files\/2020\/09\/2020-09-02-13.jpg?fit=604%2C805\" class=\"alignnone size-medium wp-image-2744\" src=\"https:\/\/i0.wp.com\/blogs.lyceecfadumene.fr\/tyanheol\/files\/2020\/09\/2020-09-02-13-225x300.jpg?resize=225%2C300&#038;ssl=1\" alt=\"\" width=\"225\" height=\"300\" srcset=\"https:\/\/i0.wp.com\/blogs.lyceecfadumene.fr\/tyanheol\/files\/2020\/09\/2020-09-02-13.jpg?resize=225%2C300 225w, https:\/\/i0.wp.com\/blogs.lyceecfadumene.fr\/tyanheol\/files\/2020\/09\/2020-09-02-13.jpg?resize=768%2C1024 768w, https:\/\/i0.wp.com\/blogs.lyceecfadumene.fr\/tyanheol\/files\/2020\/09\/2020-09-02-13.jpg?w=1010 1010w\" sizes=\"auto, (max-width: 225px) 100vw, 225px\" \/><\/p>\n","protected":false},"excerpt":{"rendered":"<p>DES SORTIES POUR MIEUX S\u2019INT\u00c9GRER&nbsp;! A l\u2019occasion de la rentr\u00e9e scolaire et pour faciliter l\u2019int\u00e9gration des \u00e9l\u00e8ves de seconde (vente en animalerie, vente en unit\u00e9s de jardin, am\u00e9nagement paysager et fleuristerie), le Lyc\u00e9e du Men\u00e9 a organis\u00e9 des sorties, l\u2019une au lac de Tr\u00e9melin et l\u2019autre \u00e0 l\u2019Ile de Br\u00e9hat. Ainsi, pour la premi\u00e8re sortie &hellip; <a href=\"http:\/\/blogs.lyceecfadumene.fr\/tyanheol\/2020\/09\/29\/integration-des-nouveaux\/\" class=\"more-link\">Continuer la lecture de <span class=\"screen-reader-text\">Int\u00e9gration des nouveaux<\/span> <span class=\"meta-nav\">&rarr;<\/span><\/a><\/p>\n","protected":false},"author":97,"featured_media":2739,"comment_status":"open","ping_status":"open","sticky":false,"template":"","format":"standard","meta":{"_jetpack_memberships_contains_paid_content":false,"footnotes":"","jetpack_publicize_message":"","jetpack_publicize_feature_enabled":true,"jetpack_social_post_already_shared":true,"jetpack_social_options":{"image_generator_settings":{"template":"highway","default_image_id":0,"font":"","enabled":false},"version":2}},"categories":[25439,1,9177,29432,314],"tags":[9190,25442,9183,25464,3647,4,9197,6,3645,25463,9182],"class_list":["post-2738","post","type-post","status-publish","format-standard","has-post-thumbnail","hentry","category-education-socioculturelle","category-non-classe","category-sorties","category-video2","category-videos","tag-activites","tag-bac-pro-amenagement-paysager","tag-base-de-loisirs","tag-education-socioculturelle","tag-integration","tag-lycee","tag-mercredi","tag-merdrignac","tag-sortie","tag-sorties","tag-tremelin"],"aioseo_notices":[],"jetpack_publicize_connections":[],"jetpack_featured_media_url":"https:\/\/i0.wp.com\/blogs.lyceecfadumene.fr\/tyanheol\/files\/2020\/09\/2020-09-02-33.jpg?fit=1342%2C1006","jetpack_shortlink":"https:\/\/wp.me\/p1SrOO-Ia","jetpack_sharing_enabled":true,"_links":{"self":[{"href":"http:\/\/blogs.lyceecfadumene.fr\/tyanheol\/wp-json\/wp\/v2\/posts\/2738","targetHints":{"allow":["GET"]}}],"collection":[{"href":"http:\/\/blogs.lyceecfadumene.fr\/tyanheol\/wp-json\/wp\/v2\/posts"}],"about":[{"href":"http:\/\/blogs.lyceecfadumene.fr\/tyanheol\/wp-json\/wp\/v2\/types\/post"}],"author":[{"embeddable":true,"href":"http:\/\/blogs.lyceecfadumene.fr\/tyanheol\/wp-json\/wp\/v2\/users\/97"}],"replies":[{"embeddable":true,"href":"http:\/\/blogs.lyceecfadumene.fr\/tyanheol\/wp-json\/wp\/v2\/comments?post=2738"}],"version-history":[{"count":3,"href":"http:\/\/blogs.lyceecfadumene.fr\/tyanheol\/wp-json\/wp\/v2\/posts\/2738\/revisions"}],"predecessor-version":[{"id":2747,"href":"http:\/\/blogs.lyceecfadumene.fr\/tyanheol\/wp-json\/wp\/v2\/posts\/2738\/revisions\/2747"}],"wp:featuredmedia":[{"embeddable":true,"href":"http:\/\/blogs.lyceecfadumene.fr\/tyanheol\/wp-json\/wp\/v2\/media\/2739"}],"wp:attachment":[{"href":"http:\/\/blogs.lyceecfadumene.fr\/tyanheol\/wp-json\/wp\/v2\/media?parent=2738"}],"wp:term":[{"taxonomy":"category","embeddable":true,"href":"http:\/\/blogs.lyceecfadumene.fr\/tyanheol\/wp-json\/wp\/v2\/categories?post=2738"},{"taxonomy":"post_tag","embeddable":true,"href":"http:\/\/blogs.lyceecfadumene.fr\/tyanheol\/wp-json\/wp\/v2\/tags?post=2738"}],"curies":[{"name":"wp","href":"https:\/\/api.w.org\/{rel}","templated":true}]}}