{"id":27,"date":"2010-01-19T15:25:16","date_gmt":"2010-01-19T13:25:16","guid":{"rendered":"http:\/\/blogs.lyceecfadumene.fr\/2ndeprovente2009\/?p=27"},"modified":"2013-12-03T17:42:05","modified_gmt":"2013-12-03T15:42:05","slug":"le-kurun-et-la-snsm","status":"publish","type":"post","link":"http:\/\/blogs.lyceecfadumene.fr\/tyanheol\/2010\/01\/19\/le-kurun-et-la-snsm\/","title":{"rendered":"Le Kurun et la SNSM"},"content":{"rendered":"<address><span style=\"color: #000000\"><strong><span style=\"text-decoration: underline\">Le bateau le Kurun<\/span><\/strong><\/span><\/address>\n<address><span style=\"color: #000000\"><br \/>\n<\/span> <\/address>\n<address><span style=\"color: #000000\">Le Kurun est un bateau embl\u00e9matique. Il a fait le tour du monde complet en solitaire en trois ans, le d\u00e9part \u00e9tait en septembre 1949 et son arriv\u00e9e \u00e9tait en juillet 1952. Ce bateau est un monument historique. Il est partit plusieurs fois en voyage aux Antilles (55 fois). Il est entretenu par l&rsquo;association \u00abLes amis du Kurun\u00bb, Il navigue tous les ans, 40 jours. \u00abKurun\u00bb veut dire \u00abTonnerre\u00bb en breton. Il mesure dix m\u00e8tres de long.<\/span><\/address>\n<address><span style=\"color: #000000\"><br \/>\n<\/span> <\/address>\n<address><span style=\"color: #000000\"><strong><span style=\"text-decoration: underline\">La snsm<\/span><\/strong><\/span><\/address>\n<address><span style=\"color: #000000\"><br \/>\n<\/span> <\/address>\n<address><span style=\"color: #000000\">La snsm (Soci\u00e9t\u00e9 Nationale de Sauvetage en Mer) existe depuis 107 ans. C&rsquo;est une association constitu\u00e9e de b\u00e9n\u00e9voles. Le bateau mesure quinze m\u00e8tre de long et p\u00e8se vingt deux tonnes. Ce bateau utilise cent cinquante litres \u00e0 l&rsquo;heure de gazoil. Dans l&rsquo;association, il y a trois patrons, ils sont aid\u00e9s par les communes, par la boutique de snsm. Pour changer le bateau, il faut un million d&rsquo;euros tout les trente ans.<\/span><\/address>\n<address><span style=\"color: #000000\"><br \/>\n<\/span> <\/address>\n<address><span style=\"color: #000000\">Katl\u00e8ne<\/span><\/address>\n","protected":false},"excerpt":{"rendered":"<p>Le bateau le Kurun Le Kurun est un bateau embl\u00e9matique. Il a fait le tour du monde complet en solitaire en trois ans, le d\u00e9part \u00e9tait en septembre 1949 et son arriv\u00e9e \u00e9tait en juillet 1952. Ce bateau est un monument historique. Il est partit plusieurs fois en voyage aux Antilles (55 fois). Il est &hellip; <a href=\"http:\/\/blogs.lyceecfadumene.fr\/tyanheol\/2010\/01\/19\/le-kurun-et-la-snsm\/\" class=\"more-link\">Continuer la lecture de <span class=\"screen-reader-text\">Le Kurun et la SNSM<\/span> <span class=\"meta-nav\">&rarr;<\/span><\/a><\/p>\n","protected":false},"author":1,"featured_media":0,"comment_status":"open","ping_status":"open","sticky":false,"template":"","format":"standard","meta":{"_jetpack_memberships_contains_paid_content":false,"footnotes":"","jetpack_publicize_message":"","jetpack_publicize_feature_enabled":true,"jetpack_social_post_already_shared":true,"jetpack_social_options":{"image_generator_settings":{"template":"highway","default_image_id":0,"font":"","enabled":false},"version":2}},"categories":[104],"tags":[7959],"class_list":["post-27","post","type-post","status-publish","format-standard","hentry","category-voyage","tag-guerande"],"aioseo_notices":[],"jetpack_publicize_connections":[],"jetpack_featured_media_url":"","jetpack_shortlink":"https:\/\/wp.me\/p1SrOO-r","jetpack_sharing_enabled":true,"_links":{"self":[{"href":"http:\/\/blogs.lyceecfadumene.fr\/tyanheol\/wp-json\/wp\/v2\/posts\/27","targetHints":{"allow":["GET"]}}],"collection":[{"href":"http:\/\/blogs.lyceecfadumene.fr\/tyanheol\/wp-json\/wp\/v2\/posts"}],"about":[{"href":"http:\/\/blogs.lyceecfadumene.fr\/tyanheol\/wp-json\/wp\/v2\/types\/post"}],"author":[{"embeddable":true,"href":"http:\/\/blogs.lyceecfadumene.fr\/tyanheol\/wp-json\/wp\/v2\/users\/1"}],"replies":[{"embeddable":true,"href":"http:\/\/blogs.lyceecfadumene.fr\/tyanheol\/wp-json\/wp\/v2\/comments?post=27"}],"version-history":[{"count":0,"href":"http:\/\/blogs.lyceecfadumene.fr\/tyanheol\/wp-json\/wp\/v2\/posts\/27\/revisions"}],"wp:attachment":[{"href":"http:\/\/blogs.lyceecfadumene.fr\/tyanheol\/wp-json\/wp\/v2\/media?parent=27"}],"wp:term":[{"taxonomy":"category","embeddable":true,"href":"http:\/\/blogs.lyceecfadumene.fr\/tyanheol\/wp-json\/wp\/v2\/categories?post=27"},{"taxonomy":"post_tag","embeddable":true,"href":"http:\/\/blogs.lyceecfadumene.fr\/tyanheol\/wp-json\/wp\/v2\/tags?post=27"}],"curies":[{"name":"wp","href":"https:\/\/api.w.org\/{rel}","templated":true}]}}