{"id":2277,"date":"2018-01-22T16:01:20","date_gmt":"2018-01-22T14:01:20","guid":{"rendered":"https:\/\/blogs.lyceecfadumene.fr\/tyanheol\/?p=2277"},"modified":"2022-04-03T17:58:54","modified_gmt":"2022-04-03T15:58:54","slug":"pour-combattre-le-harcelement-de-rue-commencons-par-en-parler","status":"publish","type":"post","link":"http:\/\/blogs.lyceecfadumene.fr\/tyanheol\/2018\/01\/22\/pour-combattre-le-harcelement-de-rue-commencons-par-en-parler\/","title":{"rendered":"Pour combattre le harc\u00e8lement de rue, commen\u00e7ons par en parler."},"content":{"rendered":"<p>Le harc\u00e8lement de rue, ce sont des comportements adress\u00e9s aux personnes dans les espaces publics et semi-publics visant \u00e0 les interpeler de diff\u00e9rentes fa\u00e7ons.<\/p>\n<p>Plus d&rsquo;une femme sur deux en France ont d\u00e9j\u00e0 \u00e9t\u00e9 harcel\u00e9es, mais pourquoi le harc\u00e8lement existe t-il ? Une des raisons est expliqu\u00e9e avec notre \u00e9quipe radio accompagn\u00e9e de diff\u00e9rents avis tranch\u00e9s.<\/p>\n<p><em>Dans le cadre de notre projet MIL , chacun a effectu\u00e9 un r\u00f4le afin de cr\u00e9er ce sc\u00e9nario.<\/em><\/p>\n<p><em>Merci de votre compr\u00e9hension<\/em><\/p>\n<figure id=\"attachment_2278\" aria-describedby=\"caption-attachment-2278\" style=\"width: 800px\" class=\"wp-caption aligncenter\"><a href=\"https:\/\/i0.wp.com\/blogs.lyceecfadumene.fr\/tyanheol\/files\/2018\/01\/Image-en-noir-et-blanc.png?ssl=1\"><img data-recalc-dims=\"1\" loading=\"lazy\" decoding=\"async\" data-attachment-id=\"2278\" data-permalink=\"http:\/\/blogs.lyceecfadumene.fr\/tyanheol\/2018\/01\/22\/pour-combattre-le-harcelement-de-rue-commencons-par-en-parler\/image-en-noir-et-blanc\/\" data-orig-file=\"https:\/\/i0.wp.com\/blogs.lyceecfadumene.fr\/tyanheol\/files\/2018\/01\/Image-en-noir-et-blanc.png?fit=800%2C600\" data-orig-size=\"800,600\" data-comments-opened=\"1\" data-image-meta=\"{&quot;aperture&quot;:&quot;0&quot;,&quot;credit&quot;:&quot;&quot;,&quot;camera&quot;:&quot;&quot;,&quot;caption&quot;:&quot;&quot;,&quot;created_timestamp&quot;:&quot;0&quot;,&quot;copyright&quot;:&quot;&quot;,&quot;focal_length&quot;:&quot;0&quot;,&quot;iso&quot;:&quot;0&quot;,&quot;shutter_speed&quot;:&quot;0&quot;,&quot;title&quot;:&quot;&quot;,&quot;orientation&quot;:&quot;0&quot;}\" data-image-title=\"Le studio de Radio France\" data-image-description=\"\" data-image-caption=\"&lt;p&gt;De gauche \u00e0 droite , Lilian le harceleur ; Cassandre la psychologue ; Niamh la pr\u00e9sentatrice ; Laura la femme harcel\u00e9e ; Marine la f\u00e9ministe ; Enora la t\u00e9moin &lt;\/p&gt;\n\" data-large-file=\"https:\/\/i0.wp.com\/blogs.lyceecfadumene.fr\/tyanheol\/files\/2018\/01\/Image-en-noir-et-blanc.png?fit=604%2C453\" class=\"size-full wp-image-2278\" src=\"https:\/\/i0.wp.com\/blogs.lyceecfadumene.fr\/tyanheol\/files\/2018\/01\/Image-en-noir-et-blanc.png?resize=604%2C453&#038;ssl=1\" alt=\"\" height=\"453\" width=\"604\" srcset=\"https:\/\/i0.wp.com\/blogs.lyceecfadumene.fr\/tyanheol\/files\/2018\/01\/Image-en-noir-et-blanc.png?w=800 800w, https:\/\/i0.wp.com\/blogs.lyceecfadumene.fr\/tyanheol\/files\/2018\/01\/Image-en-noir-et-blanc.png?resize=300%2C225 300w, https:\/\/i0.wp.com\/blogs.lyceecfadumene.fr\/tyanheol\/files\/2018\/01\/Image-en-noir-et-blanc.png?resize=768%2C576 768w, https:\/\/i0.wp.com\/blogs.lyceecfadumene.fr\/tyanheol\/files\/2018\/01\/Image-en-noir-et-blanc.png?resize=400%2C300 400w\" sizes=\"auto, (max-width: 604px) 100vw, 604px\" \/><\/a><figcaption id=\"caption-attachment-2278\" class=\"wp-caption-text\">De gauche \u00e0 droite , Lilian le harceleur ; Cassandre la psychologue ; Niamh la pr\u00e9sentatrice ; Laura la femme harcel\u00e9e ; Marine la f\u00e9ministe ; Enora la t\u00e9moin.<\/figcaption><\/figure>\n<p>&nbsp;<\/p>\n","protected":false},"excerpt":{"rendered":"<p>Le harc\u00e8lement de rue, ce sont des comportements adress\u00e9s aux personnes dans les espaces publics et semi-publics visant \u00e0 les interpeler de diff\u00e9rentes fa\u00e7ons. Plus d&rsquo;une femme sur deux en France ont d\u00e9j\u00e0 \u00e9t\u00e9 harcel\u00e9es, mais pourquoi le harc\u00e8lement existe t-il ? Une des raisons est expliqu\u00e9e avec notre \u00e9quipe radio accompagn\u00e9e de diff\u00e9rents avis &hellip; <a href=\"http:\/\/blogs.lyceecfadumene.fr\/tyanheol\/2018\/01\/22\/pour-combattre-le-harcelement-de-rue-commencons-par-en-parler\/\" class=\"more-link\">Continuer la lecture de <span class=\"screen-reader-text\">Pour combattre le harc\u00e8lement de rue, commen\u00e7ons par en parler.<\/span> <span class=\"meta-nav\">&rarr;<\/span><\/a><\/p>\n","protected":false},"author":43,"featured_media":0,"comment_status":"open","ping_status":"open","sticky":false,"template":"","format":"standard","meta":{"_jetpack_memberships_contains_paid_content":false,"footnotes":"","jetpack_publicize_message":"","jetpack_publicize_feature_enabled":true,"jetpack_social_post_already_shared":true,"jetpack_social_options":{"image_generator_settings":{"template":"highway","default_image_id":0,"font":"","enabled":false},"version":2}},"categories":[1,29435],"tags":[27365],"class_list":["post-2277","post","type-post","status-publish","format-standard","hentry","category-non-classe","category-radio2","tag-harcelement-de-rue"],"aioseo_notices":[],"jetpack_publicize_connections":[],"jetpack_featured_media_url":"","jetpack_shortlink":"https:\/\/wp.me\/p1SrOO-AJ","jetpack_sharing_enabled":true,"_links":{"self":[{"href":"http:\/\/blogs.lyceecfadumene.fr\/tyanheol\/wp-json\/wp\/v2\/posts\/2277","targetHints":{"allow":["GET"]}}],"collection":[{"href":"http:\/\/blogs.lyceecfadumene.fr\/tyanheol\/wp-json\/wp\/v2\/posts"}],"about":[{"href":"http:\/\/blogs.lyceecfadumene.fr\/tyanheol\/wp-json\/wp\/v2\/types\/post"}],"author":[{"embeddable":true,"href":"http:\/\/blogs.lyceecfadumene.fr\/tyanheol\/wp-json\/wp\/v2\/users\/43"}],"replies":[{"embeddable":true,"href":"http:\/\/blogs.lyceecfadumene.fr\/tyanheol\/wp-json\/wp\/v2\/comments?post=2277"}],"version-history":[{"count":1,"href":"http:\/\/blogs.lyceecfadumene.fr\/tyanheol\/wp-json\/wp\/v2\/posts\/2277\/revisions"}],"predecessor-version":[{"id":3232,"href":"http:\/\/blogs.lyceecfadumene.fr\/tyanheol\/wp-json\/wp\/v2\/posts\/2277\/revisions\/3232"}],"wp:attachment":[{"href":"http:\/\/blogs.lyceecfadumene.fr\/tyanheol\/wp-json\/wp\/v2\/media?parent=2277"}],"wp:term":[{"taxonomy":"category","embeddable":true,"href":"http:\/\/blogs.lyceecfadumene.fr\/tyanheol\/wp-json\/wp\/v2\/categories?post=2277"},{"taxonomy":"post_tag","embeddable":true,"href":"http:\/\/blogs.lyceecfadumene.fr\/tyanheol\/wp-json\/wp\/v2\/tags?post=2277"}],"curies":[{"name":"wp","href":"https:\/\/api.w.org\/{rel}","templated":true}]}}