{"id":2164,"date":"2017-12-04T15:29:10","date_gmt":"2017-12-04T13:29:10","guid":{"rendered":"https:\/\/blogs.lyceecfadumene.fr\/tyanheol\/?p=2164"},"modified":"2017-12-04T15:43:24","modified_gmt":"2017-12-04T13:43:24","slug":"pour-vos-fetes-de-fin-dannee","status":"publish","type":"post","link":"http:\/\/blogs.lyceecfadumene.fr\/tyanheol\/2017\/12\/04\/pour-vos-fetes-de-fin-dannee\/","title":{"rendered":"Pour vos f\u00eates de fin d&rsquo;ann\u00e9e !"},"content":{"rendered":"<p><a href=\"https:\/\/i0.wp.com\/blogs.lyceecfadumene.fr\/tyanheol\/files\/2017\/12\/noel-3.jpg?ssl=1\"><img data-recalc-dims=\"1\" loading=\"lazy\" decoding=\"async\" data-attachment-id=\"2183\" data-permalink=\"http:\/\/blogs.lyceecfadumene.fr\/tyanheol\/2017\/12\/04\/pour-vos-fetes-de-fin-dannee\/noel-5\/\" data-orig-file=\"https:\/\/i0.wp.com\/blogs.lyceecfadumene.fr\/tyanheol\/files\/2017\/12\/noel-3.jpg?fit=640%2C432\" data-orig-size=\"640,432\" data-comments-opened=\"1\" data-image-meta=\"{&quot;aperture&quot;:&quot;0&quot;,&quot;credit&quot;:&quot;&quot;,&quot;camera&quot;:&quot;&quot;,&quot;caption&quot;:&quot;&quot;,&quot;created_timestamp&quot;:&quot;0&quot;,&quot;copyright&quot;:&quot;&quot;,&quot;focal_length&quot;:&quot;0&quot;,&quot;iso&quot;:&quot;0&quot;,&quot;shutter_speed&quot;:&quot;0&quot;,&quot;title&quot;:&quot;&quot;,&quot;orientation&quot;:&quot;0&quot;}\" data-image-title=\"noel\" data-image-description=\"\" data-image-caption=\"\" data-large-file=\"https:\/\/i0.wp.com\/blogs.lyceecfadumene.fr\/tyanheol\/files\/2017\/12\/noel-3.jpg?fit=604%2C408\" class=\"aligncenter size-full wp-image-2183\" src=\"https:\/\/i0.wp.com\/blogs.lyceecfadumene.fr\/tyanheol\/files\/2017\/12\/noel-3.jpg?resize=604%2C408&#038;ssl=1\" alt=\"\" height=\"408\" width=\"604\" srcset=\"https:\/\/i0.wp.com\/blogs.lyceecfadumene.fr\/tyanheol\/files\/2017\/12\/noel-3.jpg?w=640 640w, https:\/\/i0.wp.com\/blogs.lyceecfadumene.fr\/tyanheol\/files\/2017\/12\/noel-3.jpg?resize=300%2C203 300w, https:\/\/i0.wp.com\/blogs.lyceecfadumene.fr\/tyanheol\/files\/2017\/12\/noel-3.jpg?resize=444%2C300 444w\" sizes=\"auto, (max-width: 604px) 100vw, 604px\" \/><\/a>Afin de continuer \u00e0 r\u00e9colter des fonds pour leur<strong> voyage d\u2019\u00e9tude<\/strong>, les BTS1-TC se sont lanc\u00e9s dans de la vente de saucissons et de terrines.<\/p>\n<p>Diff\u00e9rentes saveurs sont propos\u00e9es pour les saucissons : poivre, aux herbes, nature, noisettes, sanglier, c\u00e8pes, Bleu d\u2019Auvergne, piment, kangourou&#8230;<\/p>\n<p>Ils proposent \u00e9galement des terrines de cerf \u00e0 l\u2019armagnac, de canard au poivre vert, de lapin \u00e0 l\u2019armagnac et une terrine de campagne aux c\u00e8pes.<\/p>\n<p>Les produits font 180g et sont vendus \u00e0 3\u20ac pi\u00e8ce.<\/p>\n<p>N\u2019h\u00e9sitez pas \u00e0 contacter les BTS 1 TC si vous \u00eates int\u00e9ress\u00e9s ou pour plus d\u2019informations!<a href=\"mailto:mil@lyceecfadumene.fr\"> mil@lyceecfadumene.fr<\/a><\/p>\n<p>&nbsp;<\/p>\n","protected":false},"excerpt":{"rendered":"<p>Les \u00e9tudiants de BTS1-TC organise une vente de saucissons dans le but de financer leur futur voyage d&rsquo;\u00e9tude.<\/p>\n","protected":false},"author":43,"featured_media":0,"comment_status":"open","ping_status":"open","sticky":false,"template":"","format":"standard","meta":{"_jetpack_memberships_contains_paid_content":false,"footnotes":"","jetpack_publicize_message":"","jetpack_publicize_feature_enabled":true,"jetpack_social_post_already_shared":true,"jetpack_social_options":{"image_generator_settings":{"template":"highway","default_image_id":0,"font":"","enabled":false},"version":2}},"categories":[1,104],"tags":[25499,12789,8242],"class_list":["post-2164","post","type-post","status-publish","format-standard","hentry","category-non-classe","category-voyage","tag-action","tag-vente","tag-voyage-2"],"aioseo_notices":[],"jetpack_publicize_connections":[],"jetpack_featured_media_url":"","jetpack_shortlink":"https:\/\/wp.me\/p1SrOO-yU","jetpack_sharing_enabled":true,"_links":{"self":[{"href":"http:\/\/blogs.lyceecfadumene.fr\/tyanheol\/wp-json\/wp\/v2\/posts\/2164","targetHints":{"allow":["GET"]}}],"collection":[{"href":"http:\/\/blogs.lyceecfadumene.fr\/tyanheol\/wp-json\/wp\/v2\/posts"}],"about":[{"href":"http:\/\/blogs.lyceecfadumene.fr\/tyanheol\/wp-json\/wp\/v2\/types\/post"}],"author":[{"embeddable":true,"href":"http:\/\/blogs.lyceecfadumene.fr\/tyanheol\/wp-json\/wp\/v2\/users\/43"}],"replies":[{"embeddable":true,"href":"http:\/\/blogs.lyceecfadumene.fr\/tyanheol\/wp-json\/wp\/v2\/comments?post=2164"}],"version-history":[{"count":0,"href":"http:\/\/blogs.lyceecfadumene.fr\/tyanheol\/wp-json\/wp\/v2\/posts\/2164\/revisions"}],"wp:attachment":[{"href":"http:\/\/blogs.lyceecfadumene.fr\/tyanheol\/wp-json\/wp\/v2\/media?parent=2164"}],"wp:term":[{"taxonomy":"category","embeddable":true,"href":"http:\/\/blogs.lyceecfadumene.fr\/tyanheol\/wp-json\/wp\/v2\/categories?post=2164"},{"taxonomy":"post_tag","embeddable":true,"href":"http:\/\/blogs.lyceecfadumene.fr\/tyanheol\/wp-json\/wp\/v2\/tags?post=2164"}],"curies":[{"name":"wp","href":"https:\/\/api.w.org\/{rel}","templated":true}]}}