{"id":1893,"date":"2017-06-07T14:43:30","date_gmt":"2017-06-07T12:43:30","guid":{"rendered":"http:\/\/blogs.lyceecfadumene.fr\/tyanheol\/?p=1893"},"modified":"2022-04-03T17:56:53","modified_gmt":"2022-04-03T15:56:53","slug":"les-2de-njpf-vous-offrent-leur-vision-du-mene","status":"publish","type":"post","link":"http:\/\/blogs.lyceecfadumene.fr\/tyanheol\/2017\/06\/07\/les-2de-njpf-vous-offrent-leur-vision-du-mene\/","title":{"rendered":"Les 2de NJPF vous offrent leur vision du Men\u00e9"},"content":{"rendered":"<p><strong>\u00a0\u00bb <\/strong>Nous sommes une classe de 20 \u00e9l\u00e8ves de Seconde NJPF. On a r\u00e9alis\u00e9 un projet de poterie en c\u00e9ramique cuite au four, on a utilis\u00e9 de la terre cuite, du gr\u00e8s noir chamott\u00e9, des tiges filet\u00e9es qu&rsquo;on a coul\u00e9es dans le b\u00e9ton. On a travaill\u00e9 en demi-groupes sur l&rsquo;identit\u00e9 du Men\u00e9 et la<strong> <a href=\"http:\/\/www.centrebretagne.com\/office-de-tourisme\/decouvrir\/route-des-energies-du-mene.html\">Route des \u00c9nergies<\/a> <\/strong>renouvelables. On a repr\u00e9sent\u00e9 des sculptures en noir et blanc pour \u00e9voquer le drapeau breton. Les structures ressemblent aussi \u00e0 des arbres car le bois fournit de l&rsquo;\u00e9nergie renouvelable, et \u00e9voquent les parcs d&rsquo;\u00e9oliennes qui fleurissent dans le paysage. <strong>\u00a0\u00bb nous disent Rodrigue et Romain.<\/strong><\/p>\n<p><img data-recalc-dims=\"1\" loading=\"lazy\" decoding=\"async\" data-attachment-id=\"1903\" data-permalink=\"http:\/\/blogs.lyceecfadumene.fr\/tyanheol\/2017\/06\/07\/les-2de-njpf-vous-offrent-leur-vision-du-mene\/dav-3\/\" data-orig-file=\"https:\/\/i0.wp.com\/blogs.lyceecfadumene.fr\/tyanheol\/files\/2017\/06\/Photo-028.jpg?fit=3120%2C4160\" data-orig-size=\"3120,4160\" data-comments-opened=\"1\" data-image-meta=\"{&quot;aperture&quot;:&quot;2&quot;,&quot;credit&quot;:&quot;&quot;,&quot;camera&quot;:&quot;HUAWEI VNS-L31&quot;,&quot;caption&quot;:&quot;dav&quot;,&quot;created_timestamp&quot;:&quot;1496828779&quot;,&quot;copyright&quot;:&quot;&quot;,&quot;focal_length&quot;:&quot;3.79&quot;,&quot;iso&quot;:&quot;50&quot;,&quot;shutter_speed&quot;:&quot;0.003134&quot;,&quot;title&quot;:&quot;dav&quot;,&quot;orientation&quot;:&quot;0&quot;}\" data-image-title=\"dav\" data-image-description=\"\" data-image-caption=\"\" data-large-file=\"https:\/\/i0.wp.com\/blogs.lyceecfadumene.fr\/tyanheol\/files\/2017\/06\/Photo-028.jpg?fit=604%2C805\" class=\"alignnone size-medium wp-image-1903\" src=\"https:\/\/i0.wp.com\/blogs.lyceecfadumene.fr\/tyanheol\/files\/2017\/06\/Photo-028-225x300.jpg?resize=225%2C300&#038;ssl=1\" alt=\"\" height=\"300\" width=\"225\" srcset=\"https:\/\/i0.wp.com\/blogs.lyceecfadumene.fr\/tyanheol\/files\/2017\/06\/Photo-028.jpg?resize=225%2C300 225w, https:\/\/i0.wp.com\/blogs.lyceecfadumene.fr\/tyanheol\/files\/2017\/06\/Photo-028.jpg?resize=768%2C1024 768w, https:\/\/i0.wp.com\/blogs.lyceecfadumene.fr\/tyanheol\/files\/2017\/06\/Photo-028.jpg?w=1208 1208w, https:\/\/i0.wp.com\/blogs.lyceecfadumene.fr\/tyanheol\/files\/2017\/06\/Photo-028.jpg?w=1812 1812w\" sizes=\"auto, (max-width: 225px) 100vw, 225px\" \/> <img data-recalc-dims=\"1\" loading=\"lazy\" decoding=\"async\" data-attachment-id=\"1902\" data-permalink=\"http:\/\/blogs.lyceecfadumene.fr\/tyanheol\/2017\/06\/07\/les-2de-njpf-vous-offrent-leur-vision-du-mene\/dav-2\/\" data-orig-file=\"https:\/\/i0.wp.com\/blogs.lyceecfadumene.fr\/tyanheol\/files\/2017\/06\/Photo-021.jpg?fit=3120%2C4160\" data-orig-size=\"3120,4160\" data-comments-opened=\"1\" data-image-meta=\"{&quot;aperture&quot;:&quot;2&quot;,&quot;credit&quot;:&quot;&quot;,&quot;camera&quot;:&quot;HUAWEI VNS-L31&quot;,&quot;caption&quot;:&quot;dav&quot;,&quot;created_timestamp&quot;:&quot;1496828763&quot;,&quot;copyright&quot;:&quot;&quot;,&quot;focal_length&quot;:&quot;3.79&quot;,&quot;iso&quot;:&quot;50&quot;,&quot;shutter_speed&quot;:&quot;0.00516&quot;,&quot;title&quot;:&quot;dav&quot;,&quot;orientation&quot;:&quot;0&quot;}\" data-image-title=\"dav\" data-image-description=\"\" data-image-caption=\"\" data-large-file=\"https:\/\/i0.wp.com\/blogs.lyceecfadumene.fr\/tyanheol\/files\/2017\/06\/Photo-021.jpg?fit=604%2C805\" class=\"alignnone size-medium wp-image-1902\" src=\"https:\/\/i0.wp.com\/blogs.lyceecfadumene.fr\/tyanheol\/files\/2017\/06\/Photo-021-225x300.jpg?resize=225%2C300&#038;ssl=1\" alt=\"\" height=\"300\" width=\"225\" srcset=\"https:\/\/i0.wp.com\/blogs.lyceecfadumene.fr\/tyanheol\/files\/2017\/06\/Photo-021.jpg?resize=225%2C300 225w, https:\/\/i0.wp.com\/blogs.lyceecfadumene.fr\/tyanheol\/files\/2017\/06\/Photo-021.jpg?resize=768%2C1024 768w, https:\/\/i0.wp.com\/blogs.lyceecfadumene.fr\/tyanheol\/files\/2017\/06\/Photo-021.jpg?w=1208 1208w, https:\/\/i0.wp.com\/blogs.lyceecfadumene.fr\/tyanheol\/files\/2017\/06\/Photo-021.jpg?w=1812 1812w\" sizes=\"auto, (max-width: 225px) 100vw, 225px\" \/> <img data-recalc-dims=\"1\" loading=\"lazy\" decoding=\"async\" data-attachment-id=\"1901\" data-permalink=\"http:\/\/blogs.lyceecfadumene.fr\/tyanheol\/2017\/06\/07\/les-2de-njpf-vous-offrent-leur-vision-du-mene\/hdr-3\/\" data-orig-file=\"https:\/\/i0.wp.com\/blogs.lyceecfadumene.fr\/tyanheol\/files\/2017\/06\/Photo-019.jpg?fit=4160%2C3120\" data-orig-size=\"4160,3120\" data-comments-opened=\"1\" data-image-meta=\"{&quot;aperture&quot;:&quot;2&quot;,&quot;credit&quot;:&quot;&quot;,&quot;camera&quot;:&quot;HUAWEI VNS-L31&quot;,&quot;caption&quot;:&quot;hdr&quot;,&quot;created_timestamp&quot;:&quot;1496828897&quot;,&quot;copyright&quot;:&quot;&quot;,&quot;focal_length&quot;:&quot;3.79&quot;,&quot;iso&quot;:&quot;50&quot;,&quot;shutter_speed&quot;:&quot;0.008158&quot;,&quot;title&quot;:&quot;hdr&quot;,&quot;orientation&quot;:&quot;1&quot;}\" data-image-title=\"hdr\" data-image-description=\"\" data-image-caption=\"\" data-large-file=\"https:\/\/i0.wp.com\/blogs.lyceecfadumene.fr\/tyanheol\/files\/2017\/06\/Photo-019.jpg?fit=604%2C453\" class=\"alignnone size-medium wp-image-1901\" src=\"https:\/\/i0.wp.com\/blogs.lyceecfadumene.fr\/tyanheol\/files\/2017\/06\/Photo-019-300x225.jpg?resize=300%2C225&#038;ssl=1\" alt=\"\" height=\"225\" width=\"300\" srcset=\"https:\/\/i0.wp.com\/blogs.lyceecfadumene.fr\/tyanheol\/files\/2017\/06\/Photo-019.jpg?resize=300%2C225 300w, https:\/\/i0.wp.com\/blogs.lyceecfadumene.fr\/tyanheol\/files\/2017\/06\/Photo-019.jpg?resize=768%2C576 768w, https:\/\/i0.wp.com\/blogs.lyceecfadumene.fr\/tyanheol\/files\/2017\/06\/Photo-019.jpg?resize=1024%2C768 1024w, https:\/\/i0.wp.com\/blogs.lyceecfadumene.fr\/tyanheol\/files\/2017\/06\/Photo-019.jpg?resize=400%2C300 400w, https:\/\/i0.wp.com\/blogs.lyceecfadumene.fr\/tyanheol\/files\/2017\/06\/Photo-019.jpg?w=1208 1208w, https:\/\/i0.wp.com\/blogs.lyceecfadumene.fr\/tyanheol\/files\/2017\/06\/Photo-019.jpg?w=1812 1812w\" sizes=\"auto, (max-width: 300px) 100vw, 300px\" \/> <img data-recalc-dims=\"1\" loading=\"lazy\" decoding=\"async\" data-attachment-id=\"1900\" data-permalink=\"http:\/\/blogs.lyceecfadumene.fr\/tyanheol\/2017\/06\/07\/les-2de-njpf-vous-offrent-leur-vision-du-mene\/hdr-2\/\" data-orig-file=\"https:\/\/i0.wp.com\/blogs.lyceecfadumene.fr\/tyanheol\/files\/2017\/06\/Photo-015.jpg?fit=3120%2C4160\" data-orig-size=\"3120,4160\" data-comments-opened=\"1\" data-image-meta=\"{&quot;aperture&quot;:&quot;2&quot;,&quot;credit&quot;:&quot;&quot;,&quot;camera&quot;:&quot;HUAWEI VNS-L31&quot;,&quot;caption&quot;:&quot;hdr&quot;,&quot;created_timestamp&quot;:&quot;1496828843&quot;,&quot;copyright&quot;:&quot;&quot;,&quot;focal_length&quot;:&quot;3.79&quot;,&quot;iso&quot;:&quot;50&quot;,&quot;shutter_speed&quot;:&quot;0.001556&quot;,&quot;title&quot;:&quot;hdr&quot;,&quot;orientation&quot;:&quot;0&quot;}\" data-image-title=\"hdr\" data-image-description=\"\" data-image-caption=\"\" data-large-file=\"https:\/\/i0.wp.com\/blogs.lyceecfadumene.fr\/tyanheol\/files\/2017\/06\/Photo-015.jpg?fit=604%2C805\" class=\"alignnone size-medium wp-image-1900\" src=\"https:\/\/i0.wp.com\/blogs.lyceecfadumene.fr\/tyanheol\/files\/2017\/06\/Photo-015-225x300.jpg?resize=225%2C300&#038;ssl=1\" alt=\"\" height=\"300\" width=\"225\" srcset=\"https:\/\/i0.wp.com\/blogs.lyceecfadumene.fr\/tyanheol\/files\/2017\/06\/Photo-015.jpg?resize=225%2C300 225w, https:\/\/i0.wp.com\/blogs.lyceecfadumene.fr\/tyanheol\/files\/2017\/06\/Photo-015.jpg?resize=768%2C1024 768w, https:\/\/i0.wp.com\/blogs.lyceecfadumene.fr\/tyanheol\/files\/2017\/06\/Photo-015.jpg?w=1208 1208w, https:\/\/i0.wp.com\/blogs.lyceecfadumene.fr\/tyanheol\/files\/2017\/06\/Photo-015.jpg?w=1812 1812w\" sizes=\"auto, (max-width: 225px) 100vw, 225px\" \/> <img data-recalc-dims=\"1\" loading=\"lazy\" decoding=\"async\" data-attachment-id=\"1899\" data-permalink=\"http:\/\/blogs.lyceecfadumene.fr\/tyanheol\/2017\/06\/07\/les-2de-njpf-vous-offrent-leur-vision-du-mene\/dav\/\" data-orig-file=\"https:\/\/i0.wp.com\/blogs.lyceecfadumene.fr\/tyanheol\/files\/2017\/06\/Photo-012.jpg?fit=4160%2C3120\" data-orig-size=\"4160,3120\" data-comments-opened=\"1\" data-image-meta=\"{&quot;aperture&quot;:&quot;2&quot;,&quot;credit&quot;:&quot;&quot;,&quot;camera&quot;:&quot;HUAWEI VNS-L31&quot;,&quot;caption&quot;:&quot;dav&quot;,&quot;created_timestamp&quot;:&quot;1496828657&quot;,&quot;copyright&quot;:&quot;&quot;,&quot;focal_length&quot;:&quot;3.79&quot;,&quot;iso&quot;:&quot;50&quot;,&quot;shutter_speed&quot;:&quot;0.004483&quot;,&quot;title&quot;:&quot;dav&quot;,&quot;orientation&quot;:&quot;1&quot;}\" data-image-title=\"dav\" data-image-description=\"\" data-image-caption=\"\" data-large-file=\"https:\/\/i0.wp.com\/blogs.lyceecfadumene.fr\/tyanheol\/files\/2017\/06\/Photo-012.jpg?fit=604%2C453\" class=\"alignnone size-medium wp-image-1899\" src=\"https:\/\/i0.wp.com\/blogs.lyceecfadumene.fr\/tyanheol\/files\/2017\/06\/Photo-012-300x225.jpg?resize=300%2C225&#038;ssl=1\" alt=\"\" height=\"225\" width=\"300\" srcset=\"https:\/\/i0.wp.com\/blogs.lyceecfadumene.fr\/tyanheol\/files\/2017\/06\/Photo-012.jpg?resize=300%2C225 300w, https:\/\/i0.wp.com\/blogs.lyceecfadumene.fr\/tyanheol\/files\/2017\/06\/Photo-012.jpg?resize=768%2C576 768w, https:\/\/i0.wp.com\/blogs.lyceecfadumene.fr\/tyanheol\/files\/2017\/06\/Photo-012.jpg?resize=1024%2C768 1024w, https:\/\/i0.wp.com\/blogs.lyceecfadumene.fr\/tyanheol\/files\/2017\/06\/Photo-012.jpg?resize=400%2C300 400w, https:\/\/i0.wp.com\/blogs.lyceecfadumene.fr\/tyanheol\/files\/2017\/06\/Photo-012.jpg?w=1208 1208w, https:\/\/i0.wp.com\/blogs.lyceecfadumene.fr\/tyanheol\/files\/2017\/06\/Photo-012.jpg?w=1812 1812w\" sizes=\"auto, (max-width: 300px) 100vw, 300px\" \/> <img data-recalc-dims=\"1\" loading=\"lazy\" decoding=\"async\" data-attachment-id=\"1898\" data-permalink=\"http:\/\/blogs.lyceecfadumene.fr\/tyanheol\/2017\/06\/07\/les-2de-njpf-vous-offrent-leur-vision-du-mene\/photo-011\/\" data-orig-file=\"https:\/\/i0.wp.com\/blogs.lyceecfadumene.fr\/tyanheol\/files\/2017\/06\/Photo-011.jpg?fit=3024%2C4032\" data-orig-size=\"3024,4032\" data-comments-opened=\"1\" data-image-meta=\"{&quot;aperture&quot;:&quot;1.7&quot;,&quot;credit&quot;:&quot;&quot;,&quot;camera&quot;:&quot;SM-G935F&quot;,&quot;caption&quot;:&quot;&quot;,&quot;created_timestamp&quot;:&quot;1496828417&quot;,&quot;copyright&quot;:&quot;&quot;,&quot;focal_length&quot;:&quot;4.2&quot;,&quot;iso&quot;:&quot;50&quot;,&quot;shutter_speed&quot;:&quot;0.00133333333333&quot;,&quot;title&quot;:&quot;&quot;,&quot;orientation&quot;:&quot;0&quot;}\" data-image-title=\"Photo 011\" data-image-description=\"\" data-image-caption=\"\" data-large-file=\"https:\/\/i0.wp.com\/blogs.lyceecfadumene.fr\/tyanheol\/files\/2017\/06\/Photo-011.jpg?fit=604%2C805\" class=\"alignnone size-medium wp-image-1898\" src=\"https:\/\/i0.wp.com\/blogs.lyceecfadumene.fr\/tyanheol\/files\/2017\/06\/Photo-011-225x300.jpg?resize=225%2C300&#038;ssl=1\" alt=\"\" height=\"300\" width=\"225\" srcset=\"https:\/\/i0.wp.com\/blogs.lyceecfadumene.fr\/tyanheol\/files\/2017\/06\/Photo-011.jpg?resize=225%2C300 225w, https:\/\/i0.wp.com\/blogs.lyceecfadumene.fr\/tyanheol\/files\/2017\/06\/Photo-011.jpg?resize=768%2C1024 768w, https:\/\/i0.wp.com\/blogs.lyceecfadumene.fr\/tyanheol\/files\/2017\/06\/Photo-011.jpg?w=1208 1208w, https:\/\/i0.wp.com\/blogs.lyceecfadumene.fr\/tyanheol\/files\/2017\/06\/Photo-011.jpg?w=1812 1812w\" sizes=\"auto, (max-width: 225px) 100vw, 225px\" \/> <img data-recalc-dims=\"1\" loading=\"lazy\" decoding=\"async\" data-attachment-id=\"1897\" data-permalink=\"http:\/\/blogs.lyceecfadumene.fr\/tyanheol\/2017\/06\/07\/les-2de-njpf-vous-offrent-leur-vision-du-mene\/photo-008\/\" data-orig-file=\"https:\/\/i0.wp.com\/blogs.lyceecfadumene.fr\/tyanheol\/files\/2017\/06\/Photo-008.jpg?fit=4032%2C3024\" data-orig-size=\"4032,3024\" data-comments-opened=\"1\" data-image-meta=\"{&quot;aperture&quot;:&quot;1.7&quot;,&quot;credit&quot;:&quot;&quot;,&quot;camera&quot;:&quot;SM-G935F&quot;,&quot;caption&quot;:&quot;&quot;,&quot;created_timestamp&quot;:&quot;1496828571&quot;,&quot;copyright&quot;:&quot;&quot;,&quot;focal_length&quot;:&quot;4.2&quot;,&quot;iso&quot;:&quot;50&quot;,&quot;shutter_speed&quot;:&quot;0.00505050505051&quot;,&quot;title&quot;:&quot;&quot;,&quot;orientation&quot;:&quot;0&quot;}\" data-image-title=\"Photo 008\" data-image-description=\"\" data-image-caption=\"\" data-large-file=\"https:\/\/i0.wp.com\/blogs.lyceecfadumene.fr\/tyanheol\/files\/2017\/06\/Photo-008.jpg?fit=604%2C453\" class=\"alignnone size-medium wp-image-1897\" src=\"https:\/\/i0.wp.com\/blogs.lyceecfadumene.fr\/tyanheol\/files\/2017\/06\/Photo-008-300x225.jpg?resize=300%2C225&#038;ssl=1\" alt=\"\" height=\"225\" width=\"300\" srcset=\"https:\/\/i0.wp.com\/blogs.lyceecfadumene.fr\/tyanheol\/files\/2017\/06\/Photo-008.jpg?resize=300%2C225 300w, https:\/\/i0.wp.com\/blogs.lyceecfadumene.fr\/tyanheol\/files\/2017\/06\/Photo-008.jpg?resize=768%2C576 768w, https:\/\/i0.wp.com\/blogs.lyceecfadumene.fr\/tyanheol\/files\/2017\/06\/Photo-008.jpg?resize=1024%2C768 1024w, https:\/\/i0.wp.com\/blogs.lyceecfadumene.fr\/tyanheol\/files\/2017\/06\/Photo-008.jpg?resize=400%2C300 400w, https:\/\/i0.wp.com\/blogs.lyceecfadumene.fr\/tyanheol\/files\/2017\/06\/Photo-008.jpg?w=1208 1208w, https:\/\/i0.wp.com\/blogs.lyceecfadumene.fr\/tyanheol\/files\/2017\/06\/Photo-008.jpg?w=1812 1812w\" sizes=\"auto, (max-width: 300px) 100vw, 300px\" \/> <img data-recalc-dims=\"1\" loading=\"lazy\" decoding=\"async\" data-attachment-id=\"1896\" data-permalink=\"http:\/\/blogs.lyceecfadumene.fr\/tyanheol\/2017\/06\/07\/les-2de-njpf-vous-offrent-leur-vision-du-mene\/photo-007\/\" data-orig-file=\"https:\/\/i0.wp.com\/blogs.lyceecfadumene.fr\/tyanheol\/files\/2017\/06\/Photo-007.jpg?fit=3024%2C4032\" data-orig-size=\"3024,4032\" data-comments-opened=\"1\" data-image-meta=\"{&quot;aperture&quot;:&quot;1.7&quot;,&quot;credit&quot;:&quot;&quot;,&quot;camera&quot;:&quot;SM-G935F&quot;,&quot;caption&quot;:&quot;&quot;,&quot;created_timestamp&quot;:&quot;1496828632&quot;,&quot;copyright&quot;:&quot;&quot;,&quot;focal_length&quot;:&quot;4.2&quot;,&quot;iso&quot;:&quot;50&quot;,&quot;shutter_speed&quot;:&quot;0.00240384615385&quot;,&quot;title&quot;:&quot;&quot;,&quot;orientation&quot;:&quot;0&quot;}\" data-image-title=\"Photo 007\" data-image-description=\"\" data-image-caption=\"\" data-large-file=\"https:\/\/i0.wp.com\/blogs.lyceecfadumene.fr\/tyanheol\/files\/2017\/06\/Photo-007.jpg?fit=604%2C805\" class=\"alignnone size-medium wp-image-1896\" src=\"https:\/\/i0.wp.com\/blogs.lyceecfadumene.fr\/tyanheol\/files\/2017\/06\/Photo-007-225x300.jpg?resize=225%2C300&#038;ssl=1\" alt=\"\" height=\"300\" width=\"225\" srcset=\"https:\/\/i0.wp.com\/blogs.lyceecfadumene.fr\/tyanheol\/files\/2017\/06\/Photo-007.jpg?resize=225%2C300 225w, https:\/\/i0.wp.com\/blogs.lyceecfadumene.fr\/tyanheol\/files\/2017\/06\/Photo-007.jpg?resize=768%2C1024 768w, https:\/\/i0.wp.com\/blogs.lyceecfadumene.fr\/tyanheol\/files\/2017\/06\/Photo-007.jpg?w=1208 1208w, https:\/\/i0.wp.com\/blogs.lyceecfadumene.fr\/tyanheol\/files\/2017\/06\/Photo-007.jpg?w=1812 1812w\" sizes=\"auto, (max-width: 225px) 100vw, 225px\" \/> <img data-recalc-dims=\"1\" loading=\"lazy\" decoding=\"async\" data-attachment-id=\"1895\" data-permalink=\"http:\/\/blogs.lyceecfadumene.fr\/tyanheol\/2017\/06\/07\/les-2de-njpf-vous-offrent-leur-vision-du-mene\/photo-003\/\" data-orig-file=\"https:\/\/i0.wp.com\/blogs.lyceecfadumene.fr\/tyanheol\/files\/2017\/06\/Photo-003.jpg?fit=3024%2C4032\" data-orig-size=\"3024,4032\" data-comments-opened=\"1\" data-image-meta=\"{&quot;aperture&quot;:&quot;1.7&quot;,&quot;credit&quot;:&quot;&quot;,&quot;camera&quot;:&quot;SM-G935F&quot;,&quot;caption&quot;:&quot;&quot;,&quot;created_timestamp&quot;:&quot;1496828738&quot;,&quot;copyright&quot;:&quot;&quot;,&quot;focal_length&quot;:&quot;4.2&quot;,&quot;iso&quot;:&quot;50&quot;,&quot;shutter_speed&quot;:&quot;0.00135135135135&quot;,&quot;title&quot;:&quot;&quot;,&quot;orientation&quot;:&quot;0&quot;}\" data-image-title=\"Photo 003\" data-image-description=\"\" data-image-caption=\"\" data-large-file=\"https:\/\/i0.wp.com\/blogs.lyceecfadumene.fr\/tyanheol\/files\/2017\/06\/Photo-003.jpg?fit=604%2C805\" class=\"alignnone size-medium wp-image-1895\" src=\"https:\/\/i0.wp.com\/blogs.lyceecfadumene.fr\/tyanheol\/files\/2017\/06\/Photo-003-225x300.jpg?resize=225%2C300&#038;ssl=1\" alt=\"\" height=\"300\" width=\"225\" srcset=\"https:\/\/i0.wp.com\/blogs.lyceecfadumene.fr\/tyanheol\/files\/2017\/06\/Photo-003.jpg?resize=225%2C300 225w, https:\/\/i0.wp.com\/blogs.lyceecfadumene.fr\/tyanheol\/files\/2017\/06\/Photo-003.jpg?resize=768%2C1024 768w, https:\/\/i0.wp.com\/blogs.lyceecfadumene.fr\/tyanheol\/files\/2017\/06\/Photo-003.jpg?w=1208 1208w, https:\/\/i0.wp.com\/blogs.lyceecfadumene.fr\/tyanheol\/files\/2017\/06\/Photo-003.jpg?w=1812 1812w\" sizes=\"auto, (max-width: 225px) 100vw, 225px\" \/> <img data-recalc-dims=\"1\" loading=\"lazy\" decoding=\"async\" data-attachment-id=\"1894\" data-permalink=\"http:\/\/blogs.lyceecfadumene.fr\/tyanheol\/2017\/06\/07\/les-2de-njpf-vous-offrent-leur-vision-du-mene\/hdr\/\" data-orig-file=\"https:\/\/i0.wp.com\/blogs.lyceecfadumene.fr\/tyanheol\/files\/2017\/06\/Photo-002.jpg?fit=3120%2C4160\" data-orig-size=\"3120,4160\" data-comments-opened=\"1\" data-image-meta=\"{&quot;aperture&quot;:&quot;2&quot;,&quot;credit&quot;:&quot;&quot;,&quot;camera&quot;:&quot;HUAWEI VNS-L31&quot;,&quot;caption&quot;:&quot;hdr&quot;,&quot;created_timestamp&quot;:&quot;1496828873&quot;,&quot;copyright&quot;:&quot;&quot;,&quot;focal_length&quot;:&quot;3.79&quot;,&quot;iso&quot;:&quot;50&quot;,&quot;shutter_speed&quot;:&quot;0.003179&quot;,&quot;title&quot;:&quot;hdr&quot;,&quot;orientation&quot;:&quot;0&quot;}\" data-image-title=\"hdr\" data-image-description=\"\" data-image-caption=\"\" data-large-file=\"https:\/\/i0.wp.com\/blogs.lyceecfadumene.fr\/tyanheol\/files\/2017\/06\/Photo-002.jpg?fit=604%2C805\" class=\"alignnone size-medium wp-image-1894\" src=\"https:\/\/i0.wp.com\/blogs.lyceecfadumene.fr\/tyanheol\/files\/2017\/06\/Photo-002-225x300.jpg?resize=225%2C300&#038;ssl=1\" alt=\"\" height=\"300\" width=\"225\" srcset=\"https:\/\/i0.wp.com\/blogs.lyceecfadumene.fr\/tyanheol\/files\/2017\/06\/Photo-002.jpg?resize=225%2C300 225w, https:\/\/i0.wp.com\/blogs.lyceecfadumene.fr\/tyanheol\/files\/2017\/06\/Photo-002.jpg?resize=768%2C1024 768w, https:\/\/i0.wp.com\/blogs.lyceecfadumene.fr\/tyanheol\/files\/2017\/06\/Photo-002.jpg?w=1208 1208w, https:\/\/i0.wp.com\/blogs.lyceecfadumene.fr\/tyanheol\/files\/2017\/06\/Photo-002.jpg?w=1812 1812w\" sizes=\"auto, (max-width: 225px) 100vw, 225px\" \/><\/p>\n","protected":false},"excerpt":{"rendered":"<p>\u00a0\u00bb Nous sommes une classe de 20 \u00e9l\u00e8ves de Seconde NJPF. On a r\u00e9alis\u00e9 un projet de poterie en c\u00e9ramique cuite au four, on a utilis\u00e9 de la terre cuite, du gr\u00e8s noir chamott\u00e9, des tiges filet\u00e9es qu&rsquo;on a coul\u00e9es dans le b\u00e9ton. On a travaill\u00e9 en demi-groupes sur l&rsquo;identit\u00e9 du Men\u00e9 et la Route &hellip; <a href=\"http:\/\/blogs.lyceecfadumene.fr\/tyanheol\/2017\/06\/07\/les-2de-njpf-vous-offrent-leur-vision-du-mene\/\" class=\"more-link\">Continuer la lecture de <span class=\"screen-reader-text\">Les 2de NJPF vous offrent leur vision du Men\u00e9<\/span> <span class=\"meta-nav\">&rarr;<\/span><\/a><\/p>\n","protected":false},"author":97,"featured_media":0,"comment_status":"open","ping_status":"open","sticky":false,"template":"","format":"standard","meta":{"_jetpack_memberships_contains_paid_content":false,"footnotes":"","jetpack_publicize_message":"","jetpack_publicize_feature_enabled":true,"jetpack_social_post_already_shared":true,"jetpack_social_options":{"image_generator_settings":{"template":"highway","default_image_id":0,"font":"","enabled":false},"version":2}},"categories":[29433,25439,1],"tags":[9190,25442,25464,4,6],"class_list":["post-1893","post","type-post","status-publish","format-standard","hentry","category-amenagement-paysager2","category-education-socioculturelle","category-non-classe","tag-activites","tag-bac-pro-amenagement-paysager","tag-education-socioculturelle","tag-lycee","tag-merdrignac"],"aioseo_notices":[],"jetpack_publicize_connections":[],"jetpack_featured_media_url":"","jetpack_shortlink":"https:\/\/wp.me\/p1SrOO-ux","jetpack_sharing_enabled":true,"_links":{"self":[{"href":"http:\/\/blogs.lyceecfadumene.fr\/tyanheol\/wp-json\/wp\/v2\/posts\/1893","targetHints":{"allow":["GET"]}}],"collection":[{"href":"http:\/\/blogs.lyceecfadumene.fr\/tyanheol\/wp-json\/wp\/v2\/posts"}],"about":[{"href":"http:\/\/blogs.lyceecfadumene.fr\/tyanheol\/wp-json\/wp\/v2\/types\/post"}],"author":[{"embeddable":true,"href":"http:\/\/blogs.lyceecfadumene.fr\/tyanheol\/wp-json\/wp\/v2\/users\/97"}],"replies":[{"embeddable":true,"href":"http:\/\/blogs.lyceecfadumene.fr\/tyanheol\/wp-json\/wp\/v2\/comments?post=1893"}],"version-history":[{"count":1,"href":"http:\/\/blogs.lyceecfadumene.fr\/tyanheol\/wp-json\/wp\/v2\/posts\/1893\/revisions"}],"predecessor-version":[{"id":3229,"href":"http:\/\/blogs.lyceecfadumene.fr\/tyanheol\/wp-json\/wp\/v2\/posts\/1893\/revisions\/3229"}],"wp:attachment":[{"href":"http:\/\/blogs.lyceecfadumene.fr\/tyanheol\/wp-json\/wp\/v2\/media?parent=1893"}],"wp:term":[{"taxonomy":"category","embeddable":true,"href":"http:\/\/blogs.lyceecfadumene.fr\/tyanheol\/wp-json\/wp\/v2\/categories?post=1893"},{"taxonomy":"post_tag","embeddable":true,"href":"http:\/\/blogs.lyceecfadumene.fr\/tyanheol\/wp-json\/wp\/v2\/tags?post=1893"}],"curies":[{"name":"wp","href":"https:\/\/api.w.org\/{rel}","templated":true}]}}