{"id":1855,"date":"2017-02-01T09:59:16","date_gmt":"2017-02-01T07:59:16","guid":{"rendered":"http:\/\/blogs.lyceecfadumene.fr\/tyanheol\/?p=1855"},"modified":"2022-04-03T17:57:16","modified_gmt":"2022-04-03T15:57:16","slug":"a-la-conquete-du-roazhon-park","status":"publish","type":"post","link":"http:\/\/blogs.lyceecfadumene.fr\/tyanheol\/2017\/02\/01\/a-la-conquete-du-roazhon-park\/","title":{"rendered":"A la conqu\u00eate du Roazhon Park !"},"content":{"rendered":"<p>Ce soir, mercredi 1<sup>er<\/sup> f\u00e9vrier 2017, le lyc\u00e9e du Men\u00e9 part \u00e0 la conqu\u00eate du <strong>Roazhon park<\/strong> \u00e0 Rennes pour le match opposant le <strong>S<\/strong>tade<strong> R<\/strong>ennais et <strong>P<\/strong>aris <strong>S<\/strong>aint-<strong>G<\/strong>ermain. Les entra\u00eeneurs Christian Gourcuff et Unai Emery vont-ils trouver la solution pour l&#8217;emporter dans ce match ?<\/p>\n<p>Ce Match est propos\u00e9 par l&rsquo;association Ty A<a href=\"https:\/\/i0.wp.com\/blogs.lyceecfadumene.fr\/tyanheol\/files\/2017\/02\/Stade_Rennais_FC_logo.svg_.png?ssl=1\"><img data-recalc-dims=\"1\" loading=\"lazy\" decoding=\"async\" data-attachment-id=\"1856\" data-permalink=\"http:\/\/blogs.lyceecfadumene.fr\/tyanheol\/2017\/02\/01\/a-la-conquete-du-roazhon-park\/stade_rennais_fc_logo-svg\/\" data-orig-file=\"https:\/\/i0.wp.com\/blogs.lyceecfadumene.fr\/tyanheol\/files\/2017\/02\/Stade_Rennais_FC_logo.svg_.png?fit=2000%2C2210\" data-orig-size=\"2000,2210\" data-comments-opened=\"1\" data-image-meta=\"{&quot;aperture&quot;:&quot;0&quot;,&quot;credit&quot;:&quot;&quot;,&quot;camera&quot;:&quot;&quot;,&quot;caption&quot;:&quot;&quot;,&quot;created_timestamp&quot;:&quot;0&quot;,&quot;copyright&quot;:&quot;&quot;,&quot;focal_length&quot;:&quot;0&quot;,&quot;iso&quot;:&quot;0&quot;,&quot;shutter_speed&quot;:&quot;0&quot;,&quot;title&quot;:&quot;&quot;,&quot;orientation&quot;:&quot;0&quot;}\" data-image-title=\"Stade_Rennais_FC_logo.svg\" data-image-description=\"\" data-image-caption=\"\" data-large-file=\"https:\/\/i0.wp.com\/blogs.lyceecfadumene.fr\/tyanheol\/files\/2017\/02\/Stade_Rennais_FC_logo.svg_.png?fit=604%2C667\" class=\"alignleft wp-image-1856 size-large\" src=\"https:\/\/i0.wp.com\/blogs.lyceecfadumene.fr\/tyanheol\/files\/2017\/02\/Stade_Rennais_FC_logo.svg_-927x1024.png?resize=584%2C645&#038;ssl=1\" height=\"645\" width=\"584\" srcset=\"https:\/\/i0.wp.com\/blogs.lyceecfadumene.fr\/tyanheol\/files\/2017\/02\/Stade_Rennais_FC_logo.svg_.png?resize=927%2C1024 927w, https:\/\/i0.wp.com\/blogs.lyceecfadumene.fr\/tyanheol\/files\/2017\/02\/Stade_Rennais_FC_logo.svg_.png?resize=271%2C300 271w, https:\/\/i0.wp.com\/blogs.lyceecfadumene.fr\/tyanheol\/files\/2017\/02\/Stade_Rennais_FC_logo.svg_.png?resize=768%2C849 768w, https:\/\/i0.wp.com\/blogs.lyceecfadumene.fr\/tyanheol\/files\/2017\/02\/Stade_Rennais_FC_logo.svg_.png?w=2000 2000w, https:\/\/i0.wp.com\/blogs.lyceecfadumene.fr\/tyanheol\/files\/2017\/02\/Stade_Rennais_FC_logo.svg_.png?w=1208 1208w, https:\/\/i0.wp.com\/blogs.lyceecfadumene.fr\/tyanheol\/files\/2017\/02\/Stade_Rennais_FC_logo.svg_.png?w=1812 1812w\" sizes=\"auto, (max-width: 584px) 100vw, 584px\" \/><\/a>n Heol.<\/p>\n","protected":false},"excerpt":{"rendered":"<p>Ce soir, mercredi 1er f\u00e9vrier 2017, le lyc\u00e9e du Men\u00e9 part \u00e0 la conqu\u00eate du Roazhon park \u00e0 Rennes pour le match opposant le Stade Rennais et Paris Saint-Germain.<\/p>\n","protected":false},"author":43,"featured_media":1857,"comment_status":"open","ping_status":"open","sticky":false,"template":"","format":"standard","meta":{"_jetpack_memberships_contains_paid_content":false,"footnotes":"","jetpack_publicize_message":"","jetpack_publicize_feature_enabled":true,"jetpack_social_post_already_shared":true,"jetpack_social_options":{"image_generator_settings":{"template":"highway","default_image_id":0,"font":"","enabled":false},"version":2}},"categories":[1,9177,29434],"tags":[42,9178,25482,9189,3643],"class_list":["post-1855","post","type-post","status-publish","format-standard","has-post-thumbnail","hentry","category-non-classe","category-sorties","category-sport2","tag-foot","tag-football","tag-match","tag-rennes","tag-ty-an-heol"],"aioseo_notices":[],"jetpack_publicize_connections":[],"jetpack_featured_media_url":"https:\/\/i0.wp.com\/blogs.lyceecfadumene.fr\/tyanheol\/files\/2017\/02\/StadeRDL_aerien3.jpg?fit=2816%2C2112","jetpack_shortlink":"https:\/\/wp.me\/p1SrOO-tV","jetpack_sharing_enabled":true,"_links":{"self":[{"href":"http:\/\/blogs.lyceecfadumene.fr\/tyanheol\/wp-json\/wp\/v2\/posts\/1855","targetHints":{"allow":["GET"]}}],"collection":[{"href":"http:\/\/blogs.lyceecfadumene.fr\/tyanheol\/wp-json\/wp\/v2\/posts"}],"about":[{"href":"http:\/\/blogs.lyceecfadumene.fr\/tyanheol\/wp-json\/wp\/v2\/types\/post"}],"author":[{"embeddable":true,"href":"http:\/\/blogs.lyceecfadumene.fr\/tyanheol\/wp-json\/wp\/v2\/users\/43"}],"replies":[{"embeddable":true,"href":"http:\/\/blogs.lyceecfadumene.fr\/tyanheol\/wp-json\/wp\/v2\/comments?post=1855"}],"version-history":[{"count":1,"href":"http:\/\/blogs.lyceecfadumene.fr\/tyanheol\/wp-json\/wp\/v2\/posts\/1855\/revisions"}],"predecessor-version":[{"id":3231,"href":"http:\/\/blogs.lyceecfadumene.fr\/tyanheol\/wp-json\/wp\/v2\/posts\/1855\/revisions\/3231"}],"wp:featuredmedia":[{"embeddable":true,"href":"http:\/\/blogs.lyceecfadumene.fr\/tyanheol\/wp-json\/wp\/v2\/media\/1857"}],"wp:attachment":[{"href":"http:\/\/blogs.lyceecfadumene.fr\/tyanheol\/wp-json\/wp\/v2\/media?parent=1855"}],"wp:term":[{"taxonomy":"category","embeddable":true,"href":"http:\/\/blogs.lyceecfadumene.fr\/tyanheol\/wp-json\/wp\/v2\/categories?post=1855"},{"taxonomy":"post_tag","embeddable":true,"href":"http:\/\/blogs.lyceecfadumene.fr\/tyanheol\/wp-json\/wp\/v2\/tags?post=1855"}],"curies":[{"name":"wp","href":"https:\/\/api.w.org\/{rel}","templated":true}]}}