{"id":177,"date":"2012-03-05T11:23:31","date_gmt":"2012-03-05T09:23:31","guid":{"rendered":"http:\/\/blogs.lyceecfadumene.fr\/sante\/2012\/03\/05\/journee-egalite-femmehomme\/"},"modified":"2013-11-27T14:51:18","modified_gmt":"2013-11-27T12:51:18","slug":"journee-egalite-femmehomme","status":"publish","type":"post","link":"http:\/\/blogs.lyceecfadumene.fr\/tyanheol\/2012\/03\/05\/journee-egalite-femmehomme\/","title":{"rendered":"Journ\u00e9e \u00e9galit\u00e9 femme\/homme"},"content":{"rendered":"<p><strong>Titre: <\/strong>journ\u00e9e \u00e9galit\u00e9 femme\/homme<br \/>\n<strong>Lieu: <\/strong>Lyc\u00e9e C.F.A. du Men\u00e9<br \/>\n<strong>Description: <\/strong>Journ\u00e9e organis\u00e9e par le lyc\u00e9e sur le th\u00e8me \u00ab\u00a0in\u00e9galit\u00e9s homme\/femme et discrimination\u00a0\u00bb.<br \/>\n<strong>Date: <\/strong>2012-03-15<\/p>\n","protected":false},"excerpt":{"rendered":"<p>Titre: journ\u00e9e \u00e9galit\u00e9 femme\/homme Lieu: Lyc\u00e9e C.F.A. du Men\u00e9 Description: Journ\u00e9e organis\u00e9e par le lyc\u00e9e sur le th\u00e8me \u00ab\u00a0in\u00e9galit\u00e9s homme\/femme et discrimination\u00a0\u00bb. Date: 2012-03-15<\/p>\n","protected":false},"author":43,"featured_media":0,"comment_status":"open","ping_status":"open","sticky":false,"template":"","format":"standard","meta":{"_jetpack_memberships_contains_paid_content":false,"footnotes":"","jetpack_publicize_message":"","jetpack_publicize_feature_enabled":true,"jetpack_social_post_already_shared":true,"jetpack_social_options":{"image_generator_settings":{"template":"highway","default_image_id":0,"font":"","enabled":false},"version":2}},"categories":[9203],"tags":[],"class_list":["post-177","post","type-post","status-publish","format-standard","hentry","category-sante"],"aioseo_notices":[],"jetpack_publicize_connections":[],"jetpack_featured_media_url":"","jetpack_shortlink":"https:\/\/wp.me\/p1SrOO-2R","jetpack_sharing_enabled":true,"_links":{"self":[{"href":"http:\/\/blogs.lyceecfadumene.fr\/tyanheol\/wp-json\/wp\/v2\/posts\/177","targetHints":{"allow":["GET"]}}],"collection":[{"href":"http:\/\/blogs.lyceecfadumene.fr\/tyanheol\/wp-json\/wp\/v2\/posts"}],"about":[{"href":"http:\/\/blogs.lyceecfadumene.fr\/tyanheol\/wp-json\/wp\/v2\/types\/post"}],"author":[{"embeddable":true,"href":"http:\/\/blogs.lyceecfadumene.fr\/tyanheol\/wp-json\/wp\/v2\/users\/43"}],"replies":[{"embeddable":true,"href":"http:\/\/blogs.lyceecfadumene.fr\/tyanheol\/wp-json\/wp\/v2\/comments?post=177"}],"version-history":[{"count":0,"href":"http:\/\/blogs.lyceecfadumene.fr\/tyanheol\/wp-json\/wp\/v2\/posts\/177\/revisions"}],"wp:attachment":[{"href":"http:\/\/blogs.lyceecfadumene.fr\/tyanheol\/wp-json\/wp\/v2\/media?parent=177"}],"wp:term":[{"taxonomy":"category","embeddable":true,"href":"http:\/\/blogs.lyceecfadumene.fr\/tyanheol\/wp-json\/wp\/v2\/categories?post=177"},{"taxonomy":"post_tag","embeddable":true,"href":"http:\/\/blogs.lyceecfadumene.fr\/tyanheol\/wp-json\/wp\/v2\/tags?post=177"}],"curies":[{"name":"wp","href":"https:\/\/api.w.org\/{rel}","templated":true}]}}