{"id":150,"date":"2012-04-22T23:10:17","date_gmt":"2012-04-22T21:10:17","guid":{"rendered":"http:\/\/blogs.lyceecfadumene.fr\/bacproap\/?p=150"},"modified":"2012-04-22T23:10:17","modified_gmt":"2012-04-22T21:10:17","slug":"les-term-a-p-debarquent-a-paris","status":"publish","type":"post","link":"http:\/\/blogs.lyceecfadumene.fr\/tyanheol\/2012\/04\/22\/les-term-a-p-debarquent-a-paris\/","title":{"rendered":"Les Term A.P d\u00e9barquent \u00e0 Paris"},"content":{"rendered":"<p>Apr\u00e8s avoir pass\u00e9 quelques heures dans le bus, nous sommes arriv\u00e9s \u00e0 Paris.<br \/>\nNous avons d\u00e9couvert la Seine \u00e0 bord d&rsquo;un bateau mouche, puis sommes all\u00e9s visiter le ch\u00e2teau de Versailles, ses jardins et ses grandes eaux.<br \/>\nLe temps ne nous \u00e9tait pas favorable et pour finir la journ\u00e9e la Tour Eiffel nous a illumin\u00e9s !<\/p>\n<p>Demain d\u00e9part pour Bruxelles<\/p>\n<p>&nbsp;<\/p>\n<p><a href=\"https:\/\/i0.wp.com\/blogs.lyceecfadumene.fr\/tyanheol\/files\/2012\/04\/IMG00574-20120422-12221.jpg?ssl=1\"><img data-recalc-dims=\"1\" loading=\"lazy\" decoding=\"async\" data-attachment-id=\"162\" data-permalink=\"http:\/\/blogs.lyceecfadumene.fr\/tyanheol\/2012\/04\/22\/les-term-a-p-debarquent-a-paris\/img00574-20120422-1222-2\/\" data-orig-file=\"https:\/\/i0.wp.com\/blogs.lyceecfadumene.fr\/tyanheol\/files\/2012\/04\/IMG00574-20120422-12221.jpg?fit=768%2C1024\" data-orig-size=\"768,1024\" data-comments-opened=\"1\" data-image-meta=\"{&quot;aperture&quot;:&quot;0&quot;,&quot;credit&quot;:&quot;&quot;,&quot;camera&quot;:&quot;BlackBerry 8520&quot;,&quot;caption&quot;:&quot;&quot;,&quot;created_timestamp&quot;:&quot;0&quot;,&quot;copyright&quot;:&quot;&quot;,&quot;focal_length&quot;:&quot;0&quot;,&quot;iso&quot;:&quot;0&quot;,&quot;shutter_speed&quot;:&quot;0&quot;,&quot;title&quot;:&quot;&quot;}\" data-image-title=\"IMG00574-20120422-1222\" data-image-description=\"\" data-image-caption=\"\" data-large-file=\"https:\/\/i0.wp.com\/blogs.lyceecfadumene.fr\/tyanheol\/files\/2012\/04\/IMG00574-20120422-12221.jpg?fit=604%2C805\" class=\"aligncenter size-medium wp-image-162\" src=\"https:\/\/i0.wp.com\/blogs.lyceecfadumene.fr\/tyanheol\/files\/2012\/04\/IMG00574-20120422-12221-225x300.jpg?resize=225%2C300&#038;ssl=1\" alt=\"\" width=\"225\" height=\"300\" srcset=\"https:\/\/i0.wp.com\/blogs.lyceecfadumene.fr\/tyanheol\/files\/2012\/04\/IMG00574-20120422-12221.jpg?resize=225%2C300 225w, https:\/\/i0.wp.com\/blogs.lyceecfadumene.fr\/tyanheol\/files\/2012\/04\/IMG00574-20120422-12221.jpg?resize=600%2C800 600w, https:\/\/i0.wp.com\/blogs.lyceecfadumene.fr\/tyanheol\/files\/2012\/04\/IMG00574-20120422-12221.jpg?w=768 768w\" sizes=\"auto, (max-width: 225px) 100vw, 225px\" \/><\/a><\/p>\n","protected":false},"excerpt":{"rendered":"<p>Apr\u00e8s avoir pass\u00e9 quelques heures dans le bus, nous sommes arriv\u00e9s \u00e0 Paris. Nous avons d\u00e9couvert la Seine \u00e0 bord d&rsquo;un bateau mouche, puis sommes all\u00e9s visiter le ch\u00e2teau de Versailles, ses jardins et ses grandes eaux. Le temps ne nous \u00e9tait pas favorable et pour finir la journ\u00e9e la Tour Eiffel nous a illumin\u00e9s &hellip; <a href=\"http:\/\/blogs.lyceecfadumene.fr\/tyanheol\/2012\/04\/22\/les-term-a-p-debarquent-a-paris\/\" class=\"more-link\">Continuer la lecture de <span class=\"screen-reader-text\">Les Term A.P d\u00e9barquent \u00e0 Paris<\/span> <span class=\"meta-nav\">&rarr;<\/span><\/a><\/p>\n","protected":false},"author":43,"featured_media":0,"comment_status":"open","ping_status":"open","sticky":false,"template":"","format":"standard","meta":{"_jetpack_memberships_contains_paid_content":false,"footnotes":"","jetpack_publicize_message":"","jetpack_publicize_feature_enabled":true,"jetpack_social_post_already_shared":true,"jetpack_social_options":{"image_generator_settings":{"template":"highway","default_image_id":0,"font":"","enabled":false},"version":2}},"categories":[13564],"tags":[],"class_list":["post-150","post","type-post","status-publish","format-standard","hentry","category-france"],"aioseo_notices":[],"jetpack_publicize_connections":[],"jetpack_featured_media_url":"","jetpack_shortlink":"https:\/\/wp.me\/p1SrOO-2q","jetpack_sharing_enabled":true,"_links":{"self":[{"href":"http:\/\/blogs.lyceecfadumene.fr\/tyanheol\/wp-json\/wp\/v2\/posts\/150","targetHints":{"allow":["GET"]}}],"collection":[{"href":"http:\/\/blogs.lyceecfadumene.fr\/tyanheol\/wp-json\/wp\/v2\/posts"}],"about":[{"href":"http:\/\/blogs.lyceecfadumene.fr\/tyanheol\/wp-json\/wp\/v2\/types\/post"}],"author":[{"embeddable":true,"href":"http:\/\/blogs.lyceecfadumene.fr\/tyanheol\/wp-json\/wp\/v2\/users\/43"}],"replies":[{"embeddable":true,"href":"http:\/\/blogs.lyceecfadumene.fr\/tyanheol\/wp-json\/wp\/v2\/comments?post=150"}],"version-history":[{"count":0,"href":"http:\/\/blogs.lyceecfadumene.fr\/tyanheol\/wp-json\/wp\/v2\/posts\/150\/revisions"}],"wp:attachment":[{"href":"http:\/\/blogs.lyceecfadumene.fr\/tyanheol\/wp-json\/wp\/v2\/media?parent=150"}],"wp:term":[{"taxonomy":"category","embeddable":true,"href":"http:\/\/blogs.lyceecfadumene.fr\/tyanheol\/wp-json\/wp\/v2\/categories?post=150"},{"taxonomy":"post_tag","embeddable":true,"href":"http:\/\/blogs.lyceecfadumene.fr\/tyanheol\/wp-json\/wp\/v2\/tags?post=150"}],"curies":[{"name":"wp","href":"https:\/\/api.w.org\/{rel}","templated":true}]}}